{"id":48580,"date":"2019-06-21T22:55:14","date_gmt":"2019-06-22T03:55:14","guid":{"rendered":"http:\/\/www.lospoliticosveracruz.com.mx\/?p=48580"},"modified":"2019-06-21T21:14:49","modified_gmt":"2019-06-22T02:14:49","slug":"mixtla-emergencia-nacional","status":"publish","type":"post","link":"https:\/\/lospoliticosveracruz.com.mx\/?p=48580","title":{"rendered":"Mixtla: Emergencia Nacional"},"content":{"rendered":"<p><strong>Brenda Caballero<\/strong><\/p>\n<p><em>N\u00fameros Rojos<\/em><\/p>\n<p>No conozco Mixtla de Altamirano. Lo m\u00e1s cerca que he pasado de ese municipio ha sido Ixtaczoquitl\u00e1n, aunque tengo entendido que est\u00e1 ubicado en la zona serrana del centro del estado. Colinda con Zongolica, Tehuipango,Texhuacan, Astacinga y Tlaquilpan, municipios considerados altamente marginados.<\/p>\n<p>El \u00faltimo recuerdo que conservo de Mixtla, es su alcaldesa Maricela Vallejo Orea, la joven con apenas 27 a\u00f1os que se par\u00f3 de manera valiente frente al micr\u00f3fono y dio un discurso en defensa de las mujeres en el evento organizado por Gobierno del Estado para presentar la estrategia Cero Tolerancia contra la Violencia de Mujeres y Ni\u00f1as.\u00a0 Su discurso reflej\u00f3 sin duda lo que viven los habitantes de esa zona, en especial las mujeres que siguen siendo violentadas. Meses despu\u00e9s, la noticia difundida era terrible: la hab\u00edan asesinado junto con su esposo y chofer.<\/p>\n<p>Seg\u00fan la toponimia, el nombre de Mixtla de Altamirano viene del n\u00e1huatl Mixtli, (nube) y tlan (abundancia) lo que significa \u201cLugar de nubes abundantes\u201d; otros refieren que su significado es el de Mixkoatl, \u201cdios de pueblos cazadores recolectores, m\u00e1s conocido por chichimecas, indios b\u00e1rbaros, o sea bravos y salvajes\u201d. Altamirano es en honor del escritor Ignacio Manuel Altamirano.<\/p>\n<p>El municipio es peque\u00f1o, apenas con 66.37 km2, y representa el 0.09 por ciento de la superficie total del estado.<\/p>\n<p>Seg\u00fan datos de la p\u00e1gina\u00a0<a href=\"https:\/\/mexico.pueblosamerica.com\/i\/mixtla-de-altamirano\/\">https:\/\/mexico.pueblosamerica.com\/i\/mixtla-de-altamirano\/<\/a>actualizados al a\u00f1o 2019, el municipio tiene 446 habitantes que viven en 130 viviendas. No tiene centros tur\u00edsticos y sus habitantes viven de la agricultura y la ganader\u00eda. A\u00fan as\u00ed \u00bfdeber\u00eda desaparecer Mixtla de Altamirano?<\/p>\n<p>Mi pregunta radica en la controversia que se ha generado por diversos medios de comunicaci\u00f3n, estatales y nacionales, por la solicitud del gobernador Cuitl\u00e1huac Garc\u00eda Jim\u00e9nez para \u201cla desaparici\u00f3n\u201d de Mixtla de Altamirano. Algunos manejaron \u201cAyuntamiento\u201d y otros \u201cMunicipio\u201d, pero no es lo mismo Juana que Chana, aunque los medios y nosotros a veces los manejemos como sin\u00f3nimos.<\/p>\n<p>La Ley Org\u00e1nica del Municipio Libre para el Estado de Veracruz lo aclara. Primero, hablando del Municipio, su cap\u00edtulo II hace referencia a la creaci\u00f3n, supresi\u00f3n y fusi\u00f3n de municipios y en su art\u00edculo 7 dice: \u201cCuando no se re\u00fanan los requisitos del art\u00edculo anterior se podr\u00e1 suprimir un Municipio, en cuyo caso \u00e9ste pasar\u00e1 a formar parte de uno o m\u00e1s municipios vecinos\u201d.<\/p>\n<p>Los requisitos a los que hace referencia este art\u00edculo, son los del art\u00edculo 6 que dice textualmente: \u201cPara crear un nuevo municipio se deber\u00e1n satisfacer los requisitos siguientes: I. Contar con una poblaci\u00f3n mayor de veinticinco mil habitantes; II. Disponer de los recursos econ\u00f3micos suficientes para cubrir las erogaciones que demande la administraci\u00f3n municipal y para prestar los servicios p\u00fablicos municipales; III. Que la cabecera municipal cuente con: locales adecuados para la instalaci\u00f3n de oficinas p\u00fablicas, infraestructura urbana y medios de comunicaci\u00f3n con las poblaciones circunvecinas; y IV. Contar con reservas territoriales suficientes para satisfacer las necesidades de la poblaci\u00f3n\u201d.<\/p>\n<p>De acuerdo a lo anterior, Mixtla de Altamirano deber\u00eda de desaparecer, pero no solamente \u00e9ste, sino todo los municipios de Veracruz que no re\u00fanen dichos requisitos de Ley, y sin lugar a dudas hay varios que ya no tienen 25 mil habitantes; sin embargo, esto representar\u00eda, entre otros datos, menos participaciones federales.<\/p>\n<p>Pero la petici\u00f3n del gobernador radica en la desaparici\u00f3n del Ayuntamiento se\u00f1alado en el cap\u00edtulo III de la Ley Org\u00e1nica del Municipio Libre para el Estado de Veracruz que refiere a la suspensi\u00f3n y declaraci\u00f3n de desaparici\u00f3n de los Ayuntamientos que en su art\u00edculo 130, fracci\u00f3n primera que textualmente dice: \u201cSon causas graves para que se declare desaparecido un Ayuntamiento: I. Que se haya perdido el orden y la paz p\u00fablica del Municipio y hace espec\u00edficamente referencia a la inseguridad\u201d, para crear un Concejo Municipal. Volviendo a la ley, tambi\u00e9n otros Ayuntamientos en el estado tendr\u00edan que suspenderse.<\/p>\n<p>En pocas palabras, el caso de Mixtla de Altamirano tiene un tinte pol\u00edtico. Pero \u00bfen verdad a alguien le interesan sus habitantes? Lo dudo, pues de interesarse en ellos no habr\u00eda pasado inadvertido el reporte proporcionado por el PNUD M\u00e9xico 2018 y Human Development indices and Indicator: 2018 Statitical update disponible en la p\u00e1gina\u00a0<a href=\"http:\/\/hdr.undp.org\/en\/2018-update\">http:\/\/hdr.undp.org\/en\/2018-update<\/a>\u00a0que muestra a Mixtla de Altamirano con menor \u00edndice de desarrollo humano municipal en 2015 y su comparaci\u00f3n con Malawi, un pa\u00eds al sureste de \u00c1frica que vive una actual situaci\u00f3n de emergencia humanitaria de acuerdo a la Unicef. Mixtla de Altamirano tiene 0.471 y Malawi 0.470. Es decir, que las condiciones de sus habitantes en salud, educaci\u00f3n y nivel de vida, son extremas. Eso es lo que deber\u00edan estar discutiendo nuestros diputados y el Gobernador, la emergencia del Municipio y no la desaparici\u00f3n del Ayuntamiento.<\/p>\n<p>&nbsp;<\/p>\n<p><a href=\"mailto:caballero_brenda@hotmail.com\">caballero_brenda@hotmail.com<\/a><\/p>\n<p>@NumerosRojos_BC<\/p>\n","protected":false},"excerpt":{"rendered":"<p>Brenda Caballero N\u00fameros Rojos No conozco Mixtla de Altamirano. Lo m\u00e1s cerca que he pasado de ese municipio ha sido Ixtaczoquitl\u00e1n, aunque tengo entendido que est\u00e1 ubicado en la zona serrana del centro del estado. Colinda con Zongolica, Tehuipango,Texhuacan, Astacinga y Tlaquilpan, municipios considerados altamente marginados. El \u00faltimo recuerdo que conservo de Mixtla, es su [&hellip;]<\/p>\n","protected":false},"author":2,"featured_media":48581,"comment_status":"open","ping_status":"open","sticky":false,"template":"","format":"standard","meta":{"_jetpack_newsletter_access":"","_jetpack_dont_email_post_to_subs":false,"_jetpack_newsletter_tier_id":0,"_jetpack_memberships_contains_paywalled_content":false,"_jetpack_memberships_contains_paid_content":false,"footnotes":""},"categories":[70],"tags":[14817,1563,14818,8301,14820,14581,5838,14819,14086,14814,14816],"class_list":["post-48580","post","type-post","status-publish","format-standard","has-post-thumbnail","hentry","category-de-opinion","tag-cero-tolerancia-contra-la-violencia-de-mujeres-y-ninas","tag-cuitlahuac-garcia-jimenez","tag-ignacio-manuel-altamirano","tag-ley-organica-de-municipio-libre","tag-malawi","tag-maricela-vallejo-orea","tag-mixtla-de-altamirano","tag-municipio-libre","tag-tehuipango","tag-texhuacan","tag-tlaquilpan"],"jetpack_featured_media_url":"https:\/\/lospoliticosveracruz.com.mx\/wp-content\/uploads\/2019\/06\/Mixtla.jpg","jetpack_sharing_enabled":true,"jetpack_shortlink":"https:\/\/wp.me\/p4Qcd3-cDy","_links":{"self":[{"href":"https:\/\/lospoliticosveracruz.com.mx\/index.php?rest_route=\/wp\/v2\/posts\/48580","targetHints":{"allow":["GET"]}}],"collection":[{"href":"https:\/\/lospoliticosveracruz.com.mx\/index.php?rest_route=\/wp\/v2\/posts"}],"about":[{"href":"https:\/\/lospoliticosveracruz.com.mx\/index.php?rest_route=\/wp\/v2\/types\/post"}],"author":[{"embeddable":true,"href":"https:\/\/lospoliticosveracruz.com.mx\/index.php?rest_route=\/wp\/v2\/users\/2"}],"replies":[{"embeddable":true,"href":"https:\/\/lospoliticosveracruz.com.mx\/index.php?rest_route=%2Fwp%2Fv2%2Fcomments&post=48580"}],"version-history":[{"count":1,"href":"https:\/\/lospoliticosveracruz.com.mx\/index.php?rest_route=\/wp\/v2\/posts\/48580\/revisions"}],"predecessor-version":[{"id":48582,"href":"https:\/\/lospoliticosveracruz.com.mx\/index.php?rest_route=\/wp\/v2\/posts\/48580\/revisions\/48582"}],"wp:featuredmedia":[{"embeddable":true,"href":"https:\/\/lospoliticosveracruz.com.mx\/index.php?rest_route=\/wp\/v2\/media\/48581"}],"wp:attachment":[{"href":"https:\/\/lospoliticosveracruz.com.mx\/index.php?rest_route=%2Fwp%2Fv2%2Fmedia&parent=48580"}],"wp:term":[{"taxonomy":"category","embeddable":true,"href":"https:\/\/lospoliticosveracruz.com.mx\/index.php?rest_route=%2Fwp%2Fv2%2Fcategories&post=48580"},{"taxonomy":"post_tag","embeddable":true,"href":"https:\/\/lospoliticosveracruz.com.mx\/index.php?rest_route=%2Fwp%2Fv2%2Ftags&post=48580"}],"curies":[{"name":"wp","href":"https:\/\/api.w.org\/{rel}","templated":true}]}}