{"id":48583,"date":"2019-06-22T14:35:59","date_gmt":"2019-06-22T19:35:59","guid":{"rendered":"http:\/\/www.lospoliticosveracruz.com.mx\/?p=48583"},"modified":"2019-06-22T14:35:59","modified_gmt":"2019-06-22T19:35:59","slug":"en-veracruz-la-4t-es-una-falacia","status":"publish","type":"post","link":"https:\/\/lospoliticosveracruz.com.mx\/?p=48583","title":{"rendered":"En Veracruz, la 4T es una falacia"},"content":{"rendered":"<p><b>Ricardo Ch\u00faa<\/b><\/p>\n<p><i>Sale y Vale<\/i><\/p>\n<p>LA FALACIA&#8230; Son ya 112 empresas a lo largo y ancho de la entidad veracruzana que han entrado en recesi\u00f3n y otras est\u00e1n cerrando por la inseguridad que prevalece en el Estado&#8230; Seg\u00fan c\u00e1lculos, de continuar con esta contracci\u00f3n econ\u00f3mica ser\u00e1n alrededor de 7 mil empleos m\u00e1s que se pueden perder por el posible cierra de las mismas&#8230; Pero bueno el Gobierno Federal y Estatal lo van a resolver con apoyos sociales y becas&#8230; La productividad no importa, no es un algo electorero, es \u00abFif\u00ed\u00bb&#8230; Acaso Cuitl\u00e1huac Garc\u00eda ha dicho algo al respecto&#8230;<\/p>\n<p>Pero en Veracruz que nos puede importar&#8230; Si el gobierno estatal aplaude el apoyo de Presidencial con 30 millones de d\u00f3lares a una naci\u00f3n extranjera como \u00abmedida humanitaria\u00bb, jam\u00e1s obligada por Trump&#8230; Sin que Cuitl\u00e1huac le exija a L\u00f3pez Obrador que ayude a sus \u00abpaisanos\u00bb veracruzanos, de los cuales el 66 por ciento viven en la pobreza extrema y en donde la generaci\u00f3n de empleos se desploma en un 88 por ciento como en todo el pa\u00eds y con una inseguridad incontrolable en el Estado&#8230;<\/p>\n<p>Finalmente, c\u00f3mo el Gobernador puede \u00abreclamar\u00bb al Presidente&#8230; Si este lo \u00abRESPALDA\u00bb en visitas hechas a la entidad porque su gobierno da \u00abtumbos\u00bb&#8230; Cuitl\u00e1huac no le queda otra que aguantar \u00abmetralla\u00bb de los alcaldes que exigen por lo menos una obra o un peso invertido en su municipio&#8230; Como el Chiquinando del puerto de Veracruz&#8230; Pero si no quiere a Winckler a un Yunes azul menos&#8230; Es el \u00abentreg\u00fcismo\u00bb total al \u00abTlatoani\u00bb&#8230; Al estilo del viejo PRI&#8230; En Veracruz la Cuarta Transformaci\u00f3n\u00bb es falacia&#8230; S\u00f3lo discursos jam\u00e1s al hecho&#8230; TAN, TAN&#8230;<\/p>\n<p>JUSTICIA POLITIZADA&#8230; El gobernador, Cuitl\u00e1huac Garc\u00eda Jim\u00e9nez est\u00e1 pidiendo al Congreso Local la desaparici\u00f3n de poder en el municipio de Mixtla, ya que ah\u00ed se ha perdido la GOBERNABILIDAD Y ESTADO DE DERECHO en esta regi\u00f3n&#8230; Albricias&#8230; El mandatario ha dado en el \u00abclavo\u00bb de lo que est\u00e1 pasando en su gobierno, dentro del territorio que es ejecutivo estatal&#8230; Pero si eso lo pide con el ayuntamiento enclavado en la sierra de Zongolica&#8230; \u00bfQu\u00e9 ira a pasar con otras regiones del Estado?&#8230;<\/p>\n<p>Acaso el Gobernador se ATREVER\u00c1 a pedir tambi\u00e9n a diputados locales de MORENA, que DESAPAREZCAN poderes en los ayuntamientos de Coatzacoalcos, Minatitlan, Xalapa, Poza Rica (todos gobernados por alcaldes emanados de su partido) porque en estos municipios tambi\u00e9n hay ingobernabilidad y el Estado de Derecho no existe porque la delincuencia se ha apoderado de todos estos sitios&#8230; Y no pueden decir que no a los oriundos de ah\u00ed&#8230;. Son \u00abCIUDADES FANTASMAS\u00bb&#8230; \u00bfAcaso mentimos?&#8230;<\/p>\n<p>Si bien es cierto en Mixtla ocurri\u00f3 un lamentable hecho violento donde asesinaron a la alcaldesa y marido&#8230; Y la esposa de su suplente, presuntamente fue qui\u00e9n la amenaz\u00f3 de que dejar\u00e1 el cargo y ella no quiso&#8230; Y si, toda muerte violenta es lamentable&#8230; Pero que no venga el Gobierno del Estado de \u00abquerer vender pi\u00f1as a H\u00e9rdez\u00bb y no APLICAR LA MISMA MEDIDA con Minattiilan, Coatzacoalcos, Poza Rica y hasta Xalapa&#8230; Si ah\u00ed han ocurrido masacres y los alcaldes como si nada&#8230; Protegidos por MORENA&#8230;<\/p>\n<p>Aqu\u00ed en este espacio no se est\u00e1 quitando culpas a nadie por el caso de Mixtla&#8230; Pero la masacre de la colonia Obrera en Minatitlan hace dos meses, fue la muestra de la ingobernabilidad por la inseguridad que se vive en Veracruz&#8230; Hasta tuvieron que traer a la Guardia Nacional que no estaba ni legalmente en funciones para operar en este municipio.. Y el resultado fue que una semana despu\u00e9s estos elementos se vieron involucrados en una balacera con elementos de la Fuerza Civil en un pleito entre borrachos en una cantina en esta ciudad&#8230;<\/p>\n<p>As\u00ed que por ah\u00ed no va&#8230; Ya que Nicol\u00e1s Reyes, el alcalde de Minatitlan, no sab\u00eda ni que decir cuando la masacre de la Obrera&#8230; Ah\u00ed sigue despachando tranquilamente&#8230; Ni una llamada de atenci\u00f3n o exhorto del gobernador a su gobierno&#8230; Y los diputados locales, pues, pa qu\u00e9 le iban a decir algo&#8230; De Coatzacoalcos donde los cr\u00edmenes y secuestros de alto impacto est\u00e1n a la orden del d\u00eda&#8230; Y no pasa nada&#8230; Cuitl\u00e1huac va al municipio pero ni un reclamo, ni un llamado de atenci\u00f3n, para que por lo menos la ciudadan\u00eda diga que est\u00e1n trabajando&#8230;<\/p>\n<p>Vamos el alcalde, V\u00edctor Carranza ha sido enfrentado por sus ciudadanos que es un \u00abdemagogo\u00bb porque dice que impondr\u00e1 operativos y estos simplemente no funcionan&#8230; Ah\u00ed est\u00e1n los reclamos por lo sucedido a la empresaria, Susana Carrera, secuestrada y ejecutada de manera tr\u00e1gica&#8230;Pero como el alcalde de Coatzacoalcos es \u00abcompadre\u00bb de Rocio Nahle, ni con un \u00abpetalo de rosa\u00bb lo toca Cuitl\u00e1huac Garc\u00eda&#8230; Ya la titular de SENER fue a placearse con \u00e9l hace unos d\u00edas&#8230; Y ayer dice que est\u00e1 haciendo bien su trabajo&#8230; Qui\u00e9n va a creer eso&#8230;<\/p>\n<p>Ya hablar de Poza Rica o Xalapa es tocar de nuevo lo mismo&#8230; Todo el estado se encuentra infestado por la inseguridad&#8230; Pero como ahora al Gobernador se le OCURRI\u00d3 la idea o fue su peor enemigo el que se la recomend\u00f3, de querer desaparecer poderes en un municipio como Mixtla&#8230; Donde gobernaba MORENA y donde este hecho del asesinato de la alcaldesa desat\u00f3 este tema.. Mientras que las masacres en los otros ayuntamientos Morenos&#8230; Ni siquiera les advirti\u00f3 que podr\u00edan desaparecerles poderes&#8230; \u00bfSe toma o no como pol\u00edtico?&#8230;<\/p>\n<p>El asunto ya se torn\u00f3 grave para la figura de Cuitl\u00e1huac Garc\u00eda como gobernador&#8230; Ya que partidos pol\u00edticos de oposici\u00f3n y entes de la sociedad civil est\u00e1n comentando que el tema es pol\u00edtico&#8230; Que si bien autoridades de Mixtla pueden estar envueltas en un crimen, pero no han ocurrido masacres como Minatitlan, asesinatos como Coatzacoslcos, secuestros o ejecuciones como en Orizaba, R\u00edo Blanco o Ciudad Mendoza&#8230; Como para no proceder en consecuencia contra las autoridades locales que no mantienen gobernabilidad&#8230;.<\/p>\n<p>Por eso el tema Mixtla est\u00e1 bajo sospecha&#8230; De un pol\u00edtico de MORENA que tiene la investidura de gobernador, tal como lo mencionamos en este espacio, y que ahora intenta darle un escarmiento a autoridades que salieron de las siglas del PAN&#8230; Y como no se habla con el Fiscal, Jorge Winckler&#8230; Nadie sabe a ciencia cierta que ocurri\u00f3 con ese crimen y la especulaci\u00f3n gan\u00f3 el espacio en medios y en la sociedad&#8230; El mismo gobernador \u00abpolitiz\u00f3 la justicia\u00bb&#8230;<\/p>\n<p>Y m\u00e1s ahora que acaba de ocurrir por Omealca, el asesinato del ex candidato a la alcald\u00eda de Tezonapa, Efra\u00edn Garcia Zavala, que militaba en PVEM (partido ligado a MORENA), que tambi\u00e9n fue candidato a diputado local por Zongolica el a\u00f1o pasado&#8230; El cual se encontraba desaparecido desde el jueves por la noche y fue encontrado con tiro en la cabeza ayer antes de las 12:00 horas&#8230; Este crimen puede \u00abservir de mucho\u00bb a que la petici\u00f3n de desaparecer poderes en Mixtla se lleve a cabo&#8230; Al cabo el asesinato fue por la zona \u00bfo no?&#8230; AMEN&#8230;<\/p>\n","protected":false},"excerpt":{"rendered":"<p>Ricardo Ch\u00faa Sale y Vale LA FALACIA&#8230; Son ya 112 empresas a lo largo y ancho de la entidad veracruzana que han entrado en recesi\u00f3n y otras est\u00e1n cerrando por la inseguridad que prevalece en el Estado&#8230; Seg\u00fan c\u00e1lculos, de continuar con esta contracci\u00f3n econ\u00f3mica ser\u00e1n alrededor de 7 mil empleos m\u00e1s que se pueden [&hellip;]<\/p>\n","protected":false},"author":2,"featured_media":47936,"comment_status":"open","ping_status":"open","sticky":false,"template":"","format":"standard","meta":{"_jetpack_newsletter_access":"","_jetpack_dont_email_post_to_subs":false,"_jetpack_newsletter_tier_id":0,"_jetpack_memberships_contains_paywalled_content":false,"_jetpack_memberships_contains_paid_content":false,"footnotes":""},"categories":[70],"tags":[371,1681,196,373,5838,195,96],"class_list":["post-48583","post","type-post","status-publish","format-standard","has-post-thumbnail","hentry","category-de-opinion","tag-coatzacoalcos","tag-cuitlahuac-garcia","tag-inseguridad","tag-minatitlan","tag-mixtla-de-altamirano","tag-veracruz","tag-xalapa"],"jetpack_featured_media_url":"https:\/\/lospoliticosveracruz.com.mx\/wp-content\/uploads\/2019\/04\/Cuitlahuac.jpeg","jetpack_sharing_enabled":true,"jetpack_shortlink":"https:\/\/wp.me\/p4Qcd3-cDB","_links":{"self":[{"href":"https:\/\/lospoliticosveracruz.com.mx\/index.php?rest_route=\/wp\/v2\/posts\/48583","targetHints":{"allow":["GET"]}}],"collection":[{"href":"https:\/\/lospoliticosveracruz.com.mx\/index.php?rest_route=\/wp\/v2\/posts"}],"about":[{"href":"https:\/\/lospoliticosveracruz.com.mx\/index.php?rest_route=\/wp\/v2\/types\/post"}],"author":[{"embeddable":true,"href":"https:\/\/lospoliticosveracruz.com.mx\/index.php?rest_route=\/wp\/v2\/users\/2"}],"replies":[{"embeddable":true,"href":"https:\/\/lospoliticosveracruz.com.mx\/index.php?rest_route=%2Fwp%2Fv2%2Fcomments&post=48583"}],"version-history":[{"count":1,"href":"https:\/\/lospoliticosveracruz.com.mx\/index.php?rest_route=\/wp\/v2\/posts\/48583\/revisions"}],"predecessor-version":[{"id":48584,"href":"https:\/\/lospoliticosveracruz.com.mx\/index.php?rest_route=\/wp\/v2\/posts\/48583\/revisions\/48584"}],"wp:featuredmedia":[{"embeddable":true,"href":"https:\/\/lospoliticosveracruz.com.mx\/index.php?rest_route=\/wp\/v2\/media\/47936"}],"wp:attachment":[{"href":"https:\/\/lospoliticosveracruz.com.mx\/index.php?rest_route=%2Fwp%2Fv2%2Fmedia&parent=48583"}],"wp:term":[{"taxonomy":"category","embeddable":true,"href":"https:\/\/lospoliticosveracruz.com.mx\/index.php?rest_route=%2Fwp%2Fv2%2Fcategories&post=48583"},{"taxonomy":"post_tag","embeddable":true,"href":"https:\/\/lospoliticosveracruz.com.mx\/index.php?rest_route=%2Fwp%2Fv2%2Ftags&post=48583"}],"curies":[{"name":"wp","href":"https:\/\/api.w.org\/{rel}","templated":true}]}}