{"id":48593,"date":"2019-06-23T15:59:45","date_gmt":"2019-06-23T20:59:45","guid":{"rendered":"http:\/\/www.lospoliticosveracruz.com.mx\/?p=48593"},"modified":"2019-06-23T16:00:25","modified_gmt":"2019-06-23T21:00:25","slug":"caen-dos-en-jardines-de-xalapa-que-matan-a-uno","status":"publish","type":"post","link":"https:\/\/lospoliticosveracruz.com.mx\/?p=48593","title":{"rendered":"Caen dos en Jardines de Xalapa que matan a uno"},"content":{"rendered":"<p><strong><span data-originalfontsize=\"12pt\" data-originalcomputedfontsize=\"16\"><a href=\"http:\/\/www.lospoliticosveracruz.com.mx\/wp-content\/uploads\/2019\/06\/100CD67F-283E-4B01-A2EC-0E7C1994F15B.jpeg\"><img loading=\"lazy\" decoding=\"async\" class=\"aligncenter size-full wp-image-48594\" src=\"http:\/\/www.lospoliticosveracruz.com.mx\/wp-content\/uploads\/2019\/06\/100CD67F-283E-4B01-A2EC-0E7C1994F15B.jpeg\" alt=\"100CD67F-283E-4B01-A2EC-0E7C1994F15B\" width=\"791\" height=\"1024\" srcset=\"https:\/\/lospoliticosveracruz.com.mx\/wp-content\/uploads\/2019\/06\/100CD67F-283E-4B01-A2EC-0E7C1994F15B.jpeg 791w, https:\/\/lospoliticosveracruz.com.mx\/wp-content\/uploads\/2019\/06\/100CD67F-283E-4B01-A2EC-0E7C1994F15B-232x300.jpeg 232w\" sizes=\"auto, (max-width: 791px) 100vw, 791px\" \/><\/a><a href=\"http:\/\/www.lospoliticosveracruz.com.mx\/wp-content\/uploads\/2019\/06\/87B294B5-A48C-41DF-BB6C-9C06B212912F.jpeg\"><img loading=\"lazy\" decoding=\"async\" class=\"aligncenter size-full wp-image-48595\" src=\"http:\/\/www.lospoliticosveracruz.com.mx\/wp-content\/uploads\/2019\/06\/87B294B5-A48C-41DF-BB6C-9C06B212912F.jpeg\" alt=\"87B294B5-A48C-41DF-BB6C-9C06B212912F\" width=\"791\" height=\"1024\" srcset=\"https:\/\/lospoliticosveracruz.com.mx\/wp-content\/uploads\/2019\/06\/87B294B5-A48C-41DF-BB6C-9C06B212912F.jpeg 791w, https:\/\/lospoliticosveracruz.com.mx\/wp-content\/uploads\/2019\/06\/87B294B5-A48C-41DF-BB6C-9C06B212912F-232x300.jpeg 232w\" sizes=\"auto, (max-width: 791px) 100vw, 791px\" \/><\/a><\/span><\/strong><span data-originalfontsize=\"12pt\" data-originalcomputedfontsize=\"16\">Elementos de la Secretar\u00eda de Seguridad P\u00fabica (SSP), adscritos a la Polic\u00eda Estatal, detuvieron a Juan Manuel \u201cN\u201d y \u201cAlberto \u201cN\u201d; se\u00f1alados por el presunto delito de homicidio en la colonia El Mirador, de esta ciudad.<\/span><\/p>\n<p><span data-originalfontsize=\"12pt\" data-originalcomputedfontsize=\"16\">Mediante una llamada al 911 se inform\u00f3 sobre el hecho, por lo que oficiales activaron las acciones correspondientes; localizando a los sujetos en el fraccionamiento Jardines de Xalapa a bordo de un Nissan Tsuru habilitado como taxi, placas A419XDT y n\u00famero econ\u00f3mico XL-8365.<\/span><\/p>\n<p><span data-originalfontsize=\"12pt\" data-originalcomputedfontsize=\"16\">Con estricto apego a la ley fueron aprehendidos y quedaron a disposici\u00f3n de las autoridades correspondientes para las investigaciones necesarias.<\/span><\/p>\n<p><span data-originalfontsize=\"12pt\" data-originalcomputedfontsize=\"16\">Estas acciones forman parte del programa \u201cUnidos para la Construcci\u00f3n de la Paz\u201d, en el que participan las secretar\u00edas de la Defensa Nacional (SEDENA), de Marina-Armada de M\u00e9xico (SEMAR) y Seguridad P\u00fablica, junto con la Guardia Nacional y la Polic\u00eda Federal.<\/span><\/p>\n","protected":false},"excerpt":{"rendered":"<p>Elementos de la Secretar\u00eda de Seguridad P\u00fabica (SSP), adscritos a la Polic\u00eda Estatal, detuvieron a Juan Manuel \u201cN\u201d y \u201cAlberto \u201cN\u201d; se\u00f1alados por el presunto delito de homicidio en la colonia El Mirador, de esta ciudad. Mediante una llamada al 911 se inform\u00f3 sobre el hecho, por lo que oficiales activaron las acciones correspondientes; localizando [&hellip;]<\/p>\n","protected":false},"author":2,"featured_media":48596,"comment_status":"open","ping_status":"open","sticky":false,"template":"","format":"standard","meta":{"_jetpack_newsletter_access":"","_jetpack_dont_email_post_to_subs":false,"_jetpack_newsletter_tier_id":0,"_jetpack_memberships_contains_paywalled_content":false,"_jetpack_memberships_contains_paid_content":false,"footnotes":""},"categories":[73],"tags":[14829,8712,2536,177,96],"class_list":["post-48593","post","type-post","status-publish","format-standard","has-post-thumbnail","hentry","category-de-boleto","tag-el-mirador","tag-homicidas","tag-jardines-de-xalapa","tag-seguridad-publica","tag-xalapa"],"jetpack_featured_media_url":"https:\/\/lospoliticosveracruz.com.mx\/wp-content\/uploads\/2019\/06\/04F4B04B-BD27-44E3-B8F2-05F91A5598E8.jpeg","jetpack_sharing_enabled":true,"jetpack_shortlink":"https:\/\/wp.me\/p4Qcd3-cDL","_links":{"self":[{"href":"https:\/\/lospoliticosveracruz.com.mx\/index.php?rest_route=\/wp\/v2\/posts\/48593","targetHints":{"allow":["GET"]}}],"collection":[{"href":"https:\/\/lospoliticosveracruz.com.mx\/index.php?rest_route=\/wp\/v2\/posts"}],"about":[{"href":"https:\/\/lospoliticosveracruz.com.mx\/index.php?rest_route=\/wp\/v2\/types\/post"}],"author":[{"embeddable":true,"href":"https:\/\/lospoliticosveracruz.com.mx\/index.php?rest_route=\/wp\/v2\/users\/2"}],"replies":[{"embeddable":true,"href":"https:\/\/lospoliticosveracruz.com.mx\/index.php?rest_route=%2Fwp%2Fv2%2Fcomments&post=48593"}],"version-history":[{"count":2,"href":"https:\/\/lospoliticosveracruz.com.mx\/index.php?rest_route=\/wp\/v2\/posts\/48593\/revisions"}],"predecessor-version":[{"id":48598,"href":"https:\/\/lospoliticosveracruz.com.mx\/index.php?rest_route=\/wp\/v2\/posts\/48593\/revisions\/48598"}],"wp:featuredmedia":[{"embeddable":true,"href":"https:\/\/lospoliticosveracruz.com.mx\/index.php?rest_route=\/wp\/v2\/media\/48596"}],"wp:attachment":[{"href":"https:\/\/lospoliticosveracruz.com.mx\/index.php?rest_route=%2Fwp%2Fv2%2Fmedia&parent=48593"}],"wp:term":[{"taxonomy":"category","embeddable":true,"href":"https:\/\/lospoliticosveracruz.com.mx\/index.php?rest_route=%2Fwp%2Fv2%2Fcategories&post=48593"},{"taxonomy":"post_tag","embeddable":true,"href":"https:\/\/lospoliticosveracruz.com.mx\/index.php?rest_route=%2Fwp%2Fv2%2Ftags&post=48593"}],"curies":[{"name":"wp","href":"https:\/\/api.w.org\/{rel}","templated":true}]}}