{"id":48668,"date":"2019-07-01T08:58:30","date_gmt":"2019-07-01T13:58:30","guid":{"rendered":"http:\/\/www.lospoliticosveracruz.com.mx\/?p=48668"},"modified":"2019-07-01T08:58:30","modified_gmt":"2019-07-01T13:58:30","slug":"mexico-no-es-asi","status":"publish","type":"post","link":"https:\/\/lospoliticosveracruz.com.mx\/?p=48668","title":{"rendered":"M\u00e9xico no es as\u00ed"},"content":{"rendered":"<p><strong>Felipe de Jes\u00fas Fern\u00e1ndez Basilio<\/strong><\/p>\n<p><em>Desde A Janela<\/em><\/p>\n<p>Estamos ante la que acaso sea la peor crisis migratoria en la historia debido a la inmensa cantidad de personas que abandonan su hogar para buscar en otro lugar una vida mejor que la que llevan a este este momento en sus lugares de origen.<\/p>\n<p>En alguna otra ocasi\u00f3n ya se hab\u00eda comentado en este espacio que las condiciones de vida deben de ser tan deplorables para obligar no solo a individuos sino a familias enteras a abandonar sus pocas pertenencias y a lanzarse a la aventura sorteando todo tipo de peligros, los cuales son conocidos por ellos, pero son preferibles a seguir soportando la existencia en sus pa\u00edses de origen, de hecho queridos lectores con certeza puedo decir que nosotros no podemos siquiera imaginar las condiciones que obligan a tomar semejante decisi\u00f3n.<\/p>\n<p>Y ello es as\u00ed, porque todav\u00eda resulta comprensible que un individuo emigre para ganar m\u00e1s dinero o para estudiar o porque prefiera vivir en otro lugar mas no lo es tanto que familias completas con ni\u00f1os de brazos se expongan a los peligros y a las penurias de una migraci\u00f3n y ello solo lleva a pensar a que esas personas est\u00e1n huyendo de un verdadero infierno.<\/p>\n<p>M\u00e1s por azares de la geograf\u00eda que de cualquier otra cosa, mucha de esa migraci\u00f3n tiene que pasar por M\u00e9xico debido a la vecindad que tenemos con uno de los polos mundiales de atracci\u00f3n de migrantes, los Estados Unidos de Am\u00e9rica y es que solo basta con ver un mapa para comprender por qu\u00e9 M\u00e9xico es la v\u00eda de paso id\u00f3nea para llegar a ese pa\u00eds.<\/p>\n<p>Y en menor escala tambi\u00e9n M\u00e9xico ha sido un pa\u00eds que atrae a migrantes, ya que aparte de que es un buen lugar para vivir y desarrollarse tambi\u00e9n su pueblo ha sido muy hospitalario con quienes llegan de fuera a probar fortuna y a\u00fan m\u00e1s con quienes llegan huyendo del terror que viven en los pa\u00edses de donde son nativos.<\/p>\n<p>M\u00e9xico siempre se ha caracterizado por recibir con los brazos abiertos a los migrantes que han llegado a nuestro pa\u00eds huyendo de la pobreza, la opresi\u00f3n y de la tiran\u00eda e incluso ha acogido a quienes primero llegaron en son de guerra y despu\u00e9s prefirieron quedarse a probar fortuna que volver a la pobreza en sus pa\u00edses; tal y como fue el caso de muchos franceses, belgas y austroh\u00fangaros en el siglo XIX o de los espa\u00f1oles de la expedici\u00f3n de Barradas tambi\u00e9n en esa centuria.<\/p>\n<p>Tampoco podemos olvidar que siempre se recibi\u00f3 con igual entusiasmo a muchos latinoamericanos que hu\u00edan de las guerras y dictaduras que asolaron a sus pa\u00edses e incluso en la \u00e9poca dorada del PRI se acogi\u00f3 a muchos guatemaltecos que hu\u00edan del genocidio que se practicaba en su pa\u00eds.<\/p>\n<p>Pero el episodio por mucho m\u00e1s destacado es cuando en la d\u00e9cada de los treinta del siglo pasado, M\u00e9xico abri\u00f3 sus puertas a miles de exiliados espa\u00f1oles, incluidos muchos ni\u00f1os hu\u00e9rfanos, que huyeron de la guerra civil que se viv\u00eda en su pa\u00eds y que fueron acogidos no solo por el gobierno sino hasta por muchas familias mexicanas.<\/p>\n<p>Fue L\u00e1zaro C\u00e1rdenas, quien por cierto es uno de los h\u00e9roes favoritos del actual gobierno, quien recibi\u00f3 a los migrantes espa\u00f1oles que hu\u00edan del triunfo del General Franco en la guerra civil espa\u00f1ola y ahora vemos que su supuesto disc\u00edpulo solo lo usa de imagen, porque en la pr\u00e1ctica hace todo lo contrario.<\/p>\n<p>\u00a1\u00c9se es el verdadero M\u00e9xico! queridos lectores, el que siempre ha sido abierto con los extranjeros que llegan a sus tierras m\u00e1s por necesidad que por cualquier otra cosa y no el que ahora cierra sus fronteras y persigue implacablemente a todos los migrantes, el que dedica las pocas fuerzas de seguridad que tiene a perseguir migrantes para luego encerrarlos en campos de concentraci\u00f3n (no se les puede llamar de otra forma) en lugar de combatir la desbordada inseguridad para complacer a un gobierno extranjero.<\/p>\n<p>Y aunque ahora el gobierno pregona que antes del inicio de la actual administraci\u00f3n todo estaba mal, ya hemos visto que no es as\u00ed; porque ahora vemos a un M\u00e9xico desconocido que hace el trabajo sucio a otros pa\u00edses cuando en realidad M\u00e9xico siempre ha sido muy celoso de su libertad y muy generoso con los necesitados.<\/p>\n<p>As\u00ed que parafraseando a la lideresa de la mayor\u00eda en la C\u00e1mara de los Representantes de Estados Unidos Nancy Pelosi quien dijo en alusi\u00f3n al mismo problema que Estados Unidos no es as\u00ed, tambi\u00e9n nosotros podemos decir en base a nuestra historia que M\u00e9xico tampoco es as\u00ed.<\/p>\n<p>&nbsp;<\/p>\n<p><a href=\"mailto:felfebas@gmail.com\">felfebas@gmail.com<\/a><\/p>\n<p>Twitter: @FelipeFBasilio<\/p>\n","protected":false},"excerpt":{"rendered":"<p>Felipe de Jes\u00fas Fern\u00e1ndez Basilio Desde A Janela Estamos ante la que acaso sea la peor crisis migratoria en la historia debido a la inmensa cantidad de personas que abandonan su hogar para buscar en otro lugar una vida mejor que la que llevan a este este momento en sus lugares de origen. En alguna [&hellip;]<\/p>\n","protected":false},"author":2,"featured_media":48669,"comment_status":"open","ping_status":"open","sticky":false,"template":"","format":"standard","meta":{"_jetpack_newsletter_access":"","_jetpack_dont_email_post_to_subs":false,"_jetpack_newsletter_tier_id":0,"_jetpack_memberships_contains_paywalled_content":false,"_jetpack_memberships_contains_paid_content":false,"footnotes":""},"categories":[70],"tags":[14870,123,14871,2150,395,14872,251],"class_list":["post-48668","post","type-post","status-publish","format-standard","has-post-thumbnail","hentry","category-de-opinion","tag-crisis-migratoria","tag-estados-unidos","tag-general-franco","tag-lazaro-cardenas","tag-mexico","tag-nancy-pelosi","tag-pri"],"jetpack_featured_media_url":"https:\/\/lospoliticosveracruz.com.mx\/wp-content\/uploads\/2019\/07\/Haitiana.jpg","jetpack_sharing_enabled":true,"jetpack_shortlink":"https:\/\/wp.me\/p4Qcd3-cEY","_links":{"self":[{"href":"https:\/\/lospoliticosveracruz.com.mx\/index.php?rest_route=\/wp\/v2\/posts\/48668","targetHints":{"allow":["GET"]}}],"collection":[{"href":"https:\/\/lospoliticosveracruz.com.mx\/index.php?rest_route=\/wp\/v2\/posts"}],"about":[{"href":"https:\/\/lospoliticosveracruz.com.mx\/index.php?rest_route=\/wp\/v2\/types\/post"}],"author":[{"embeddable":true,"href":"https:\/\/lospoliticosveracruz.com.mx\/index.php?rest_route=\/wp\/v2\/users\/2"}],"replies":[{"embeddable":true,"href":"https:\/\/lospoliticosveracruz.com.mx\/index.php?rest_route=%2Fwp%2Fv2%2Fcomments&post=48668"}],"version-history":[{"count":1,"href":"https:\/\/lospoliticosveracruz.com.mx\/index.php?rest_route=\/wp\/v2\/posts\/48668\/revisions"}],"predecessor-version":[{"id":48670,"href":"https:\/\/lospoliticosveracruz.com.mx\/index.php?rest_route=\/wp\/v2\/posts\/48668\/revisions\/48670"}],"wp:featuredmedia":[{"embeddable":true,"href":"https:\/\/lospoliticosveracruz.com.mx\/index.php?rest_route=\/wp\/v2\/media\/48669"}],"wp:attachment":[{"href":"https:\/\/lospoliticosveracruz.com.mx\/index.php?rest_route=%2Fwp%2Fv2%2Fmedia&parent=48668"}],"wp:term":[{"taxonomy":"category","embeddable":true,"href":"https:\/\/lospoliticosveracruz.com.mx\/index.php?rest_route=%2Fwp%2Fv2%2Fcategories&post=48668"},{"taxonomy":"post_tag","embeddable":true,"href":"https:\/\/lospoliticosveracruz.com.mx\/index.php?rest_route=%2Fwp%2Fv2%2Ftags&post=48668"}],"curies":[{"name":"wp","href":"https:\/\/api.w.org\/{rel}","templated":true}]}}