{"id":4880,"date":"2012-07-09T15:08:00","date_gmt":"2012-07-09T15:08:00","guid":{"rendered":"http:\/\/www.lospoliticosveracruz.com.mx\/?p=4880"},"modified":"2014-10-10T03:03:14","modified_gmt":"2014-10-10T03:03:14","slug":"el-gran-pedo-de-mexico","status":"publish","type":"post","link":"https:\/\/lospoliticosveracruz.com.mx\/?p=4880","title":{"rendered":"El gran pedo de M\u00e9xico"},"content":{"rendered":"<p><b>Jorge Arturo Rodr\u00edguez <\/b><br \/><i>Tierra de Babel<\/i><\/p>\n<p>Cris\u00f3foro, mi amigo el taxista que de vez en cuando me encuentro en la calles atestadas de impacientes y muchas veces imprudentes conductores, me dice: \u201cA m\u00ed la verdad me vale gorro quien haya ganado como presidente, total, al menos yo seguir\u00e9 igual, ching\u00e1ndole bonito pa\u2019 llevar los frijoles a la casa\u201d. S\u00ed, le digo, desde luego, as\u00ed es para la mayor\u00eda de los mexicanos. <br \/>Y Cris\u00f3foro me comenta, entre molesto y encabronado: \u201cLa verdad es que vot\u00e9 por uno de esos g\u00fceyes que nom\u00e1s estuvieron prometiendo en las campa\u00f1as, pero ahora, la verdad, ese que gan\u00f3 espero que nos cumpla, me vale cacahuate c\u00f3mo se llame aunque claro que s\u00e9 su nombre, pero ni lo conozco, pero ahora que nos cumpla, \u00bfo no, patr\u00f3n?\u201d S\u00ed, le digo, creo que as\u00ed debe ser y debe de ser.<br \/><a name='more'><\/a><br \/>&nbsp; &nbsp; &nbsp; &nbsp; &nbsp;Y Cris\u00f3foro arremete: \u201cS\u00ed, ahora que se chingue bonito, se ponga las pilas y nos cumpla el cabr\u00f3n, \u00bfo no, patr\u00f3n? Es como el chiste ese de la vieja que le dice a su viejo \u2018Aqu\u00ed se coge a tal hora, est\u00e9s o no est\u00e9s\u2019. Pos algo parecido, patr\u00f3n, ahora que nos cumplan, \u00e9l y los diputados que nom\u00e1s andan levantando el dedo y extendiendo la mano pa\u2019 los billetes\u201d. Le digo que tiene raz\u00f3n y que pos s\u00ed, hay que estar atento para que nos cumplan y exigirles lo que nos prometieron, pero siempre con respeto y tolerancia, en el marco de la ley. <br \/>&nbsp; &nbsp; &nbsp; &nbsp; &nbsp;Porque la realidad de M\u00e9xico y sus problemas ah\u00ed est\u00e1n, persistentes y lacerantes. Ya lo mencion\u00f3 el investigador del CEIDAS, Mario Luis Fuentes, que \u201cM\u00e9xico vive una verdadera premura social: hay 52 millones de mexicanos en pobreza \u201311.7 millones de ellos padecen hambre-; hay 2.4 millones de desocupados. En la d\u00e9cada de 2001 a 2010 fallecieron diariamente 100 personas a causa de accidentes; 36 decesos diarios fueron causados por los homicidios; y en promedio 24 personas murieron por desnutrici\u00f3n cada d\u00eda. Esta es s\u00f3lo parte de la cuesti\u00f3n social que la nueva administraci\u00f3n federal deber\u00e1 resolver\u201d. <br \/>&nbsp; &nbsp; &nbsp; &nbsp; &nbsp;Claro, adem\u00e1s de considerar los 6.4 millones de mexicanos que perciben el salario m\u00ednimo que vale m\u00e1user ante el incremento del costo de la canasta b\u00e1sica, y el 64.5 por ciento de los mexicanos que trabaja no tiene acceso a servicios de salud \u2013ya pa\u2019 que hablar de la mal\u00edsima calidad de servicios que brindan las instituciones responsables. <br \/>&nbsp; &nbsp; &nbsp; &nbsp; &nbsp;Como dicen por ah\u00ed, la cuesti\u00f3n no es llegar, sino mantenerse. El problema no es haber ganado, haiga sido como haiga sido, sino cumplir. \u00bfO no, mi estimado Cris\u00f3foro? <br \/><span style=\"background-color: white;\"><br \/><\/span><\/p>\n<div><b>Los d\u00edas y los temas<\/b><br \/>Los integrantes del grupo Man\u00e1 andan de gira por Europa. No pudieron votar, pero hablaron y dijeron \u201cMuuuu\u2026\u201d. No, no es cierto\u2026 El vocalista Fher Olvera expres\u00f3 que gane quien gane \u201clo primero que tiene que cambiar es la corrupci\u00f3n, que es el c\u00e1ncer de M\u00e9xico\u201d. Antes mencion\u00f3: \u201cEl M\u00e9xico de ahora es diferente al que gobern\u00f3 el PRI durante tantos a\u00f1os y tambi\u00e9n el que gobern\u00f3 el PAN. Ese era un M\u00e9xico m\u00e1s sumiso. Ahora la gente se ha metido m\u00e1s en la escena pol\u00edtica, est\u00e1 mucho m\u00e1s alerta de lo que pasa, es mucho m\u00e1s observadora, est\u00e1 m\u00e1s informada y puede opinar. Puede expresarse como hizo el movimiento #yosoy132. Y eso es lo que a m\u00ed me da esperanza\u201d. Eso, la esperanza muere al \u00faltimo, pero ya chole, \u00bfno? <br \/>&nbsp; &nbsp; &nbsp; &nbsp; &nbsp;Y su compa\u00f1ero Sergio Vall\u00edn no se qued\u00f3 atr\u00e1s y se\u00f1al\u00f3 que lo primero que le pedir\u00eda al nuevo presidente es \u201cque nos regrese nuestro pa\u00eds. Hay que exigirlo. M\u00e9xico era un pa\u00eds donde viaj\u00e1bamos, donde ten\u00edamos sue\u00f1os, donde camin\u00e1bamos por la calle sin problemas. Y ahora a nuestros hijos no les podemos dejar hacer eso. El gran pedo de M\u00e9xico es que no le han hecho caso a la pobreza extrema, y el hambre y la pobreza generan otros problemas. Hay que darle a la gente oportunidades para ganarse la vida\u201d. <br \/>&nbsp; &nbsp; &nbsp; &nbsp; &nbsp;\u00bfAs\u00ed o m\u00e1s clarito, mi estimado Cris\u00f3foro? <br \/>&nbsp; &nbsp; &nbsp; &nbsp; &nbsp;Ah\u00ed se ven. <\/p>\n<p>Hasta la pr\u00f3xima <br \/><a href=\"mailto:jarl63@yahoo.com.mx\">jarl63@yahoo.com.mx<\/a><\/div>\n","protected":false},"excerpt":{"rendered":"<p>Jorge Arturo Rodr\u00edguez Tierra de Babel Cris\u00f3foro, mi amigo el taxista que de vez en cuando me encuentro en la calles atestadas de impacientes y muchas veces imprudentes conductores, me dice: \u201cA m\u00ed la verdad me vale gorro quien haya ganado como presidente, total, al menos yo seguir\u00e9 igual, ching\u00e1ndole bonito pa\u2019 llevar los frijoles [&hellip;]<\/p>\n","protected":false},"author":1,"featured_media":0,"comment_status":"open","ping_status":"open","sticky":false,"template":"","format":"standard","meta":{"_jetpack_newsletter_access":"","_jetpack_dont_email_post_to_subs":false,"_jetpack_newsletter_tier_id":0,"_jetpack_memberships_contains_paywalled_content":false,"_jetpack_memberships_contains_paid_content":false,"footnotes":""},"categories":[1],"tags":[],"class_list":["post-4880","post","type-post","status-publish","format-standard","hentry","category-sin-categoria"],"jetpack_featured_media_url":"","jetpack_sharing_enabled":true,"jetpack_shortlink":"https:\/\/wp.me\/p4Qcd3-1gI","_links":{"self":[{"href":"https:\/\/lospoliticosveracruz.com.mx\/index.php?rest_route=\/wp\/v2\/posts\/4880","targetHints":{"allow":["GET"]}}],"collection":[{"href":"https:\/\/lospoliticosveracruz.com.mx\/index.php?rest_route=\/wp\/v2\/posts"}],"about":[{"href":"https:\/\/lospoliticosveracruz.com.mx\/index.php?rest_route=\/wp\/v2\/types\/post"}],"author":[{"embeddable":true,"href":"https:\/\/lospoliticosveracruz.com.mx\/index.php?rest_route=\/wp\/v2\/users\/1"}],"replies":[{"embeddable":true,"href":"https:\/\/lospoliticosveracruz.com.mx\/index.php?rest_route=%2Fwp%2Fv2%2Fcomments&post=4880"}],"version-history":[{"count":0,"href":"https:\/\/lospoliticosveracruz.com.mx\/index.php?rest_route=\/wp\/v2\/posts\/4880\/revisions"}],"wp:attachment":[{"href":"https:\/\/lospoliticosveracruz.com.mx\/index.php?rest_route=%2Fwp%2Fv2%2Fmedia&parent=4880"}],"wp:term":[{"taxonomy":"category","embeddable":true,"href":"https:\/\/lospoliticosveracruz.com.mx\/index.php?rest_route=%2Fwp%2Fv2%2Fcategories&post=4880"},{"taxonomy":"post_tag","embeddable":true,"href":"https:\/\/lospoliticosveracruz.com.mx\/index.php?rest_route=%2Fwp%2Fv2%2Ftags&post=4880"}],"curies":[{"name":"wp","href":"https:\/\/api.w.org\/{rel}","templated":true}]}}