{"id":4883,"date":"2012-07-08T23:21:00","date_gmt":"2012-07-08T23:21:00","guid":{"rendered":"http:\/\/www.lospoliticosveracruz.com.mx\/?p=4883"},"modified":"2014-10-10T03:03:14","modified_gmt":"2014-10-10T03:03:14","slug":"sesver-intoxicados-por-el-poder","status":"publish","type":"post","link":"https:\/\/lospoliticosveracruz.com.mx\/?p=4883","title":{"rendered":"SESVER: Intoxicados por el poder"},"content":{"rendered":"<p><b>Claudia Guerrero Mart\u00ednez <\/b><br \/><i>Entre lo ut\u00f3pico y lo verdadero&nbsp;<\/i><\/p>\n<p>Durante la administraci\u00f3n de Javier Duarte de Ochoa, algunas Secretar\u00edas Estatales han mostrado deficiencias en su manejo presupuestal y peor, en el pago a proveedores. Y cuando se detectan posibles enriquecimientos il\u00edcitos, nepotismo y tr\u00e1fico de influencias, entre sus empleados, el problema es insostenible. La existencia de una visible protecci\u00f3n, por parte del empleado de los veracruzanos, a sus amigos funcionarios, es cuestionable. <br \/>Y en la Secretar\u00eda de Salud de Veracruz existen mete\u00f3ricos titulares de despacho, quienes tal parece se han enriquecido a costa de su puesto y relaciones personales. Y su titular Pablo Anaya, lo sabe. Para conocer mejor la situaci\u00f3n que vamos a comentar, haremos una breve historia.<br \/>Durante la gesti\u00f3n de Javier Duarte de Ochoa en la Secretar\u00eda de Finanzas y Planeaci\u00f3n, en el sexenio de su mentor y padrino Fidel Herrera Beltr\u00e1n, emerge un grupo de j\u00f3venes con aptitudes para el \u201cnegocio\u201d y ser prestanombres en turno. En cada gesti\u00f3n estatal, surgen nuevos funcionarios exitosos y de un d\u00eda para el otro, empresarios acaudalados\u2026&nbsp;<a name='more'><\/a><br \/>Y aqu\u00ed inicia nuestra historia. Conocen a Enrique Rodr\u00edguez Pi\u00f1ero. Actualmente es el Director de Recursos Financieros de SESVER e inici\u00f3 su carrera pol\u00edtica en SEFIPLAN. Ah\u00ed conoci\u00f3 al actual empleado de los veracruzanos. De ser un simple trabajador burocr\u00e1tico, hoy, nadie explica su incalculable fortuna. Cuentan los \u201cconocedores\u201d que inicia con la relaci\u00f3n de negocios con el fallecido Jos\u00e9 Luis Poceros Luna, extitular de Finanzas de SEDESMA, de quien al morir, Rodr\u00edguez Pi\u00f1ero quiso quedarse con un terreno en Cerro Gordo y una casa en la calle de Mangos. Algo que no pudo lograr por una amenaza a tiempo, de conocido empresario period\u00edstico\u2026<br \/>Comercializadoras como La Roca, SIGMA e Integradora de Servicios son algunas proveedoras del Gobierno de Veracruz, las cuales est\u00e1n a nombre de familiares y amigos cercanos de Rodr\u00edguez Pi\u00f1ero. Nombres como Alejandro Pozos C\u00f3rdoba y Lissete Rodr\u00edguez Pi\u00f1ero salen en las listas de proveedores de SEFIPLAN\u2026 Peor, Daniel Rodr\u00edguez Pi\u00f1ero, hermano del funcionario de SESVER obtuvo un puesto en el Fideicomiso de los Tiburones Rojos de Veracruz\u2026<br \/>Amigos como Eliuth Cervantes Ram\u00edrez, actual alcalde de Catemaco y exfuncionario de SESVER, con quien Enrique Rodr\u00edguez Pi\u00f1ero viaja a las Vegas y otros lugares afrodisiacos. Otros, como el constructor Jorge Lara, amigo y socio del funcionario estatal, con quien juntos adquirieron como socios, un terreno en Palma Sola, gracias a una licitaci\u00f3n ama\u00f1ada y adjudicaci\u00f3n directa, como todas las obras y servicios que han pasado por las manos de Rodr\u00edguez Pi\u00f1ero. Peor, cuando sus socios como Mart\u00edn Montiel, est\u00e1n incrustados en el Departamento de Finanzas del Congreso de Veracruz\u2026<br \/>Ante todo esto, alguien puede explicar c\u00f3mo este funcionario estatal, desconocido hace cinco a\u00f1os, hoy cuenta una casa en el exclusivo Fraccionamiento Montemagno, autos y camionetas de lujos, comercializadoras, constructoras y terrenos con alta plusval\u00eda\u2026. Adem\u00e1s, de familiares que laboran en la SEV, ganando 90 mil pesos mensuales\u2026<br \/>\u00bfTodo esto, lo sabr\u00e1 Javier Duarte de Ochoa?&#8230;<\/p>\n<p><b>Cr\u00f3nica de la reuni\u00f3n de Calder\u00f3n\u2026 <\/b><br \/>La reuni\u00f3n estaba pactada. Se esperaban liderazgos del PAN de todo el estado. Y no era para menos, pues comer\u00edan con el Presidente de M\u00e9xico, Felipe Calder\u00f3n Hinojosa. La cita ser\u00eda a puerta cerrada, en el conocido hotel de la capital de Veracruz. En eso, inicia la esperada reuni\u00f3n. Era visible la ausencia de todos los diputados panistas locales. Peor, la de legisladores federales de Acci\u00f3n Nacional, a excepci\u00f3n de Alba Leonila M\u00e9ndez Herrera. Un desaire para el Mandatario Federal\u2026<br \/>El encuentro era para compartir experiencias de lo ocurrido durante el proceso electoral. Adem\u00e1s, mostrar un video de los logros del Gobierno Federal durante estos casi seis a\u00f1os de mandato panista\u2026 El Presidente de M\u00e9xico, habl\u00f3, habl\u00f3 y habl\u00f3\u2026 Caras conocidas con actitud molesta se observaban durante la proyecci\u00f3n del video y discurso del Mandatario Federal\u2026 Eran Alfredo Grajales, Marco Antonio N\u00fa\u00f1ez, Enrique Cambranis Torres y Sergio Ortiz\u2026 Todos, integrantes del Comit\u00e9 Estatal del PAN en Veracruz\u2026<br \/>Al t\u00e9rmino, pidi\u00f3 la palabra Alfredo Grajales, quien expres\u00f3 su sentir reclamando: \u201cSe\u00f1or, este video est\u00e1 muy bonito, pero ten\u00eda que haber sido presentado antes de las elecciones\u2026 Se\u00f1or, la Presidencia de la Rep\u00fablica la perdimos por culpa del Gobierno Federal\u201d\u2026 Hubo un silencio sepulcral\u2026 Hasta los grillos en el jard\u00edn se escucharon a lo lejos\u2026 Conocedores del car\u00e1cter del Presidente, el Jefe Presidencial, visiblemente molesto, le contest\u00f3: \u201cNo es culpa del Gobierno Federal que en el Comit\u00e9 Estatal siempre ha existido la falta de compromiso y estar acostumbrados a ganarse una \u201clana\u201d sin hacer nada por el partido. Han perdido la visi\u00f3n y objetividad\u201d\u2026<br \/>Todos hicieron \u201cmutis\u201d, entre ellos, el candidato Fernando Yunes M\u00e1rquez, ganador al Senado por la v\u00eda plurinominal. Adem\u00e1s, V\u00edctor Serralde, Humberto Alonso Morelli y Rafael Acosta, ganadores a la diputaci\u00f3n federal, por los distritos de Huatusco, Veracruz Rural y Urbano respectivamente, adem\u00e1s del excandidato al distrito Xalapa Rural, Eduardo Vega Yunes\u2026<br \/>Pidi\u00f3 la palabra Sergio Ortiz, quien secund\u00f3 lo dicho por Alfredo Grajales. Adem\u00e1s, acus\u00f3 a los delegados federales en Veracruz de no participar en las campa\u00f1as, ni ayudar a \u00e9stas\u2026 Felipe Calder\u00f3n, interesado en dicha acusaci\u00f3n, le pidi\u00f3, tajantemente, dar nombres de esos funcionarios federales\u2026 Sergio Ortiz no quiso dar nombres ni apellidos. Hizo silencio\u2026 Por lo que el Presidente extern\u00f3: \u201cPara hacer tal acusaci\u00f3n, hay que tener pantalones y usted no los tiene para enfrentar lo que dice, por eso estamos como estamos\u201d\u2026<br \/>En eso Alfredo Grajales quiso hacer un comentario en la defensor\u00eda de Sergio Ortiz, por lo que Felipe Calder\u00f3n le dijo: \u201cUsted habla, hasta que yo le diga\u201d\u2026 Y eso sucedi\u00f3 dos veces\u2026<br \/>Para poner \u201cla cereza en el pastel\u201d, el Mandatario Federal le dio la palabra a Enrique Cambranis Torres, dirigente del PAN en Veracruz. El l\u00edder estatal se quej\u00f3 de la falta de recursos para el partido en el estado. Calder\u00f3n, con \u00e1nimo molesto, le expres\u00f3: \u201cHaber Se\u00f1or Presidente Estatal, en mis tiempos en la dirigencia, uno ten\u00eda que rifar autos, realizar actividades proselitistas y los dirigentes estatales no cobraban sueldos\u2026 Ahora, algunos cobran cifras estratosf\u00e9ricas. El PAN Nacional env\u00eda recursos por cerca de los 800 millones de pesos\u2026 Mi pregunta es, \u00bfcu\u00e1nto recibe usted, Cambranis?\u201d\u2026<br \/>Sudoroso, visiblemente nervioso, Enrique Cambranis no supo qu\u00e9 decir, s\u00f3lo extern\u00f3: \u201cNo lo s\u00e9, se\u00f1or Presidente\u201d\u2026 Esto, volvi\u00f3 a causar molestia a Felipe Calder\u00f3n, por lo que el Presidente de M\u00e9xico aclar\u00f3 de forma ir\u00f3nica: \u201cS\u00ed Cambranis, no sabes, no sabes cu\u00e1nto\u201d\u2026 Ante eso, Marco Antonio N\u00fa\u00f1ez, \u201cEl Choriqueso\u201d declin\u00f3 para pedir la palabra, ante la virtual verg\u00fcenza en que se coloc\u00f3 el Comit\u00e9 Estatal del PAN en Veracruz\u2026 <br \/>Al t\u00e9rmino de este relato, s\u00f3lo nos resta expresar que la mayor\u00eda de invitados eran \u201cachichicles\u201d del Enrique Cambranis. Algunos eran colados y no hubo esa convocatoria de liderazgo panista\u2026 Qued\u00f3 evidenciado el Comit\u00e9 Estatal del PAN en Veracruz\u2026 Lo mejor: Felipe Calder\u00f3n dej\u00f3 entrever que volver\u00eda a retomar las riendas del PAN Nacional y extern\u00f3, \u201centre l\u00edneas\u201d, de la posible fundaci\u00f3n de un nuevo partido\u2026 <\/p>\n<p><b>El IFE en la mira del descr\u00e9dito\u2026 <\/b><br \/>En el recuento de los da\u00f1os por las elecciones presidenciales, las instituciones federales como el Instituto Federal Electoral debe hacer un an\u00e1lisis de su gesti\u00f3n como instituci\u00f3n vigilante de la democracia en M\u00e9xico. Est\u00e1 en la mira de los ciudadanos, como una dependencia desacreditada, gracias a los reportes y denuncias por delitos electorales, mismos, siguen sin ser castigados. La FEPADE, \u00f3rgano fiscalizador de estos delitos, se ha convertido en una simple caricatura federal\u2026 <br \/>La ciudadan\u00eda est\u00e1 harta. No hay un organismo electoral confiable. Anomal\u00edas en el antes, durante y despu\u00e9s de las elecciones presidenciales, cavaron la historia democr\u00e1tica de M\u00e9xico. Esta elecci\u00f3n fue el detonante para perder la poca credibilidad en las instituciones electorales. Millones de pesos tirados a la basura\u2026. <\/p>\n<div><b>Cobro de caseta del Libramiento<\/b><br \/>Usuarios del reci\u00e9n inaugurado Libramiento de Xalapa se quejan del cobro de cien pesos por el recorrido de 30 kil\u00f3metros. Lo importante de esto, es que no debemos olvidar el compromiso pactado por el Gobierno Federal y Estatal con la compa\u00f1\u00eda constructora espa\u00f1ola Corsan Isolux de darle todo el \u201cusufructo\u201d econ\u00f3mico, por la inversi\u00f3n hecha y se espera que en pocos meses, el primer aumento del cobro de peaje.\u2026 Y los que pagan, ser\u00e1n los usuarios, quienes muchos de ellos advirtieron en redes sociales, no usar\u00e1n dicha caseta por ser excesivamente cara\u2026<\/p>\n<p><b>\u201cPartiditos\u201d y Asociaciones pol\u00edticas en Veracruz\u2026 <\/b><br \/>Como si la ciudadan\u00eda necesitara de m\u00e1s partidos pol\u00edticos, el Instituto Electoral Veracruzano le entreg\u00f3 su registro como partido pol\u00edtico al Movimiento Cardenista, liderado por Antonio Luna, quien siempre fue cr\u00edtico del Gobierno de Fidel Herrera y hoy, es cobijado por el gobierno fallido de Javier Duarte de Ochoa. Le siguen los pasos Asociaciones Pol\u00edticas como Generando Bienestar, propiedad de Gerardo Buganza Salmer\u00f3n, actual Secretario de Gobierno; Alternativa Veracruzana, comandado por el exdiputado local y exconvergente Alfredo Tress Jim\u00e9nez, quien detr\u00e1s de \u00e9ste pol\u00edtico est\u00e1 el exgobernador Fidel Herrera Beltr\u00e1n y Carlos Garc\u00eda M\u00e9ndez, due\u00f1o de la Universidad de Xalapa, exsecretario de la SEDECOP, quien pretende con Asociaci\u00f3n Pol\u00edtica \u201cComprometidos Ganemos M\u00e9xico\u201d, ser partido pol\u00edtico\u2026 Todos, absolutamente todos, ven como negocio, las prerrogativas asignadas por el IEV cada a\u00f1o, adem\u00e1s del poder pol\u00edtico y ser\u00e1n, por l\u00f3gica, r\u00e9moras adheridas al Partido Revolucionario Institucional, para las pr\u00f3ximas elecciones estatales del 2013\u2026 <br \/>No es un secreto, que un partido pol\u00edtico es un negocio redondo para unos cu\u00e1ntos l\u00edderes pol\u00edticos, quienes necesitan hacer acuerdos para seguir subsistiendo\u2026 Algunos ciudadanos, metaf\u00f3ricamente los llaman \u201cgarrapatas pol\u00edticas\u201d, pues necesitan sangre para seguir viviendo\u2026<\/p>\n<p>***Notita importante 1: Presagiamos: La Comisi\u00f3n para la Protecci\u00f3n a los Periodistas es una intento est\u00e9ril y que no ir\u00e1 a ning\u00fan lado. Debe deslindarse del Gobierno Estatal. De lo contrario, s\u00f3lo ser\u00e1 un simulacro de buenos deseos e intenciones\u2026 <\/p>\n<p>*** Notita importante 2: Movilizaciones de #Yosoy132 y agrupaciones ciudadanas realizaron manifestaciones de repudio por los resultados de las pasadas elecciones presidenciales y cuestionan el desempe\u00f1o del IFE\u2026 Lo bueno, las pruebas determinantes de graves anomal\u00edas en el conteo de votos, listas nominales, rebase de topes de campa\u00f1a, movilizaci\u00f3n de electores y compra de votos\u2026 Lo malo, es que la instituci\u00f3n federal electoral act\u00faa con una pasividad sospechosa\u2026 <\/p>\n<p>***Notita importante 3: El exsecretario de Seguridad P\u00fablica Alejandro Montano Guzm\u00e1n recibi\u00f3 su constancia como diputado federal. Pobre distrito, pues hemos pronosticado que este pol\u00edtico no es bueno para la gesti\u00f3n social, s\u00f3lo es bueno, para abrir puertas\u2026 Y hablando del ahijado de Miguel Alem\u00e1n, durante un evento proselitista convocado en el municipio de Vega de Alatorre, Alejandro Montano pidi\u00f3 el micr\u00f3fono, en el que dio las gracias a todos los organizadores y nombr\u00f3 a algunos pol\u00edticos y candidatos presentes, omitiendo a H\u00e9ctor Yunes Landa, candidato priista ganador a la Senadur\u00eda por Veracruz\u2026 En respuesta, el chole\u00f1o tom\u00f3 el micr\u00f3fono y durante su discurso, recalc\u00f3 la evidente \u201comisi\u00f3n\u201d de su presencia por parte de Alejandro Montano, en forma de reclamo\u2026 Montano Guzm\u00e1n visiblemente molesto, le dijo en corto y en su cara: \u201cYo no nombro a Pende\u2026s\u201d\u2026 Esto provoc\u00f3 la ira del Yunes Landa, quien r\u00e1pidamente se le acerc\u00f3 a Montano, a quien lo tom\u00f3 del cuello y en los bajos, reclam\u00e1ndole tal comentario\u2026 La Agrupaci\u00f3n que convoc\u00f3 este evento niega haber organizado dicho encuentro, pero los presentes comentan la an\u00e9cdota como parte del revanchismo que tienen Montano y H\u00e9ctor Yunes\u2026 Para finalizar, los votantes del distrito Xalapa Rural comentan de la compra de votos por 500 pesos, el d\u00eda de la elecci\u00f3n federal y los constantes viajes en helic\u00f3ptero de este expolic\u00eda\u2026 Todo, es ya, parte del folklor de este exguardaespaldas\u2026 <\/p>\n<p>Dudas y comentarios: <a href=\"mailto:claudiaguerreromtz@gmail.com\">claudiaguerreromtz@gmail.com<\/a> <br \/>Viste: <a href=\"http:\/\/www.periodicoveraz.com\/\">www.periodicoveraz.com<\/a> <br \/>Twitter: cguerreromtz <\/div>\n","protected":false},"excerpt":{"rendered":"<p>Claudia Guerrero Mart\u00ednez Entre lo ut\u00f3pico y lo verdadero&nbsp; Durante la administraci\u00f3n de Javier Duarte de Ochoa, algunas Secretar\u00edas Estatales han mostrado deficiencias en su manejo presupuestal y peor, en el pago a proveedores. Y cuando se detectan posibles enriquecimientos il\u00edcitos, nepotismo y tr\u00e1fico de influencias, entre sus empleados, el problema es insostenible. La existencia [&hellip;]<\/p>\n","protected":false},"author":1,"featured_media":0,"comment_status":"open","ping_status":"open","sticky":false,"template":"","format":"standard","meta":{"_jetpack_newsletter_access":"","_jetpack_dont_email_post_to_subs":false,"_jetpack_newsletter_tier_id":0,"_jetpack_memberships_contains_paywalled_content":false,"_jetpack_memberships_contains_paid_content":false,"footnotes":""},"categories":[1],"tags":[],"class_list":["post-4883","post","type-post","status-publish","format-standard","hentry","category-sin-categoria"],"jetpack_featured_media_url":"","jetpack_sharing_enabled":true,"jetpack_shortlink":"https:\/\/wp.me\/p4Qcd3-1gL","_links":{"self":[{"href":"https:\/\/lospoliticosveracruz.com.mx\/index.php?rest_route=\/wp\/v2\/posts\/4883","targetHints":{"allow":["GET"]}}],"collection":[{"href":"https:\/\/lospoliticosveracruz.com.mx\/index.php?rest_route=\/wp\/v2\/posts"}],"about":[{"href":"https:\/\/lospoliticosveracruz.com.mx\/index.php?rest_route=\/wp\/v2\/types\/post"}],"author":[{"embeddable":true,"href":"https:\/\/lospoliticosveracruz.com.mx\/index.php?rest_route=\/wp\/v2\/users\/1"}],"replies":[{"embeddable":true,"href":"https:\/\/lospoliticosveracruz.com.mx\/index.php?rest_route=%2Fwp%2Fv2%2Fcomments&post=4883"}],"version-history":[{"count":0,"href":"https:\/\/lospoliticosveracruz.com.mx\/index.php?rest_route=\/wp\/v2\/posts\/4883\/revisions"}],"wp:attachment":[{"href":"https:\/\/lospoliticosveracruz.com.mx\/index.php?rest_route=%2Fwp%2Fv2%2Fmedia&parent=4883"}],"wp:term":[{"taxonomy":"category","embeddable":true,"href":"https:\/\/lospoliticosveracruz.com.mx\/index.php?rest_route=%2Fwp%2Fv2%2Fcategories&post=4883"},{"taxonomy":"post_tag","embeddable":true,"href":"https:\/\/lospoliticosveracruz.com.mx\/index.php?rest_route=%2Fwp%2Fv2%2Ftags&post=4883"}],"curies":[{"name":"wp","href":"https:\/\/api.w.org\/{rel}","templated":true}]}}