{"id":48837,"date":"2019-07-14T22:58:07","date_gmt":"2019-07-15T03:58:07","guid":{"rendered":"http:\/\/www.lospoliticosveracruz.com.mx\/?p=48837"},"modified":"2019-07-14T20:05:38","modified_gmt":"2019-07-15T01:05:38","slug":"cinco-estrellas-a-la-violencia","status":"publish","type":"post","link":"https:\/\/lospoliticosveracruz.com.mx\/?p=48837","title":{"rendered":"Cinco estrellas a la violencia"},"content":{"rendered":"<p><strong>Salvador Mu\u00f1oz<\/strong><\/p>\n<p><em>Los Pol\u00edticos<\/em><\/p>\n<p><span style=\"font-weight: 400;\">Felipe Mendiola recuerda la pel\u00edcula \u201cUn D\u00eda de Furia\u201d, protagonizada por Michael Douglas, cuando cita el caso del estacionamiento en Soriana del puerto jarocho, donde un hombre clavara un cuchillo en el ojo de su contrincante al discutir por el aparcamiento. \u201cLa calor\u201d, la situaci\u00f3n econ\u00f3mica y el estr\u00e9s, elementos sustanciales para que se diera este hecho, comenta Mendiola, de acuerdo a la entrevista que le hicieran al psiquiatra Mario Ortiz Rovirosa en un diario de Xalapa.<\/span><\/p>\n<p><span style=\"font-weight: 400;\">En las redes encontramos el caso de una mujer que discute con un agente de Vialidad en la Ciudad de M\u00e9xico. El oficial se pone delante de la unidad y la mujer lo embiste tanto con el carro como con insultos. El agente de Vialidad al final se hace a un lado y la mujer huye. Si eso hubiera ocurrido en Estados Unidos, es seguro que la Polic\u00eda hubiera sacado su arma y disparado sobre la mujer.<\/span><\/p>\n<p><span style=\"font-weight: 400;\">No, no quiero decir que en Estados Unidos haya un respeto a la autoridad y una mejor actuaci\u00f3n de \u00e9sta contra infractores\u2026 parece que el \u201cD\u00eda de Furia\u201d no respeta fronteras&#8230; cu\u00e1ntos videos no hemos visto en cadenas de hamburguesas o pollo rostizado de discusiones entre los mismos clientes, porque uno habl\u00f3 en espa\u00f1ol, porque uno es latinoamericano, o porque algo no le gust\u00f3 al cliente y acab\u00f3 li\u00e1ndose a golpes con el despachador.<\/span><\/p>\n<p><span style=\"font-weight: 400;\">Hay quienes pueden argumentar a todos estos hechos ausencia de valores y \u00e9tica en cualquier sector de nuestra sociedad\u2026 es posible\u2026 nos educan en una malentendida \u201ccompetitividad\u201d, donde si no ganas, arrebatas; el rico menosprecia al pobre y el pobre odia al rico; despreciamos los oficios, por eso ofendemos con \u201calba\u00f1il\u201d, \u201ctaxista\u201d, \u201cchofer\u201d, \u201cGod\u00ednez\u201d, y hoy de moda, \u201cchairo\u201d.<\/span><\/p>\n<p><span style=\"font-weight: 400;\">Hablan de la Cartilla Moral de AMLO\u2026 considero loable cualquier acci\u00f3n que ayude a cambiar esto que carcome a nuestra sociedad, y si una Cartilla cree que puede modificar su conducta, adelante\u2026<\/span><\/p>\n<p><span style=\"font-weight: 400;\">Por supuesto, creo que a todos nos queda claro que el Gobierno tiene una tarea antes que repartir una Cartilla: establecer las pol\u00edticas para que todos los mexicanos gocen de un Estado de Derecho\u2026<\/span><\/p>\n<p><span style=\"font-weight: 400;\">Adem\u00e1s de la familia y hasta de cierto modo la escuela, hay quienes ven en las Iglesias, los santuarios ideales para hablar de valores y \u00e9tica\u2026 por cierto, en redes sociales, Marisol Flores, cibernauta de C\u00f3rdoba, sube las fotos de un cl\u00e9rigo con el siguiente mensaje: \u201cC\u00f3mo ven a este dizque sacerdote; se neg\u00f3 a dar los santos \u00f3leos a un enfermo solo porque ten\u00eda 15 d\u00edas internado; contest\u00f3 groseramente que apenas se acordaba uno de Dios y que no ten\u00eda tiempo, que ya se iba&#8230; \u00a1qu\u00e9 poca madre! un servidor de Dios no puede negarle la ayuda a los enfermos y \u00e9l sin duda no tiene vocaci\u00f3n. Yo creo que si le hubieran ofrecido dinero hasta con gusto iba a cruzar la calle para ir al hospital que justamente est\u00e1 cruzando la calle frente a la iglesia de San Sebasti\u00e1n, aqu\u00ed en C\u00f3rdoba\u201d.<\/span><\/p>\n<p><span style=\"font-weight: 400;\">Las redes sociales sin duda son un excelente catalizador a nuestra furia (para retomar la idea de Felipe Mendiola) porque ya sea desde el anonimato o no, desperdigamos m\u00e1s rencor, bilis, enojo, que otra cosa\u2026 s\u00ed, en las redes cualquiera puede hacer lo que quiera\u2026 pero no dejan de ser un buen par\u00e1metro para exhibir nuestro resentimiento, sea social, partidista, democr\u00e1tico, o como lo quiera ver\u2026<\/span><\/p>\n<p><span style=\"font-weight: 400;\">La nota m\u00e1s curiosa que le\u00ed en torno a este enojo que cargamos en nuestro diario acontecer, ocurri\u00f3 en la Ciudad de M\u00e9xico. En Twitter, aparece este mensaje: \u201cMi Uber me pidi\u00f3 chance de agarrarse a putazos con un motociclista que le ment\u00f3 la madre\u2026 y como amo me gusta ver arder el mundo, le dije que no hab\u00eda pedo\u201d.<\/span><\/p>\n<p><span style=\"font-weight: 400;\">Y de acuerdo al relato, \u201cDon Uber\u201d le propina golpiza al motocicilista y el pasajero contin\u00faa su viaje hasta que el conductor ofrece disculpas por su comportamiento. \u201cYo le digo que no hay pedo y que le voy a poner 5 estrellas, por darle en la madre al gandalla ese, los dos re\u00edmos y nos despedimos con una sonrisa\u2026 le agradezco el viaje\u201d.<\/span><\/p>\n<p><span style=\"font-weight: 400;\">La violencia vista como cuando antes dec\u00edas \u201c\u00a1Buenos d\u00edas!\u201d a tu vecino y \u00e9ste amablemente respond\u00eda del mismo modo\u2026 podr\u00edamos decirle a Felipe Mendiola que hoy vivimos m\u00e1s bien \u201cD\u00edas de Furia\u201d, as\u00ed, en plural\u2026<\/span><\/p>\n<p>&nbsp;<\/p>\n<p><span style=\"font-weight: 400;\">smcainito@gmail.com<\/span><\/p>\n<p>&nbsp;<\/p>\n","protected":false},"excerpt":{"rendered":"<p>Salvador Mu\u00f1oz Los Pol\u00edticos Felipe Mendiola recuerda la pel\u00edcula \u201cUn D\u00eda de Furia\u201d, protagonizada por Michael Douglas, cuando cita el caso del estacionamiento en Soriana del puerto jarocho, donde un hombre clavara un cuchillo en el ojo de su contrincante al discutir por el aparcamiento. \u201cLa calor\u201d, la situaci\u00f3n econ\u00f3mica y el estr\u00e9s, elementos sustanciales [&hellip;]<\/p>\n","protected":false},"author":2,"featured_media":48838,"comment_status":"open","ping_status":"open","sticky":false,"template":"","format":"standard","meta":{"_jetpack_newsletter_access":"","_jetpack_dont_email_post_to_subs":false,"_jetpack_newsletter_tier_id":0,"_jetpack_memberships_contains_paywalled_content":false,"_jetpack_memberships_contains_paid_content":false,"footnotes":""},"categories":[70],"tags":[751,14985,14986,4069,9304,14984,195],"class_list":["post-48837","post","type-post","status-publish","format-standard","has-post-thumbnail","hentry","category-de-opinion","tag-cordoba","tag-michael-douglas","tag-sacerdote","tag-soriana","tag-uber","tag-un-dia-de-furia","tag-veracruz"],"jetpack_featured_media_url":"https:\/\/lospoliticosveracruz.com.mx\/wp-content\/uploads\/2019\/07\/Un-Dia.jpg","jetpack_sharing_enabled":true,"jetpack_shortlink":"https:\/\/wp.me\/p4Qcd3-cHH","_links":{"self":[{"href":"https:\/\/lospoliticosveracruz.com.mx\/index.php?rest_route=\/wp\/v2\/posts\/48837","targetHints":{"allow":["GET"]}}],"collection":[{"href":"https:\/\/lospoliticosveracruz.com.mx\/index.php?rest_route=\/wp\/v2\/posts"}],"about":[{"href":"https:\/\/lospoliticosveracruz.com.mx\/index.php?rest_route=\/wp\/v2\/types\/post"}],"author":[{"embeddable":true,"href":"https:\/\/lospoliticosveracruz.com.mx\/index.php?rest_route=\/wp\/v2\/users\/2"}],"replies":[{"embeddable":true,"href":"https:\/\/lospoliticosveracruz.com.mx\/index.php?rest_route=%2Fwp%2Fv2%2Fcomments&post=48837"}],"version-history":[{"count":1,"href":"https:\/\/lospoliticosveracruz.com.mx\/index.php?rest_route=\/wp\/v2\/posts\/48837\/revisions"}],"predecessor-version":[{"id":48839,"href":"https:\/\/lospoliticosveracruz.com.mx\/index.php?rest_route=\/wp\/v2\/posts\/48837\/revisions\/48839"}],"wp:featuredmedia":[{"embeddable":true,"href":"https:\/\/lospoliticosveracruz.com.mx\/index.php?rest_route=\/wp\/v2\/media\/48838"}],"wp:attachment":[{"href":"https:\/\/lospoliticosveracruz.com.mx\/index.php?rest_route=%2Fwp%2Fv2%2Fmedia&parent=48837"}],"wp:term":[{"taxonomy":"category","embeddable":true,"href":"https:\/\/lospoliticosveracruz.com.mx\/index.php?rest_route=%2Fwp%2Fv2%2Fcategories&post=48837"},{"taxonomy":"post_tag","embeddable":true,"href":"https:\/\/lospoliticosveracruz.com.mx\/index.php?rest_route=%2Fwp%2Fv2%2Ftags&post=48837"}],"curies":[{"name":"wp","href":"https:\/\/api.w.org\/{rel}","templated":true}]}}