{"id":4885,"date":"2012-07-08T21:34:00","date_gmt":"2012-07-08T21:34:00","guid":{"rendered":"http:\/\/www.lospoliticosveracruz.com.mx\/?p=4885"},"modified":"2014-10-10T03:03:14","modified_gmt":"2014-10-10T03:03:14","slug":"no-me-ayudes-compadre","status":"publish","type":"post","link":"https:\/\/lospoliticosveracruz.com.mx\/?p=4885","title":{"rendered":"\u00a1No me ayudes compadre!"},"content":{"rendered":"<p><b><\/p>\n<div style=\"clear: both; text-align: center;\"><a href=\"http:\/\/www.lospoliticosveracruz.com.mx\/wp-content\/uploads\/2012\/07\/Franzoni-2.jpg\" style=\"margin-left: 1em; margin-right: 1em;\"><img loading=\"lazy\" decoding=\"async\" border=\"0\" height=\"182\" src=\"http:\/\/www.lospoliticosveracruz.com.mx\/wp-content\/uploads\/2012\/07\/Franzoni-2-300x170.jpg\" width=\"320\" \/><\/a><\/div>\n<div><b><br \/><\/b><\/div>\n<p>Brenda Caballero <\/b><br \/><i>N\u00fameros Rojos<\/i><\/p>\n<p>Sin duda, vivimos el inicio de una revoluci\u00f3n de ideas. Despu\u00e9s del 1\u00b0 de julio, muchos ciudadanos han recurrido a la manifestaci\u00f3n como respuesta de inconformidad ante el proceso electoral que design\u00f3 a Enrique Pe\u00f1a Nieto para Presidente de M\u00e9xico por el sexenio 2012-2016.<br \/>Y es v\u00e1lido manifestarse, siempre y cuando no afecte a terceras personas, pues durante nuestra vida siempre encontraremos muchos y muchas que no est\u00e9n de acuerdo con nuestra forma de pensar y actuar\u2026. pero \u00bfqu\u00e9 hacer cuando se aplica el No me ayudes compadre? <br \/>El fin de semana hubo mucho de qu\u00e9 hablar en Xalapa y en la Redes sociales, y no me refiero a la boda de Eugenio Derbez y Alessandra Rosaldo que dicen, tuvo que entrar por la parte trasera de la iglesia para no toparse con integrantes de la marcha \u00a1Yo soy 132! que no fueron de colados, sino de manifestantes a la boda. <br \/>Y es que en pleno centro de la capital del estado, frente a la bella parroquia de San Jos\u00e9, estampa colonial de Xalapa, un tipo loco, influenciado por el alcohol, de nombre Juan Pablo Franzoni Mart\u00ednez, agredi\u00f3 a los integrantes de la manifestaci\u00f3n \u00a1Yo soy 132!<a name='more'><\/a> en principio con una silla del Restaurante Sumarento, que avent\u00f3 desde el balc\u00f3n donde se encontraba; como afortunadamente no le dio a nadie, sac\u00f3 una pistola calibre 22 y cort\u00f3 cartucho para presumir su poder y prepotencia ante la multitud. <br \/>Lo peor del caso es que al parecer, es militante de la organizaci\u00f3n pri\u00edsta Juventud Din\u00e1mica y no quiero pensar que hizo todo lo que hizo por uno de los slogans del sitio web: \u201cSer Joven es abrir nuevos caminos, aventurarnos con audacia a probar lo nunca antes intentado, teniendo una Actitud JD\u201d. <br \/>Tampoco quiero pensar que el alcohol que consumi\u00f3 estaba adulterado pues aunque el Restaurant Sumarento se deslinde, la vox populi lo vincula directamente con \u00e9l. <br \/>Apenas este domingo pasado, Enrique Pe\u00f1a Nieto daba una entrevista a CNN M\u00e9xico, donde a grandes rasgos busca reducir la violencia en el pa\u00eds, realizando ajustes a la estrategia de seguridad y muy claro expres\u00f3: \u201cLo que buscamos ahora en la nueva estrategia, que es un ajuste de lo que se ha venido haciendo, no es un cambio radical, es ampliar la cobertura y sobre todo el \u00e9nfasis en reducir la violencia en nuestro pa\u00eds\u201d. Luego entonces, \u00bfpor qu\u00e9 la misma militancia pri\u00edsta no le ayuda? \u00bfNo conoc\u00eda este joven los compromisos de su candidato? \u00bfC\u00f3mo hizo campa\u00f1a a su favor? <br \/>El bolet\u00edn dice que fue remitido all\u00ed cerquita, al cuartel San Jos\u00e9. A la tarde de ayer, no hab\u00eda ning\u00fan pronunciamiento, si hab\u00eda salido bajo fianza o a lo mejor ya estaba fuera del pa\u00eds, que eso ser\u00eda lo m\u00e1s triste, pues seguir\u00edamos con el mismo PRI de siempre \u00bfrecuerda el caso Palomeque? <br \/>Cierto es que, mientras los manifestantes tem\u00edan por su vida al arrojarse al piso, no hubo mejor venganza que ver posteriormente las fotograf\u00edas de su agresor con los pantalones abajo y en calzoncillos blancos, detenido por dos polic\u00edas y con cientos y cientos de comentarios dignos de bajarle la peor cruda a cualquiera. <br \/>Ahora, habr\u00eda que ver si los pri\u00edstas hacen algo al respecto, pues yo sugerir\u00eda el mismo castigo del PAN a Fox: \u00a1Expulsarlo del partido! Pues con esos amigos \u00a1para qu\u00e9 se quieren enemigos! <\/p>\n<p> Email: <a href=\"mailto:caballero_brenda@hotmail.com\">caballero_brenda@hotmail.com<\/a><\/p>\n","protected":false},"excerpt":{"rendered":"<p>Brenda Caballero N\u00fameros Rojos Sin duda, vivimos el inicio de una revoluci\u00f3n de ideas. Despu\u00e9s del 1\u00b0 de julio, muchos ciudadanos han recurrido a la manifestaci\u00f3n como respuesta de inconformidad ante el proceso electoral que design\u00f3 a Enrique Pe\u00f1a Nieto para Presidente de M\u00e9xico por el sexenio 2012-2016.Y es v\u00e1lido manifestarse, siempre y cuando no [&hellip;]<\/p>\n","protected":false},"author":1,"featured_media":0,"comment_status":"open","ping_status":"open","sticky":false,"template":"","format":"standard","meta":{"_jetpack_newsletter_access":"","_jetpack_dont_email_post_to_subs":false,"_jetpack_newsletter_tier_id":0,"_jetpack_memberships_contains_paywalled_content":false,"_jetpack_memberships_contains_paid_content":false,"footnotes":""},"categories":[1],"tags":[],"class_list":["post-4885","post","type-post","status-publish","format-standard","hentry","category-sin-categoria"],"jetpack_featured_media_url":"","jetpack_sharing_enabled":true,"jetpack_shortlink":"https:\/\/wp.me\/p4Qcd3-1gN","_links":{"self":[{"href":"https:\/\/lospoliticosveracruz.com.mx\/index.php?rest_route=\/wp\/v2\/posts\/4885","targetHints":{"allow":["GET"]}}],"collection":[{"href":"https:\/\/lospoliticosveracruz.com.mx\/index.php?rest_route=\/wp\/v2\/posts"}],"about":[{"href":"https:\/\/lospoliticosveracruz.com.mx\/index.php?rest_route=\/wp\/v2\/types\/post"}],"author":[{"embeddable":true,"href":"https:\/\/lospoliticosveracruz.com.mx\/index.php?rest_route=\/wp\/v2\/users\/1"}],"replies":[{"embeddable":true,"href":"https:\/\/lospoliticosveracruz.com.mx\/index.php?rest_route=%2Fwp%2Fv2%2Fcomments&post=4885"}],"version-history":[{"count":0,"href":"https:\/\/lospoliticosveracruz.com.mx\/index.php?rest_route=\/wp\/v2\/posts\/4885\/revisions"}],"wp:attachment":[{"href":"https:\/\/lospoliticosveracruz.com.mx\/index.php?rest_route=%2Fwp%2Fv2%2Fmedia&parent=4885"}],"wp:term":[{"taxonomy":"category","embeddable":true,"href":"https:\/\/lospoliticosveracruz.com.mx\/index.php?rest_route=%2Fwp%2Fv2%2Fcategories&post=4885"},{"taxonomy":"post_tag","embeddable":true,"href":"https:\/\/lospoliticosveracruz.com.mx\/index.php?rest_route=%2Fwp%2Fv2%2Ftags&post=4885"}],"curies":[{"name":"wp","href":"https:\/\/api.w.org\/{rel}","templated":true}]}}