{"id":49069,"date":"2019-08-13T10:35:37","date_gmt":"2019-08-13T15:35:37","guid":{"rendered":"http:\/\/www.lospoliticosveracruz.com.mx\/?p=49069"},"modified":"2019-08-13T10:35:37","modified_gmt":"2019-08-13T15:35:37","slug":"el-pri-y-veracruz","status":"publish","type":"post","link":"https:\/\/lospoliticosveracruz.com.mx\/?p=49069","title":{"rendered":"El PRI y Veracruz"},"content":{"rendered":"<p><strong>Ricardo Ch\u00faa<\/strong><\/p>\n<p><em>Sale y Vale<\/em><\/p>\n<p>A pesar que en el proceso del PRI a dirigente nacional que gan\u00f3 el gobernador con licencia de Campeche, Alejandro Moreno C\u00e1rdenas \u00abAlito\u00bb, donde s\u00f3lo voto, al parecer, el 37 por ciento del padr\u00f3n del priismo.. Es un hecho que este organismo tiene la disyuntiva m\u00e1s grande de su historia: Como buen tibur\u00f3n cuando huele sangre ataca con todo o se queda como parte de un \u00absat\u00e9lite\u00bb de la Cuarta Transformaci\u00f3n&#8230; Que ya le demostr\u00f3 en los estados y federaci\u00f3n que no quiere negociar con ellos&#8230;<\/p>\n<p>Y de las \u00fanicas fortalezas que mostr\u00f3 el PRI en el proceso del domingo&#8230; Es que aunque sus \u00abenemigos\u00bb le achaquen de ser un partido en peligro de extinci\u00f3n&#8230; La \u00fanica realidad es que a este organismo no lo pueden comparar cuando hace elecciones internas, con las que realizan los otros partidos pol\u00edticos&#8230; Y el motivo es muy sencillo definirlo: Ya que el PRI es el \u00fanico partido de masas en M\u00e9xico&#8230; MORENA es el PRD&#8230; Y quien diga lo contrario&#8230; Miente&#8230;<\/p>\n<p>Si se van con el PAN&#8230; Es elecci\u00f3n de delegado y que si bien cuentan con un padr\u00f3n m\u00e1s alto que el de MORENA y que tambi\u00e9n se somete a elecciones abiertas&#8230; Es un organismo pol\u00edtico de cuadros&#8230; Doctrinarios y dogm\u00e1ticos&#8230; El PRI es m\u00e1s abierto socialmente y todav\u00eda con m\u00e1s te\u00f3rica pol\u00edtica que MORENA&#8230; Como ejemplo, un personaje como Cuitl\u00e1huac Garc\u00eda hubiera tenido muy poca oportunidad de ser candidato a gobernador en el PAN&#8230; En el PRI quiz\u00e1s, si le anteced\u00eda un gobernador como Fidel Herrera&#8230; Pero en PAN no&#8230;<\/p>\n<p>Esa es la gran ventaja de continuar siendo un partido de centro izquierda&#8230; Ahora \u00abAlito\u00bb tendr\u00e1 que \u00abcicatrizar\u00bb heridas, negociar con sus 12 gobernadores crear un frente en contra de L\u00f3pez Obrador y unir a los dirigentes estatales donde no tienen gobierno estatal.. Para empatarlos en las negociaciones y que ese frente sea m\u00e1s fuerte&#8230; De no hacerlo as\u00ed&#8230; Moreno ser\u00e1 MORENA e ir\u00e1 en camino a la perdici\u00f3n&#8230; Pero se ve m\u00e1s cerca, aunque digan lo contrario, una alianza PRI-PAN&#8230; El panismo necesita a ese partido de masas&#8230; Los Morenos no&#8230;<\/p>\n<p>OJO&#8230; Tambi\u00e9n es cierto que en esta elecci\u00f3n&#8230; Votaron m\u00e1s personas que en el proceso a dirigente estatal que gan\u00f3 Marl\u00f3n Ram\u00edrez, que fue un 23 o 24 por ciento, al final de cuentas, esto deja en claro que el precedente que dej\u00f3 el triunfo del porte\u00f1o hubo \u00abencendida una llama\u00bb para que salieran a votar m\u00e1s personas en un proceso interno priista&#8230; Ese es el \u00e9xito de Marl\u00f3n, que hasta sus enemigos acudieron a las urnas a depositar su voto&#8230; Eso es dirigir un partido pol\u00edtico por un pol\u00edtico&#8230;<\/p>\n<p>Al final, los resultados finales, de las 254 actas computadas en Veracruz&#8230; Dejan claro con quienes operaron, los que saben hacerlo dentro del priismo jarocho&#8230; Y eso, queda claro con los 44 mil 392 votos que obtuvo Moreno C\u00e1rdenas&#8230; Junto con los 5 mil 928 que logr\u00f3 Ivonne Ortega y los mil 373 que obtuvo la veracruzana, Lorena Pi\u00f1on, la ex delegada de Relaciones Exteriores que fue \u00abbarrida\u00bb por el campechano en su propia tierra&#8230; Dir\u00e1n Marl\u00f3n se la jug\u00f3 con \u00abAlito\u00bb&#8230; \u00bfY?&#8230;<\/p>\n<p>En el PRI est\u00e1n acostumbrados a la institucionalidad y sobre todo ir de \u00abcargada\u00bb con el que m\u00e1s fuerza tiene&#8230; Aqu\u00ed no hay \u00abhilo negro\u00bb los priistas lo inventaron y redise\u00f1aron&#8230; Nadie se puede decir enga\u00f1ado&#8230; Las reglas del juego se conoc\u00edan y as\u00ed la jugaron&#8230;. Al final de cuentas, Marl\u00f3n recibi\u00f3 a Moreno y estuvo abierto con Ivonne&#8230; A los dos les dio sus espacio&#8230; Lorena nunca aviso&#8230; Por eso al ganar \u00abAlito\u00bb gana Marl\u00f3n porque su proceso en Veracruz es m\u00e1s legitimo, que el del pasado domingo&#8230; CONSUMATUM EST&#8230;<\/p>\n<p>LA RESURRECI\u00d3N PRIISTA&#8230; Hace un a\u00f1o nadie se hubiera imaginado a Jorge Carvallo, Fernando Kuri, Juan Carlos Molina, MamiL\u00fa Ingram, Irais Morales, Ponciano y Cirilo V\u00e1zquez trabajando en una elecci\u00f3n priista, aunque fuera interna&#8230; Muchos dec\u00edan que los ver\u00edan como \u00abapestados\u00bb despu\u00e9s del \u00abarrollador\u00bb triunfo de MORENA en Veracruz&#8230; Pero luego del DESENCANTO que ha sido el gobierno de Cuitl\u00e1huac Garcia&#8230; La sociedad voltea a ver a esos personajes que al menos, siempre mostraron como fueron, y no c\u00ednicos&#8230;<\/p>\n<p>Ahora personajes como Carvallo, Molina, Mami-L\u00fa, Kuri, Mauricio Carl\u00edn, Joel Arcos y los hermanos V\u00e1zquez Parissi de la mano de Marl\u00f3n Ram\u00edrez tienen que empezar dentro del priismo en Veracruz, innovando la inclusi\u00f3n&#8230; Tienen que evitar que dentro del PRI siga siendo un problema el que sea un partido incompatible con la democracia&#8230; Que si bien es cierto naci\u00f3 como partido de Estado, despu\u00e9s fue hegem\u00f3nico y de ah\u00ed dominante&#8230; Ya son otros tiempos, fueron vapuleados y ahora tienen que cambiar de cara ante la sociedad jarocha&#8230;<\/p>\n<p>Pero ahora Marl\u00f3n debe estar consiente que el PRI, en la realidad de una democracia de tan de baja calidad como la nuestra (Sino no hubieran -arrasado- pol\u00edticos de MORENA en 2018), el priismo no se encuentra&#8230; Y menos, si estos \u00abgurus\u00bb formados muchos de ellos, por uno de los mejores pol\u00edticos de M\u00e9xico (Fidel Herrera), deciden hacer del PRI el nuevo PVEM de MORENA&#8230; Pero las cosas pueden cambiar&#8230; As\u00ed como la relaci\u00f3n entre el CEN y el CDE, que esta no sea de subordinaci\u00f3n de la periferia hacia el centro&#8230;<\/p>\n<p>En este momento, Carvallo con cercan\u00eda en PVEM sabe que la diferencia reside en que el PRI se convirti\u00f3 en 2018 en partido minoritario que hasta los \u00abVerdes\u00bb van a disputarle el porcentaje de votos&#8230; Ya que hoy est\u00e1n en el mismo nivel&#8230; Por ello, es que si el PRI del centro del pa\u00eds, hac\u00eda la periferia estatal, no arriba a la democracia y no respeta a dirigentes locales, terminar\u00e1 como el PCUS, que desapareci\u00f3, en su ultima elecci\u00f3n en contra Putin en Rusia en 2000 casi le ganan&#8230; En 2004 apoy\u00f3 la clase empresarial que se hizo millonaria con la transici\u00f3n, y perdieron estrepitosamente&#8230;<\/p>\n<p>As\u00ed que en Veracruz, los Kuri, Carvallo, Mami-L\u00fa, Compayito Molina y todos los dem\u00e1s etc\u00e9tera&#8230; S\u00f3lo les queda apoyar a Marl\u00f3n como un presidente que gan\u00f3 con una legitimidad democr\u00e1tica real, para que ya el priismo pueda incidir en la agenda p\u00fablica de la entidad, tal como \u00abAlito\u00bb lo debe hacer en la nacional, que en este momento la tiene el PAN&#8230; Ya que MORENA es incapaz de hacerlo&#8230; Y de ah\u00ed empezar a crecer&#8230; Sin los errores que cometieron en el pasado.., La experiencia hace la diferencia&#8230; AMEN&#8230;<\/p>\n","protected":false},"excerpt":{"rendered":"<p>Ricardo Ch\u00faa Sale y Vale A pesar que en el proceso del PRI a dirigente nacional que gan\u00f3 el gobernador con licencia de Campeche, Alejandro Moreno C\u00e1rdenas \u00abAlito\u00bb, donde s\u00f3lo voto, al parecer, el 37 por ciento del padr\u00f3n del priismo.. Es un hecho que este organismo tiene la disyuntiva m\u00e1s grande de su historia: [&hellip;]<\/p>\n","protected":false},"author":2,"featured_media":49070,"comment_status":"open","ping_status":"open","sticky":false,"template":"","format":"standard","meta":{"_jetpack_newsletter_access":"","_jetpack_dont_email_post_to_subs":false,"_jetpack_newsletter_tier_id":0,"_jetpack_memberships_contains_paywalled_content":false,"_jetpack_memberships_contains_paid_content":false,"footnotes":""},"categories":[70],"tags":[15048,12744,1026,266,107,251,195],"class_list":["post-49069","post","type-post","status-publish","format-standard","has-post-thumbnail","hentry","category-de-opinion","tag-alejandro-moreno-cardenas","tag-cuarta-transformacion","tag-morena","tag-pan","tag-prd","tag-pri","tag-veracruz"],"jetpack_featured_media_url":"https:\/\/lospoliticosveracruz.com.mx\/wp-content\/uploads\/2019\/08\/Alito.jpg","jetpack_sharing_enabled":true,"jetpack_shortlink":"https:\/\/wp.me\/p4Qcd3-cLr","_links":{"self":[{"href":"https:\/\/lospoliticosveracruz.com.mx\/index.php?rest_route=\/wp\/v2\/posts\/49069","targetHints":{"allow":["GET"]}}],"collection":[{"href":"https:\/\/lospoliticosveracruz.com.mx\/index.php?rest_route=\/wp\/v2\/posts"}],"about":[{"href":"https:\/\/lospoliticosveracruz.com.mx\/index.php?rest_route=\/wp\/v2\/types\/post"}],"author":[{"embeddable":true,"href":"https:\/\/lospoliticosveracruz.com.mx\/index.php?rest_route=\/wp\/v2\/users\/2"}],"replies":[{"embeddable":true,"href":"https:\/\/lospoliticosveracruz.com.mx\/index.php?rest_route=%2Fwp%2Fv2%2Fcomments&post=49069"}],"version-history":[{"count":1,"href":"https:\/\/lospoliticosveracruz.com.mx\/index.php?rest_route=\/wp\/v2\/posts\/49069\/revisions"}],"predecessor-version":[{"id":49071,"href":"https:\/\/lospoliticosveracruz.com.mx\/index.php?rest_route=\/wp\/v2\/posts\/49069\/revisions\/49071"}],"wp:featuredmedia":[{"embeddable":true,"href":"https:\/\/lospoliticosveracruz.com.mx\/index.php?rest_route=\/wp\/v2\/media\/49070"}],"wp:attachment":[{"href":"https:\/\/lospoliticosveracruz.com.mx\/index.php?rest_route=%2Fwp%2Fv2%2Fmedia&parent=49069"}],"wp:term":[{"taxonomy":"category","embeddable":true,"href":"https:\/\/lospoliticosveracruz.com.mx\/index.php?rest_route=%2Fwp%2Fv2%2Fcategories&post=49069"},{"taxonomy":"post_tag","embeddable":true,"href":"https:\/\/lospoliticosveracruz.com.mx\/index.php?rest_route=%2Fwp%2Fv2%2Ftags&post=49069"}],"curies":[{"name":"wp","href":"https:\/\/api.w.org\/{rel}","templated":true}]}}