{"id":49072,"date":"2019-08-13T22:55:30","date_gmt":"2019-08-14T03:55:30","guid":{"rendered":"http:\/\/www.lospoliticosveracruz.com.mx\/?p=49072"},"modified":"2019-08-13T21:09:14","modified_gmt":"2019-08-14T02:09:14","slug":"que-gusto-que-le-vaya-bien-a-christian","status":"publish","type":"post","link":"https:\/\/lospoliticosveracruz.com.mx\/?p=49072","title":{"rendered":"\u00a1Qu\u00e9 gusto que le vaya bien a Christian!"},"content":{"rendered":"<p><strong>Salvador Mu\u00f1oz<\/strong><\/p>\n<p><em>Los Pol\u00edticos<\/em><\/p>\n<p><span style=\"font-weight: 400;\">El asesor del alcalde de Tlacotalpan, Guillermo Rodr\u00edguez, hace los siguientes cuestionamientos a la columna que se refiri\u00f3 a Christian Romero P\u00e9rez y su \u201cPalapa\u201d: \u201c\u00bfQuisiera saber en qu\u00e9 se basa usted para pensar que el dinero que se ocup\u00f3 para la realizaci\u00f3n de ese espacio fue con recurso p\u00fablico? \u00bfQuisiera saber en qu\u00e9 se basa usted para pensar que Christian Romero no ten\u00eda nada antes de empezar su administraci\u00f3n? \u00bfQu\u00e9 le hace pensar que no ten\u00eda propiedades ni recursos? Desafortunadamente en esta administraci\u00f3n no se destina dinero para chayote\u2026\u201d<\/span><\/p>\n<p><span style=\"font-weight: 400;\">Si no mal se recuerda, no se cuestion\u00f3 de d\u00f3nde sali\u00f3 para la obra privada que hizo Christian Romero ni si ten\u00eda antes o no recursos para hacerlo\u2026 es m\u00e1s, nos queda claro que le va muy bien econ\u00f3micamente a Romero P\u00e9rez y en lo particular, celebro que a la gente le vaya bien\u2026 a m\u00ed no me sorprende que Christian Romero P\u00e9rez tenga dinero para hacer un chal\u00e9 en su rancho\u2026 es m\u00e1s, hasta da gusto que su buena vibra se extienda a sus familiares, como a su propia hermana Ang\u00e9lica, a la que malamente ubican como Tesorera del Ayuntamiento cuando quien ostenta tal cargo es otra dama\u2026 que mande, es otra cosa.<\/span><\/p>\n<p><span style=\"font-weight: 400;\">Por qu\u00e9 citar a Ang\u00e9lica, \u00a1ah! porque la buena vibra de su hermano se comparte y por eso Ang\u00e9lica puede darse un peque\u00f1o lujo, como comprarse una camioneta Buick Enclave, blanca\u2026 pero no se esponjen estimados tlacotalpe\u00f1os, no se vayan a calentar\u2026 la camioneta es de uso\u2026 a m\u00ed no me consta, pero as\u00ed como pudo compr\u00e1rsela a su cu\u00f1ada Er\u00e9ndira, se la pudo comprar a cualquiera.<\/span><\/p>\n<p><span style=\"font-weight: 400;\">Aunque hay que ser claros\u2026 si algo hay que reconocer a los Romero P\u00e9rez es que hasta para comprar son austeros porque si la hermana compra \u201cusado\u201d, \u00a1Christian igual! porque no me van a decir que la moto Ducati era nueva\u2026 a ojo de buen cubero, 2017\u2026 \u00bfqu\u00e9 le gusta? \u00bfunos 250 mil pesos \u201cbajita la tenaza\u201d?<\/span><\/p>\n<p><span style=\"font-weight: 400;\">\u00bfY qu\u00e9 tan de uso ser\u00e1 esa moto que hasta la presume \u201cel primo\u201d Lalo Mora? A Eduardo Mora lo ubican como el \u201cRomeo\u201d de la prima del alcalde, Karla M\u00e1rquez. Lalo, mejor conocido como \u201cEl Coquero\u201d, trabaja en el Ayuntamiento, aunque\u00a0 siguen sin precisar qu\u00e9 hace all\u00ed\u2026 \u00bfadministra la gasolina? \u00bfhombre de confianza de los Romero P\u00e9rez? \u00bfel que hace los \u201ctrabajos especiales\u201d?<\/span><\/p>\n<p><span style=\"font-weight: 400;\">En serio\u2026 en lo particular, me da gusto que le vaya muy bien a Christian Romero P\u00e9rez y si tiene, que lo disfrute, que le aproveche\u2026 si a los tlacotalpe\u00f1os no les embona eso, no es su problema, como tampoco del alcalde que no vean el magn\u00edfico trabajo que (dixit don Rodr\u00edguez Dom\u00ednguez, su asesor) que est\u00e1 haciendo en esta administraci\u00f3n municipal\u2026<\/span><\/p>\n<p><span style=\"font-weight: 400;\">Es m\u00e1s, soy de la idea de que quien trabaja, se merece no s\u00f3lo comprarse motos, pasearse por Plaza El Dorado, o hacerse un Chal\u00e9 como le plazca en su rancho, tambi\u00e9n tiene derecho a comprarse hasta un par de cuacos que lejos est\u00e1n de ser \u201ccaballos lecheros\u201d&#8230; desde este espacio queremos felicitar a Christian Romero P\u00e9rez por el crecimiento econ\u00f3mico que tiene \u00e9l y su familia y sabedores de que la buena vibra se contagia, ojal\u00e1 al t\u00e9rmino de su administraci\u00f3n municipal, sea epidemia la que se refleje en la Perla del Papaloapan\u2026<\/span><\/p>\n<p>&nbsp;<\/p>\n<p><span style=\"font-weight: 400;\">smcainito@gmail.com<\/span><\/p>\n<p>&nbsp;<\/p>\n","protected":false},"excerpt":{"rendered":"<p>Salvador Mu\u00f1oz Los Pol\u00edticos El asesor del alcalde de Tlacotalpan, Guillermo Rodr\u00edguez, hace los siguientes cuestionamientos a la columna que se refiri\u00f3 a Christian Romero P\u00e9rez y su \u201cPalapa\u201d: \u201c\u00bfQuisiera saber en qu\u00e9 se basa usted para pensar que el dinero que se ocup\u00f3 para la realizaci\u00f3n de ese espacio fue con recurso p\u00fablico? \u00bfQuisiera [&hellip;]<\/p>\n","protected":false},"author":2,"featured_media":49074,"comment_status":"open","ping_status":"open","sticky":false,"template":"","format":"standard","meta":{"_jetpack_newsletter_access":"","_jetpack_dont_email_post_to_subs":false,"_jetpack_newsletter_tier_id":0,"_jetpack_memberships_contains_paywalled_content":false,"_jetpack_memberships_contains_paid_content":false,"footnotes":""},"categories":[70],"tags":[8534,14495,15054,676],"class_list":["post-49072","post","type-post","status-publish","format-standard","has-post-thumbnail","hentry","category-de-opinion","tag-christian-romero-perez","tag-el-coquero","tag-guillermo-rodriguez-dominguez","tag-tlacotalpan"],"jetpack_featured_media_url":"https:\/\/lospoliticosveracruz.com.mx\/wp-content\/uploads\/2019\/08\/Tlacotalpan.jpg","jetpack_sharing_enabled":true,"jetpack_shortlink":"https:\/\/wp.me\/p4Qcd3-cLu","_links":{"self":[{"href":"https:\/\/lospoliticosveracruz.com.mx\/index.php?rest_route=\/wp\/v2\/posts\/49072","targetHints":{"allow":["GET"]}}],"collection":[{"href":"https:\/\/lospoliticosveracruz.com.mx\/index.php?rest_route=\/wp\/v2\/posts"}],"about":[{"href":"https:\/\/lospoliticosveracruz.com.mx\/index.php?rest_route=\/wp\/v2\/types\/post"}],"author":[{"embeddable":true,"href":"https:\/\/lospoliticosveracruz.com.mx\/index.php?rest_route=\/wp\/v2\/users\/2"}],"replies":[{"embeddable":true,"href":"https:\/\/lospoliticosveracruz.com.mx\/index.php?rest_route=%2Fwp%2Fv2%2Fcomments&post=49072"}],"version-history":[{"count":1,"href":"https:\/\/lospoliticosveracruz.com.mx\/index.php?rest_route=\/wp\/v2\/posts\/49072\/revisions"}],"predecessor-version":[{"id":49075,"href":"https:\/\/lospoliticosveracruz.com.mx\/index.php?rest_route=\/wp\/v2\/posts\/49072\/revisions\/49075"}],"wp:featuredmedia":[{"embeddable":true,"href":"https:\/\/lospoliticosveracruz.com.mx\/index.php?rest_route=\/wp\/v2\/media\/49074"}],"wp:attachment":[{"href":"https:\/\/lospoliticosveracruz.com.mx\/index.php?rest_route=%2Fwp%2Fv2%2Fmedia&parent=49072"}],"wp:term":[{"taxonomy":"category","embeddable":true,"href":"https:\/\/lospoliticosveracruz.com.mx\/index.php?rest_route=%2Fwp%2Fv2%2Fcategories&post=49072"},{"taxonomy":"post_tag","embeddable":true,"href":"https:\/\/lospoliticosveracruz.com.mx\/index.php?rest_route=%2Fwp%2Fv2%2Ftags&post=49072"}],"curies":[{"name":"wp","href":"https:\/\/api.w.org\/{rel}","templated":true}]}}