{"id":49082,"date":"2019-08-14T13:06:24","date_gmt":"2019-08-14T18:06:24","guid":{"rendered":"http:\/\/www.lospoliticosveracruz.com.mx\/?p=49082"},"modified":"2019-08-14T13:06:24","modified_gmt":"2019-08-14T18:06:24","slug":"asi-sera-la-garra-de-tigre-a-revolucion","status":"publish","type":"post","link":"https:\/\/lospoliticosveracruz.com.mx\/?p=49082","title":{"rendered":"As\u00ed ser\u00e1 la \u00abgarra de tigre\u00bb a Revoluci\u00f3n"},"content":{"rendered":"<p>&nbsp;<\/p>\n<p>Para atender el deterioro asociado al paso del transporte p\u00fablico y el abandono en que se tuvo por m\u00e1s de 15 a\u00f1os, as\u00ed como para ofrecer a la poblaci\u00f3n v\u00edas de comunicaci\u00f3n de calidad, el 16 de agosto iniciar\u00e1 la obra de rehabilitaci\u00f3n integral de la calle Revoluci\u00f3n en Xalapa, en la que se invertir\u00e1 13.8 millones de pesos del Fondo de Aportaciones para el Fortalecimiento de los Municipios y Demarcaciones Territoriales del Distrito Federal <em>(Fortamun-<\/em>DF<em>).<\/em><\/p>\n<p>En conferencia de prensa, el presidente municipal Hip\u00f3lito Rodr\u00edguez Herrero detall\u00f3 que se trata de una obra de alto impacto social y econ\u00f3mico con un periodo de <em>vida \u00fatil\u00a0<\/em>de 25 a 30 a\u00f1os, con la que se tendr\u00e1 una mejor imagen urbana, y \u201cuna calle de primer mundo como lo merece Xalapa. Ayudar\u00e1 a que el centro hist\u00f3rico vuelva a vivir y que el comercio vuelva a <em>florecer <\/em>en el <em>coraz\u00f3n\u00a0<\/em>de Xalapa\u201d, expres\u00f3.<\/p>\n<p>La directora de Obras P\u00fablicas, Sulekey Citlalli Hern\u00e1ndez Garrido explic\u00f3 que la obra comprende la pavimentaci\u00f3n con concreto hidr\u00e1ulico de 3 mil 700 metros cuadrados, aproximadamente, la rehabilitaci\u00f3n de tomas de drenaje sanitario, la construcci\u00f3n de drenaje pluvial, as\u00ed como guarniciones y banquetas.<\/p>\n<p>Agreg\u00f3 que para conservar la identidad de las calles del Centro Hist\u00f3rico, los acabados incluyen el estampado del pavimento similar al que existe en la calle Juan de la Luz Enr\u00edquez.<\/p>\n<p><a href=\"http:\/\/www.lospoliticosveracruz.com.mx\/wp-content\/uploads\/2019\/08\/Revoluci\u00f3n-A.png\"><img loading=\"lazy\" decoding=\"async\" class=\"aligncenter size-full wp-image-49086\" src=\"http:\/\/www.lospoliticosveracruz.com.mx\/wp-content\/uploads\/2019\/08\/Revoluci\u00f3n-A.png\" alt=\"Revoluci\u00f3n A\" width=\"600\" height=\"338\" \/><\/a><\/p>\n<p>Tambi\u00e9n, considera el mejoramiento del alumbrado p\u00fablico con la instalaci\u00f3n de l\u00e1mparas tipo LED y equipamiento urbano, como \u00e1reas de descanso para el peat\u00f3n, bancas, gu\u00edas podot\u00e1ctiles para ayudar a las personas con debilidad visual, e hidrantes.<\/p>\n<p>Para permitir el flujo vehicular a estacionamientos, as\u00ed como la labor comercial de negocios, tales como papeler\u00edas, zapater\u00edas y tiendas de uniformes escolares, durante esta temporada de regreso a clases, los trabajos se dividir\u00e1n en tres etapas, con una duraci\u00f3n de entre 40 y 50 d\u00edas, cada una.<\/p>\n<p>La primera etapa va del crucero de la calle Poeta Jes\u00fas D\u00edaz hasta la calle Guadalupe Victoria; la segunda, de Guadalupe Victoria al crucero de la calle Manlio Fabio Altamirano, y la tercera, de Manlio Fabio Altamirano al crucero de la calle Benito Ju\u00e1rez.<\/p>\n<p>En Revoluci\u00f3n se tendr\u00e1 circulaci\u00f3n para el tr\u00e1nsito local y se dar\u00e1 facilidades para que en los comercios de la zona se haga la descarga de mercanc\u00eda en un horario y rutas acordadas con la Direcci\u00f3n General de Tr\u00e1nsito y Seguridad Vial del Estado.<\/p>\n<p>El delegado de la dependencia en Xalapa, Miguel \u00c1ngel L\u00f3pez Ortega inform\u00f3 que habr\u00e1 15 elementos pie tierra y tres m\u00e1s en motopatrulla que se encargar\u00e1n de limitar el estacionamiento tanto en la calle Doctor Rafael Lucio como en Francisco Javier Clavijero. En el caso del transporte p\u00fablico en modalidad de taxi, se evitar\u00e1 que hagan <em>sitio<\/em>y se permitir\u00e1 s\u00f3lo el ascenso y descenso de pasajeros.<\/p>\n<p>Para no perjudicar el desplazamiento de la poblaci\u00f3n y la actividad comercial, se trabaj\u00f3 en el dise\u00f1o de una estrategia de movilidad con rutas alternas de tr\u00e1nsito para el transporte p\u00fablico y privado.<\/p>\n<p><a href=\"http:\/\/www.lospoliticosveracruz.com.mx\/wp-content\/uploads\/2019\/08\/Revoluci\u00f3n-C.png\"><img loading=\"lazy\" decoding=\"async\" class=\"aligncenter size-full wp-image-49084\" src=\"http:\/\/www.lospoliticosveracruz.com.mx\/wp-content\/uploads\/2019\/08\/Revoluci\u00f3n-C.png\" alt=\"Revoluci\u00f3n C\" width=\"600\" height=\"338\" srcset=\"https:\/\/lospoliticosveracruz.com.mx\/wp-content\/uploads\/2019\/08\/Revoluci\u00f3n-C.png 600w, https:\/\/lospoliticosveracruz.com.mx\/wp-content\/uploads\/2019\/08\/Revoluci\u00f3n-C-300x169.png 300w\" sizes=\"auto, (max-width: 600px) 100vw, 600px\" \/><\/a><\/p>\n<p>Se explic\u00f3 que en la calle Francisco Javier Clavijero se invertir\u00e1 el sentido de circulaci\u00f3n. El tramo entre Juan de la Luz Enr\u00edquez y Benito Ju\u00e1rez ser\u00e1 de doble sentido \u00fanicamente para las unidades de la Delegaci\u00f3n de la Cruz Roja.<\/p>\n<p>Los veh\u00edculos privados y de transporte p\u00fablico que actualmente bajan por Francisco Javier Clavijero ahora lo har\u00e1n por la avenida 20 de Noviembre y Doctor Rafael Lucio, que mantiene su sentido actual de circulaci\u00f3n.<\/p>\n<p>Las paradas de la calle Francisco Javier Clavijero permanecer\u00e1n en los puntos actuales, pero en el sentido contrario. Se respetar\u00e1 las paradas en la calle Doctor Rafael Lucio; el estacionamiento para motocicletas que est\u00e1 a la altura de la plaza Sebasti\u00e1n Lerdo de Tejada, se suprimir\u00e1 de forma temporal.<\/p>\n<p>Las unidades de transporte p\u00fablico que entran al Centro por Xalape\u00f1os Ilustres y continuaban por Carrillo Puerto, ahora transitar\u00e1n por Juan de la Luz Enr\u00edquez y subir\u00e1n por Clavijero.<\/p>\n<p>Mientras que las rutas que ingresan al Centro por la calle Ignacio Allende, ahora subir\u00e1n por Jos\u00e9 Joaqu\u00edn Herrera y Francisco Javier Clavijero para continuar por el circuito establecido.<\/p>\n<p>Tamborrel, a un costado del mercado J\u00e1uregui, ser\u00e1 peatonal junto con la calle Constituci\u00f3n, y Mariano Abasolo se utilizar\u00e1 para que la maquinaria pesada y veh\u00edculos de carga y descarga de material, as\u00ed como de suministro y abastecimiento comercial tengan acceso a la zona de obra, por lo que se recomienda a la poblaci\u00f3n que evite transitar por el \u00e1rea.<\/p>\n<p>Para garantizar la fluidez vehicular, durante el desarrollo de cada etapa de la obra, personal de la Direcci\u00f3n de Seguridad Ciudadana y Tr\u00e1nsito Municipal, en coordinaci\u00f3n con la Direcci\u00f3n General de Tr\u00e1nsito y Seguridad Vial del Estado, establecer\u00e1 operativos en los cruceros de la calle Francisco Javier Clavijero con Isauro Acosta, Benito Ju\u00e1rez, y Juan de la Luz Enr\u00edquez, as\u00ed como en la esquina de Juan de la Luz Enr\u00edquez y Doctor Rafael Lucio.<\/p>\n<p><a href=\"http:\/\/www.lospoliticosveracruz.com.mx\/wp-content\/uploads\/2019\/08\/Revoluci\u00f3n-D.jpeg\"><img loading=\"lazy\" decoding=\"async\" class=\"aligncenter size-full wp-image-49085\" src=\"http:\/\/www.lospoliticosveracruz.com.mx\/wp-content\/uploads\/2019\/08\/Revoluci\u00f3n-D.jpeg\" alt=\"Revoluci\u00f3n D\" width=\"600\" height=\"400\" srcset=\"https:\/\/lospoliticosveracruz.com.mx\/wp-content\/uploads\/2019\/08\/Revoluci\u00f3n-D.jpeg 600w, https:\/\/lospoliticosveracruz.com.mx\/wp-content\/uploads\/2019\/08\/Revoluci\u00f3n-D-300x200.jpeg 300w, https:\/\/lospoliticosveracruz.com.mx\/wp-content\/uploads\/2019\/08\/Revoluci\u00f3n-D-360x240.jpeg 360w\" sizes=\"auto, (max-width: 600px) 100vw, 600px\" \/><\/a><\/p>\n","protected":false},"excerpt":{"rendered":"<p>&nbsp; Para atender el deterioro asociado al paso del transporte p\u00fablico y el abandono en que se tuvo por m\u00e1s de 15 a\u00f1os, as\u00ed como para ofrecer a la poblaci\u00f3n v\u00edas de comunicaci\u00f3n de calidad, el 16 de agosto iniciar\u00e1 la obra de rehabilitaci\u00f3n integral de la calle Revoluci\u00f3n en Xalapa, en la que se [&hellip;]<\/p>\n","protected":false},"author":2,"featured_media":49083,"comment_status":"open","ping_status":"open","sticky":false,"template":"","format":"standard","meta":{"_jetpack_newsletter_access":"","_jetpack_dont_email_post_to_subs":false,"_jetpack_newsletter_tier_id":0,"_jetpack_memberships_contains_paywalled_content":false,"_jetpack_memberships_contains_paid_content":false,"footnotes":""},"categories":[73],"tags":[223,7620,15059,3771,15058,96],"class_list":["post-49082","post","type-post","status-publish","format-standard","has-post-thumbnail","hentry","category-de-boleto","tag-calle-revolucion","tag-hipolito-rodriguez-herrero","tag-miguel-angel-lopez-ortega","tag-obras-publicas","tag-sulekey-citlalli-hernandez-garrido","tag-xalapa"],"jetpack_featured_media_url":"https:\/\/lospoliticosveracruz.com.mx\/wp-content\/uploads\/2019\/08\/Revoluci\u00f3n-B.png","jetpack_sharing_enabled":true,"jetpack_shortlink":"https:\/\/wp.me\/p4Qcd3-cLE","_links":{"self":[{"href":"https:\/\/lospoliticosveracruz.com.mx\/index.php?rest_route=\/wp\/v2\/posts\/49082","targetHints":{"allow":["GET"]}}],"collection":[{"href":"https:\/\/lospoliticosveracruz.com.mx\/index.php?rest_route=\/wp\/v2\/posts"}],"about":[{"href":"https:\/\/lospoliticosveracruz.com.mx\/index.php?rest_route=\/wp\/v2\/types\/post"}],"author":[{"embeddable":true,"href":"https:\/\/lospoliticosveracruz.com.mx\/index.php?rest_route=\/wp\/v2\/users\/2"}],"replies":[{"embeddable":true,"href":"https:\/\/lospoliticosveracruz.com.mx\/index.php?rest_route=%2Fwp%2Fv2%2Fcomments&post=49082"}],"version-history":[{"count":1,"href":"https:\/\/lospoliticosveracruz.com.mx\/index.php?rest_route=\/wp\/v2\/posts\/49082\/revisions"}],"predecessor-version":[{"id":49087,"href":"https:\/\/lospoliticosveracruz.com.mx\/index.php?rest_route=\/wp\/v2\/posts\/49082\/revisions\/49087"}],"wp:featuredmedia":[{"embeddable":true,"href":"https:\/\/lospoliticosveracruz.com.mx\/index.php?rest_route=\/wp\/v2\/media\/49083"}],"wp:attachment":[{"href":"https:\/\/lospoliticosveracruz.com.mx\/index.php?rest_route=%2Fwp%2Fv2%2Fmedia&parent=49082"}],"wp:term":[{"taxonomy":"category","embeddable":true,"href":"https:\/\/lospoliticosveracruz.com.mx\/index.php?rest_route=%2Fwp%2Fv2%2Fcategories&post=49082"},{"taxonomy":"post_tag","embeddable":true,"href":"https:\/\/lospoliticosveracruz.com.mx\/index.php?rest_route=%2Fwp%2Fv2%2Ftags&post=49082"}],"curies":[{"name":"wp","href":"https:\/\/api.w.org\/{rel}","templated":true}]}}