{"id":49107,"date":"2019-08-15T22:55:29","date_gmt":"2019-08-16T03:55:29","guid":{"rendered":"http:\/\/www.lospoliticosveracruz.com.mx\/?p=49107"},"modified":"2019-08-15T20:05:20","modified_gmt":"2019-08-16T01:05:20","slug":"ni-a-los-perros-respeta-la-delincuencia","status":"publish","type":"post","link":"https:\/\/lospoliticosveracruz.com.mx\/?p=49107","title":{"rendered":"Ni a los perros respeta la delincuencia\u00a0"},"content":{"rendered":"<p><strong>Salvador Mu\u00f1oz<\/strong><\/p>\n<p><em>Los Pol\u00edticos<\/em><\/p>\n<p><span style=\"font-weight: 400;\">Un ni\u00f1o en bicicleta circula en el centro del parque de la unidad habitacional donde vivo\u2026 llamo a Nina y Lucky a mi lado mientras las ni\u00f1as de Once hacen lo mismo. Gerardo tiene bajo resguardo a Duncan. El ni\u00f1o pasa raudo y no puedo evitar expresar: \u201c\u00a1Pinche chamaco imprudente! \u00a1qu\u00e9 no se da cuenta que es un parque para perros!\u201d Por supuesto, fue una broma que as\u00ed fue tomada por los presentes, y es que a veces el parque parece m\u00e1s de esparcimiento canino, que infantil.<\/span><\/p>\n<p><span style=\"font-weight: 400;\">Incluso, una vecina de Jardines de Xalapa hizo una propuesta al Ayuntamiento de Xalapa para que parte de un \u00e1rea verde del parque fuera cercada para que all\u00ed, los perros pudieran deambular, correr o jugar tranquilamente bajo el cuidado de sus due\u00f1os, y eso s\u00ed, la limpieza del \u00e1rea (heces y basura), fuera responsabilidad de los perreros.<\/span><\/p>\n<p><span style=\"font-weight: 400;\">S\u00e9 que el proyecto fue entregado, pero ya no s\u00e9 en qu\u00e9 par\u00f3 tal propuesta, que a mi juicio, no es mala si pensamos que el espacio proyectado para tal efecto est\u00e1 lejos de los juegos infantiles, no es un \u00e1rea ocupada por la gente y har\u00eda un lugar amable para los canes.<\/span><\/p>\n<p><span style=\"font-weight: 400;\">Hay personas que toman muy en serio la relaci\u00f3n con su perro, al grado que hay quienes les dicen (decimos) perrhijo o canhijo.<\/span><\/p>\n<p><span style=\"font-weight: 400;\">El afecto que se le puede guardar a una mascota o compa\u00f1ero canino es tan fuerte que incluso, hasta puede ser usado por la delincuencia\u2026 \u00a1en serio!<\/span><\/p>\n<p><span style=\"font-weight: 400;\">A lo mejor usted habr\u00eda escuchado del secuestro o robo de perros, ambos casos distintos. En el primero, se busca obtener un beneficio econ\u00f3mico; en el segundo, se pretende el criadero ilegal\u2026 el caso que no me quiero imaginar, es el de sustracci\u00f3n de canes para usarlos en el entrenamiento de perros de pelea, como alguna ocasi\u00f3n lo le\u00ed en \u201cLos Perros Duros no Bailan\u201d, de P\u00e9rez Reverte.<\/span><\/p>\n<p><span style=\"font-weight: 400;\">Bueno, pues estos escenarios los hab\u00eda escuchado fuera de Xalapa hasta que una vecina, de \u00e9sas que uno se encuentra en los paseos habituales de nuestros canes por el parque me dijo: \u201c\u00bfYa sabe la nueva modalidad en el robo de mascotas?\u201d<\/span><\/p>\n<p><span style=\"font-weight: 400;\">\u00a1Ya saben! Algo as\u00ed como \u201cel primo de un amigo m\u00edo\u201d le cont\u00f3 que en la zona de Las Animas o la avenida Araucarias, la verdad no recuerdo ese dato, desapareci\u00f3 un perrito. Cl\u00e1sico, se pone anuncios en las redes sociales as\u00ed como letreros en los sitios donde uno cree que puede ser zona de extensi\u00f3n del extrav\u00edo. Como es habitual, se ofrece una recompensa que va entre los 2 mil o 5 mil pesos, seg\u00fan la situaci\u00f3n econ\u00f3mica de los due\u00f1os.<\/span><\/p>\n<p><span style=\"font-weight: 400;\">\u00a0Al poco tiempo, se recibe una llamada telef\u00f3nica donde avisan que se tiene bajo resguardo a la mascota y se ofrecen a entregarla, salvo que hay algunos detalles que se tienen que superar pues se invirti\u00f3 en acudir al veterinario porque al parecer, el can ven\u00eda enfermo; agregue que los medicamentos estaban algo caros y aunque no lo crea \u2014as\u00ed me lo asegura la vecina\u2014 hay documento de un supuesto m\u00e9dico veterinario que sustenta lo dicho por los \u201crescatistas\u201d&#8230; en resumen, el due\u00f1o, aparte de la recompensa, desembolsa algo as\u00ed como 5 mil pesos extra.<\/span><\/p>\n<p><span style=\"font-weight: 400;\">\u00a1Claro! dif\u00edcil acusar de \u201cladroncinio\u201d (de robarse al que ladra) a alguien a menos que sea en flagrancia y no s\u00e9 si haya manera de acudir ante el MP porque creo que no hemos llegado a esos extremos en nuestros quehaceres legislativos para llegar y decir: \u201cMe robaron a mi perro\u201d&#8230; a menos que me corrijan las autoridades y est\u00e9 equivocado.<\/span><\/p>\n<p><span style=\"font-weight: 400;\">Mientras, no queda otra m\u00e1s que cuidar a nuestros canhijos que al parecer, ni ellos se salvan de la delincuencia.<\/span><\/p>\n<p>&nbsp;<\/p>\n<p><span style=\"font-weight: 400;\">smcainito@gmail.com<\/span><\/p>\n","protected":false},"excerpt":{"rendered":"<p>Salvador Mu\u00f1oz Los Pol\u00edticos Un ni\u00f1o en bicicleta circula en el centro del parque de la unidad habitacional donde vivo\u2026 llamo a Nina y Lucky a mi lado mientras las ni\u00f1as de Once hacen lo mismo. Gerardo tiene bajo resguardo a Duncan. El ni\u00f1o pasa raudo y no puedo evitar expresar: \u201c\u00a1Pinche chamaco imprudente! \u00a1qu\u00e9 [&hellip;]<\/p>\n","protected":false},"author":2,"featured_media":0,"comment_status":"open","ping_status":"open","sticky":false,"template":"","format":"standard","meta":{"_jetpack_newsletter_access":"","_jetpack_dont_email_post_to_subs":false,"_jetpack_newsletter_tier_id":0,"_jetpack_memberships_contains_paywalled_content":false,"_jetpack_memberships_contains_paid_content":false,"footnotes":""},"categories":[70],"tags":[336,505,976],"class_list":["post-49107","post","type-post","status-publish","format-standard","hentry","category-de-opinion","tag-perros","tag-robos","tag-secuestro"],"jetpack_featured_media_url":"","jetpack_sharing_enabled":true,"jetpack_shortlink":"https:\/\/wp.me\/p4Qcd3-cM3","_links":{"self":[{"href":"https:\/\/lospoliticosveracruz.com.mx\/index.php?rest_route=\/wp\/v2\/posts\/49107","targetHints":{"allow":["GET"]}}],"collection":[{"href":"https:\/\/lospoliticosveracruz.com.mx\/index.php?rest_route=\/wp\/v2\/posts"}],"about":[{"href":"https:\/\/lospoliticosveracruz.com.mx\/index.php?rest_route=\/wp\/v2\/types\/post"}],"author":[{"embeddable":true,"href":"https:\/\/lospoliticosveracruz.com.mx\/index.php?rest_route=\/wp\/v2\/users\/2"}],"replies":[{"embeddable":true,"href":"https:\/\/lospoliticosveracruz.com.mx\/index.php?rest_route=%2Fwp%2Fv2%2Fcomments&post=49107"}],"version-history":[{"count":1,"href":"https:\/\/lospoliticosveracruz.com.mx\/index.php?rest_route=\/wp\/v2\/posts\/49107\/revisions"}],"predecessor-version":[{"id":49109,"href":"https:\/\/lospoliticosveracruz.com.mx\/index.php?rest_route=\/wp\/v2\/posts\/49107\/revisions\/49109"}],"wp:attachment":[{"href":"https:\/\/lospoliticosveracruz.com.mx\/index.php?rest_route=%2Fwp%2Fv2%2Fmedia&parent=49107"}],"wp:term":[{"taxonomy":"category","embeddable":true,"href":"https:\/\/lospoliticosveracruz.com.mx\/index.php?rest_route=%2Fwp%2Fv2%2Fcategories&post=49107"},{"taxonomy":"post_tag","embeddable":true,"href":"https:\/\/lospoliticosveracruz.com.mx\/index.php?rest_route=%2Fwp%2Fv2%2Ftags&post=49107"}],"curies":[{"name":"wp","href":"https:\/\/api.w.org\/{rel}","templated":true}]}}