{"id":49157,"date":"2019-08-19T09:30:32","date_gmt":"2019-08-19T14:30:32","guid":{"rendered":"http:\/\/www.lospoliticosveracruz.com.mx\/?p=49157"},"modified":"2019-08-19T09:30:32","modified_gmt":"2019-08-19T14:30:32","slug":"104-despachos-no-pudieron-cuadrar-cuentas-de-yunes","status":"publish","type":"post","link":"https:\/\/lospoliticosveracruz.com.mx\/?p=49157","title":{"rendered":"104 Despachos no pudieron cuadrar cuentas de Yunes"},"content":{"rendered":"<p><strong>Luis Alberto Romero<\/strong><\/p>\n<p><em>Hora Cero<\/em><\/p>\n<p>Suele decirse que hay quien pasa por un bosque sin perderse, y eso aplica en la cantidad de informaci\u00f3n que d\u00eda a d\u00eda se genera, se promueve y se consume. En la esfera informativa vale la pena rescatar la nota que hace unos d\u00edas se divulg\u00f3 respecto a los 104 despachos contables externos que fueron contratados por el gobierno de Miguel \u00c1ngel Yunes Linares para autoauditarse.<\/p>\n<p>Fueron 56 millones de pesos los que destin\u00f3 el bienio yunista en la contrataci\u00f3n del m\u00e1s de un centenar de despachos contables externos para llevar a cabo la dictaminaci\u00f3n a los estados financieros emitidos por los ejercicios fiscales 2017 y 2018.<\/p>\n<p>Aunque por lo visto, ese trabajo particular no estuvo bien hecho pues las auditor\u00edas practicadas por el \u00d3rgano de Fiscalizaci\u00f3n Superior de Veracruz (ORFIS) han detectado diversas irregularidades administrativas en el gobierno de dos a\u00f1os encabezado por Yunes Linares.<\/p>\n<p>Se sabe que los despachos m\u00e1s beneficiados con la asignaci\u00f3n de contratos fueron dos: Velasco Ram\u00edrez &amp; C\u00eda Consultores, representado por el actual presidente del Consejo Directivo del Colegio de Contadores P\u00fablicos de Xalapa, AC,\u00a0 Luis Javier Velasco Ram\u00edrez, que obtuvo un total de siete contratos por un monto total de cinco millones 390 mil pesos, y la firma Contadores P\u00fablicos y Consultores, cuyo representante legal es Nah\u00fam Moreno Prado, miembro tambi\u00e9n del Colegio Contadores P\u00fablicos de Xalapa, al cual le fueron otorgados seis contratos por un importe global de cinco millones 682 mil pesos.<\/p>\n<p>80 compa\u00f1\u00edas fueron contratadas por un monto de 32 millones 305 mil pesos, para la revisi\u00f3n del primer ejercicio fiscal de la administraci\u00f3n de Yunes Linares, gasto que en su mayor\u00eda corri\u00f3 a cargo de la Contralor\u00eda General del Estado y s\u00f3lo una m\u00ednima parte fue cubierto por otras dependencias e institutos.<\/p>\n<p>Tan s\u00f3lo en ese a\u00f1o, los auditores del ORFIS detectaron un presunto da\u00f1o patrimonial por m\u00e1s de 338 millones en el primer a\u00f1o de la administraci\u00f3n del ex gobernador panista, como consta en el Informe General Ejecutivo del Resultado de la Fiscalizaci\u00f3n Superior de la Cuenta P\u00fablica 2017, presentado por la instituci\u00f3n a cargo del Auditor General del Estado, Lorenzo Antonio Portilla V\u00e1squez.<\/p>\n<p>Para la revisi\u00f3n del ejercicio fiscal de 2018, el gobierno de Yunes Linares contrat\u00f3 a 24 despachos contables por un monto de 23 millones 456 mil pesos, de los cuales 14 millones fueron erogados por las propias dependencias e institutos auditados y, el resto, aportado por la Contralor\u00eda General del Estado.<\/p>\n<p>Hasta el momento suman 18 denuncias penales por presuntos desv\u00edos de recursos p\u00fablicos que enfrentan el ex gobernador panista y sus colaboradores, esto como resultado de las auditor\u00edas practicadas por el ORFIS que detectaron un presunto da\u00f1o patrimonial de mil 372 millones de pesos, por lo que el propio auditor Portilla V\u00e1squez tuvo que proceder penalmente en contra de los ex funcionarios que resulten responsables.<\/p>\n<p>Algo no cuadra en quienes debieron arreglar las cuentas y lo que hizo evidente es que pudieron haber fallado en su encargo o de plano, la administraci\u00f3n de Yunes Linares tra\u00eda un desorden financiero de origen que pudo agravarse con miras al proceso electoral del 2018. Lo cierto es que el titular del ORFIS, Lorenzo Antonio Portilla V\u00e1squez ya ha advertido que vendr\u00e1n m\u00e1s resultados de las revisiones a las Cuentas P\u00fablicas del 2017 y 2018, es decir, \u201ca\u00fan hay m\u00e1s\u201d. @luisromero85<\/p>\n","protected":false},"excerpt":{"rendered":"<p>Luis Alberto Romero Hora Cero Suele decirse que hay quien pasa por un bosque sin perderse, y eso aplica en la cantidad de informaci\u00f3n que d\u00eda a d\u00eda se genera, se promueve y se consume. En la esfera informativa vale la pena rescatar la nota que hace unos d\u00edas se divulg\u00f3 respecto a los 104 [&hellip;]<\/p>\n","protected":false},"author":2,"featured_media":0,"comment_status":"open","ping_status":"open","sticky":false,"template":"","format":"standard","meta":{"_jetpack_newsletter_access":"","_jetpack_dont_email_post_to_subs":false,"_jetpack_newsletter_tier_id":0,"_jetpack_memberships_contains_paywalled_content":false,"_jetpack_memberships_contains_paid_content":false,"footnotes":""},"categories":[70],"tags":[1916,6866,428,135],"class_list":["post-49157","post","type-post","status-publish","format-standard","hentry","category-de-opinion","tag-contraloria-general-del-estado","tag-lorenzo-antonio-portilla-vasquez","tag-miguel-angel-yunes-linares","tag-orfis"],"jetpack_featured_media_url":"","jetpack_sharing_enabled":true,"jetpack_shortlink":"https:\/\/wp.me\/p4Qcd3-cMR","_links":{"self":[{"href":"https:\/\/lospoliticosveracruz.com.mx\/index.php?rest_route=\/wp\/v2\/posts\/49157","targetHints":{"allow":["GET"]}}],"collection":[{"href":"https:\/\/lospoliticosveracruz.com.mx\/index.php?rest_route=\/wp\/v2\/posts"}],"about":[{"href":"https:\/\/lospoliticosveracruz.com.mx\/index.php?rest_route=\/wp\/v2\/types\/post"}],"author":[{"embeddable":true,"href":"https:\/\/lospoliticosveracruz.com.mx\/index.php?rest_route=\/wp\/v2\/users\/2"}],"replies":[{"embeddable":true,"href":"https:\/\/lospoliticosveracruz.com.mx\/index.php?rest_route=%2Fwp%2Fv2%2Fcomments&post=49157"}],"version-history":[{"count":1,"href":"https:\/\/lospoliticosveracruz.com.mx\/index.php?rest_route=\/wp\/v2\/posts\/49157\/revisions"}],"predecessor-version":[{"id":49158,"href":"https:\/\/lospoliticosveracruz.com.mx\/index.php?rest_route=\/wp\/v2\/posts\/49157\/revisions\/49158"}],"wp:attachment":[{"href":"https:\/\/lospoliticosveracruz.com.mx\/index.php?rest_route=%2Fwp%2Fv2%2Fmedia&parent=49157"}],"wp:term":[{"taxonomy":"category","embeddable":true,"href":"https:\/\/lospoliticosveracruz.com.mx\/index.php?rest_route=%2Fwp%2Fv2%2Fcategories&post=49157"},{"taxonomy":"post_tag","embeddable":true,"href":"https:\/\/lospoliticosveracruz.com.mx\/index.php?rest_route=%2Fwp%2Fv2%2Ftags&post=49157"}],"curies":[{"name":"wp","href":"https:\/\/api.w.org\/{rel}","templated":true}]}}