{"id":49159,"date":"2019-08-19T11:31:27","date_gmt":"2019-08-19T16:31:27","guid":{"rendered":"http:\/\/www.lospoliticosveracruz.com.mx\/?p=49159"},"modified":"2019-08-19T11:32:07","modified_gmt":"2019-08-19T16:32:07","slug":"8-anos-combatiendo-juntas-al-cancer-de-mama","status":"publish","type":"post","link":"https:\/\/lospoliticosveracruz.com.mx\/?p=49159","title":{"rendered":"8 a\u00f1os combatiendo Juntas al c\u00e1ncer de mama"},"content":{"rendered":"<p><a href=\"http:\/\/www.lospoliticosveracruz.com.mx\/wp-content\/uploads\/2019\/08\/Juvecan-B.jpeg\"><img loading=\"lazy\" decoding=\"async\" class=\"aligncenter size-full wp-image-49161\" src=\"http:\/\/www.lospoliticosveracruz.com.mx\/wp-content\/uploads\/2019\/08\/Juvecan-B.jpeg\" alt=\"Juvecan B\" width=\"600\" height=\"384\" srcset=\"https:\/\/lospoliticosveracruz.com.mx\/wp-content\/uploads\/2019\/08\/Juvecan-B.jpeg 600w, https:\/\/lospoliticosveracruz.com.mx\/wp-content\/uploads\/2019\/08\/Juvecan-B-300x192.jpeg 300w\" sizes=\"auto, (max-width: 600px) 100vw, 600px\" \/><\/a><\/p>\n<p>Hace ocho a\u00f1os, una superviviente, que no sobreviviente, decidi\u00f3 inyectar de valor, de \u00e1nimo, de fortaleza, a otras mujeres que estaban en una batalla contra el c\u00e1ncer de mama.<\/p>\n<p>Se reuni\u00f3 con ellas, y ellas a su vez, buscaron a otras, porque entendieron que esta batalla dif\u00edcilmente se enfrenta sola\u2026 se hace Juntas\u2026 as\u00ed pudi\u00e9ramos decir que naci\u00f3 Juntas Venciendo al C\u00e1ncer, Juvecan.<\/p>\n<p>La tarea no ha sido f\u00e1cil\u2026 pero no por ello se desiste.<\/p>\n<p>Los Pol\u00edticos Veracruz, de un modo u otro, ha conocido a estas gladiadoras a trav\u00e9s de Rogelia L\u00f3pez Ocampo, o Doctora Roge, como la conocemos. Estas mujeres, de un modo u otro, son maestras de vida, porque a pesar de sus condiciones, quienes las escuchan, salen con el esp\u00edritu fortalecido, lleno de \u00e1nimos, de fuerzas para seguir adelante.<\/p>\n<p>Cada quince d\u00edas se re\u00fanen en las instalaciones del DIF municipal de Coatepec. Platican de sus experiencias, de c\u00f3mo van, dan algunas recomendaciones, intercambian remedios, pero sobre todo, se escuchan, valoran cada palabra de sus integrantes, la atesoran y la hacen suya porque al final, la voz de una de cada una de sus integrantes, es la voz de cientos y miles de mujeres que no s\u00f3lo sufren la enfermedad, sino muchas veces la falta de comprensi\u00f3n en la misma casa, en el trabajo\u2026<\/p>\n<p>Este s\u00e1bado, Los Pol\u00edticos Veracruz hubiera gustado estar con ellas, pero a veces las circunstancias hacen imposible nuestras querencias y deseos, pero siempre, de un modo u otro, ya estamos enlazados, unidos, porque la esencia de Juntas Venciendo al C\u00e1ncer ya es parte nuestra.<\/p>\n<p>Son ocho a\u00f1os en los que se han tenido alegr\u00edas pero tambi\u00e9n tristezas y no obstante, el esp\u00edritu de Juvecan no se quiebra, porque sabe que la misi\u00f3n contin\u00faa todos los d\u00edas, por aquellas mujeres que no encuentran el camino para enfrentar la batalla contra el c\u00e1ncer\u2026<\/p>\n<p>\u201cHoy te despertaste y viste la vida de una manera diferente.\u00a0 Percibiste cosas que antes de la enfermedad no notabas. Respiras y sientes la entrada de aire en tus pulmones como un recordatorio de que est\u00e1s viva. Ves crecer a tus hijos o quiz\u00e1 a tus nietos y sientes orgullo y placer de poder estar ah\u00ed, para ellos. Tus logros personales, laborales y\u00a0familiares se disfrutan doblemente. Eres un\u00a0 ejemplo de vida, de que no hay derrota cuando peleas con fuerza y convicci\u00f3n. Hoy entiendes la fragilidad de la existencia, la sutil diferencia entre la vida y la muerte. Hoy est\u00e1s aqu\u00ed hermana, festejando la VIDA!\u201d<\/p>\n<p>Del libro del Onc\u00f3logo G. Castorena.<\/p>\n<p>&nbsp;<\/p>\n<p><a href=\"http:\/\/www.lospoliticosveracruz.com.mx\/wp-content\/uploads\/2019\/08\/Juvecan-A.jpeg\"><img loading=\"lazy\" decoding=\"async\" class=\"aligncenter size-full wp-image-49160\" src=\"http:\/\/www.lospoliticosveracruz.com.mx\/wp-content\/uploads\/2019\/08\/Juvecan-A.jpeg\" alt=\"Juvecan A\" width=\"600\" height=\"375\" srcset=\"https:\/\/lospoliticosveracruz.com.mx\/wp-content\/uploads\/2019\/08\/Juvecan-A.jpeg 600w, https:\/\/lospoliticosveracruz.com.mx\/wp-content\/uploads\/2019\/08\/Juvecan-A-300x188.jpeg 300w, https:\/\/lospoliticosveracruz.com.mx\/wp-content\/uploads\/2019\/08\/Juvecan-A-400x250.jpeg 400w\" sizes=\"auto, (max-width: 600px) 100vw, 600px\" \/><\/a><\/p>\n","protected":false},"excerpt":{"rendered":"<p>Hace ocho a\u00f1os, una superviviente, que no sobreviviente, decidi\u00f3 inyectar de valor, de \u00e1nimo, de fortaleza, a otras mujeres que estaban en una batalla contra el c\u00e1ncer de mama. Se reuni\u00f3 con ellas, y ellas a su vez, buscaron a otras, porque entendieron que esta batalla dif\u00edcilmente se enfrenta sola\u2026 se hace Juntas\u2026 as\u00ed pudi\u00e9ramos [&hellip;]<\/p>\n","protected":false},"author":2,"featured_media":49162,"comment_status":"open","ping_status":"open","sticky":false,"template":"","format":"standard","meta":{"_jetpack_newsletter_access":"","_jetpack_dont_email_post_to_subs":false,"_jetpack_newsletter_tier_id":0,"_jetpack_memberships_contains_paywalled_content":false,"_jetpack_memberships_contains_paid_content":false,"footnotes":""},"categories":[72],"tags":[],"class_list":["post-49159","post","type-post","status-publish","format-standard","has-post-thumbnail","hentry","category-palomazos"],"jetpack_featured_media_url":"https:\/\/lospoliticosveracruz.com.mx\/wp-content\/uploads\/2019\/08\/Juvecan-C.jpeg","jetpack_sharing_enabled":true,"jetpack_shortlink":"https:\/\/wp.me\/p4Qcd3-cMT","_links":{"self":[{"href":"https:\/\/lospoliticosveracruz.com.mx\/index.php?rest_route=\/wp\/v2\/posts\/49159","targetHints":{"allow":["GET"]}}],"collection":[{"href":"https:\/\/lospoliticosveracruz.com.mx\/index.php?rest_route=\/wp\/v2\/posts"}],"about":[{"href":"https:\/\/lospoliticosveracruz.com.mx\/index.php?rest_route=\/wp\/v2\/types\/post"}],"author":[{"embeddable":true,"href":"https:\/\/lospoliticosveracruz.com.mx\/index.php?rest_route=\/wp\/v2\/users\/2"}],"replies":[{"embeddable":true,"href":"https:\/\/lospoliticosveracruz.com.mx\/index.php?rest_route=%2Fwp%2Fv2%2Fcomments&post=49159"}],"version-history":[{"count":1,"href":"https:\/\/lospoliticosveracruz.com.mx\/index.php?rest_route=\/wp\/v2\/posts\/49159\/revisions"}],"predecessor-version":[{"id":49163,"href":"https:\/\/lospoliticosveracruz.com.mx\/index.php?rest_route=\/wp\/v2\/posts\/49159\/revisions\/49163"}],"wp:featuredmedia":[{"embeddable":true,"href":"https:\/\/lospoliticosveracruz.com.mx\/index.php?rest_route=\/wp\/v2\/media\/49162"}],"wp:attachment":[{"href":"https:\/\/lospoliticosveracruz.com.mx\/index.php?rest_route=%2Fwp%2Fv2%2Fmedia&parent=49159"}],"wp:term":[{"taxonomy":"category","embeddable":true,"href":"https:\/\/lospoliticosveracruz.com.mx\/index.php?rest_route=%2Fwp%2Fv2%2Fcategories&post=49159"},{"taxonomy":"post_tag","embeddable":true,"href":"https:\/\/lospoliticosveracruz.com.mx\/index.php?rest_route=%2Fwp%2Fv2%2Ftags&post=49159"}],"curies":[{"name":"wp","href":"https:\/\/api.w.org\/{rel}","templated":true}]}}