{"id":49197,"date":"2019-08-21T08:18:28","date_gmt":"2019-08-21T13:18:28","guid":{"rendered":"http:\/\/www.lospoliticosveracruz.com.mx\/?p=49197"},"modified":"2019-08-21T08:18:28","modified_gmt":"2019-08-21T13:18:28","slug":"error-de-cuitlahuac","status":"publish","type":"post","link":"https:\/\/lospoliticosveracruz.com.mx\/?p=49197","title":{"rendered":"Error de Cuitl\u00e1huac"},"content":{"rendered":"<p><b>Ricardo Ch\u00faa<\/b><\/p>\n<p><i>Sale y Vale<\/i><\/p>\n<p>No se sabe si el Jur\u00eddico del Gobierno de Veracruz, Cuitl\u00e1huac Garc\u00eda no lo toma en cuenta o simplemente el funcionario no sabe nada de derecho&#8230; Ya que es una \u00abatrocidad\u00bb que el mandatario vuelva anunciar que pedir\u00e1 Juicio Pol\u00edtico a Jorge Winckler&#8230;. S\u00f3lo porque cit\u00f3 como testigo a un funcionario que acus\u00f3 directamente a otra persona de ser el autor intelectual de un asesinato&#8230; A eso le llaman \u00bfviolar la ley?&#8230; Qui\u00e9n ayuda o apoya al Ejecutivo en estos temas&#8230; M\u00ednimo para saber y no echarle la culpa al gobernador&#8230;<\/p>\n<p>De los montones de abogados penalistas que deben trabajar en la oficina del Gobernador, Secretar\u00eda de Gobierno o Secretar\u00eda de Seguridad P\u00fablica estatal&#8230; No habr\u00e1 alg\u00fan \u00abvaliente\u00bb que le diga: \u00abGobernador con lo que comenta sobre Mixtla, el Fiscal del Estado se debe -pitorrear- de usted y Hugo Guti\u00e9rrez\u00bb&#8230; En serio, no hay alguien que le diga al titular de la SSP, que s\u00f3lo lo est\u00e1n \u00abembarcando\u00bb y que est\u00e1 quedando muy mal parado ante la sociedad&#8230; Finalmente, \u00e9l ya sabe qui\u00e9n lo \u00abempin\u00f3\u00bb en el tema&#8230;<\/p>\n<p>Y es que da risa&#8230; Esa soberana declaraci\u00f3n de Guti\u00e9rrez Maldonado al decir que Winckler debe tomar en cuenta \u00abla teoria\u00bb del m\u00f3vil pol\u00edtico, por lo cual acusa a una persona de asesinar a la ex alcaldesa de Mixtla&#8230; Ah\u00ed es donde Winckler se mofa de todos ellos&#8230; No se sabe si el Gobernador o el secretario est\u00e9n enterados, pero en Derecho Penal, lo que buscan es la HISTORICIDAD DEL HECHO, no su POLITIZACI\u00d3N&#8230; Pero se ve que Hugo no entiende de \u00abpol\u00edtica ficci\u00f3n\u00bb&#8230; \u00bfY Cuitl\u00e1huac?&#8230; DIOS NOS BENDIGA&#8230;<\/p>\n<p>EL LIBRO, MARTI Y VERACRUZ&#8230; Lo que iba a ser una \u00abFIESTA REELECCIONISTA\u00bb en Senado Mexicano&#8230; Para el aliado \u00abNumber One\u00bb del gobierno estatal de MORENA,,, Al final no lo fue&#8230; Un canijo senador, ex priiista y pol\u00edtico \u00abfaccioso\u00bb (jajaja) llamado: Ricardo Monreal Avila&#8230; Les ech\u00f3 perder la \u00abpachanga\u00bb jarocha a Mart\u00ed Batres, que le ten\u00edan preparada Rocio Nahle, Cuitl\u00e1huac Garc\u00eda, Eric Cisneros y Manuel Huerta Ladr\u00f3n de Guevara&#8230; No hubo tal festejo&#8230; Todo se derrumb\u00f3&#8230;<\/p>\n<p>As\u00ed que la secretar\u00eda de Energ\u00eda de AMLO, el gobernador, secretario de Gobierno y delegado federal en Veracruz&#8230; Simplemente \u00abcalcularon mal los tiempos\u00bb y si pensaban que iban al \u00abfestejo\u00bb porque Batres, volv\u00eda a repetir como Presidente del Senado&#8230;Nones&#8230; El lunes se les \u00abceb\u00f3\u00bb porque el \u00abpriista m\u00e1s morenista\u00bb en la c\u00e1mara alta del Congreso de la Uni\u00f3n&#8230; Hizo valer su \u00abcolmillo\u00bb y los jodi\u00f3 a todos&#8230; Ah y el evento era por presentar un libro: \u00abVeracruz, un protagonista en la conformaci\u00f3n del Estado Mexicano\u00bb&#8230; Que eso s\u00f3lo es historia&#8230;<\/p>\n<p>Pero finalmente como el \u00abfestejo\u00bb ya estaba pagado y el anfitri\u00f3n ten\u00eda que mostrar \u00abbuena cara\u00bb a Batres, no le qued\u00f3 otra que ir con Don Cuitl\u00e1huac, mejor hubiera valido no presentarse porque su rostro lo reflejaba todo: \u00abLe mataron la esperanza\u00bb&#8230; Y acudi\u00f3 con cara de pocos amigos&#8230; Pareciera que los \u00abtacos envenenados\u00bb(platillo tipico de Zacatecas, sino pregunten a Nahle) que le \u00abaplic\u00f3\u00bb Monreal a Mart\u00ed, pues, como que le \u00abindigestaron\u00bb&#8230; Y eso que no le dio a probar \u00abel dulce de leche\u00bb que le ten\u00eda listo por \u00abacomplejado\u00bb&#8230; Ja ja ja..<\/p>\n<p>As\u00ed que el libro de Eric Cisneros que llev\u00f3 a diputados, periodistas y funcionarios de Veracruz al Senado&#8230; Finalmente, no sirvi\u00f3 para \u00abfestejo\u00bb de Batres porque este hab\u00eda sido derrotado por la \u00abcargada\u00bb Morenista, Petista y Pesista de Monreal&#8230; Bien lo dec\u00eda, Fidel Herrera: \u00abMonreal es muy parecido a mi\u00bb (Le aplic\u00f3 una -fideil\u00f1a- al defe\u00f1o, Batres)&#8230; Pero la \u00abFiesta del Libro\u00bb ten\u00eda que seguir&#8230; Mart\u00ed estaba callado y taciturno&#8230; Con el coraz\u00f3n partio.. Quiz\u00e1s a\u00f1orando \u00abla edad de la inocencia\u00bb perdida ante un \u00ablobo\u00bb zacatecano&#8230;<\/p>\n<p>Se puede deducir que con la ca\u00edda de Batres de Presidencia del Senado&#8230; El gobierno de Veracruz y sus funcionarios, si ya se dieron cuenta, vieron que est\u00e1 DERROTADA la L\u00cdNEA BOLIVARIANA (Sin saber espec\u00edficamente, lo que significa estar en esa corriente) a la cual pertenece Cuitl\u00e1huac, Patrocinio, Nahle y Huerta&#8230; Por un sector de MORENA que le sabe a eso de la OPERACI\u00d3N POL\u00cdTICA, donde no entendieron que con Monreal no hay \u00abpol\u00edtica ficci\u00f3n\u00bb sino \u00abLey de Herodes\u00bb.. Donde te chinga o te jode&#8230; Pregunten a Marti&#8230;<\/p>\n<p>Al final de cuentas&#8230; LA LECTURA es muy f\u00e1cil de hacer: El Morenismo veracruzano est\u00e1 derrotado por el \u00abMonrealismo\u00bb&#8230; Y que se cuide Don Cuitl\u00e1huac y Manuel Huerta, que ahora viene la dirigencia nacional y estatal&#8230; As\u00ed que la \u00absupuesta\u00bb cultura de la \u00abl\u00ednea\u00bb en MORENA, han sido derrotados por la corriente democr\u00e1tica que es la m\u00e1s experimentada que hay dentro de este movimiento pol\u00edtico&#8230; As\u00ed que no tienen de otra \u00absopa\u00bb&#8230; Yeidcolt y Nahle se caen en Veracruz&#8230;<\/p>\n<p>As\u00ed que lo \u00fanico que puede recomendarse al derrotado Mart\u00ed Batres&#8230; A su aliado, Cuitl\u00e1huac Garc\u00eda y a su \u00aboperador\u00bb y ahora \u00abdramaturgo\u00bb secretario de Gobierno, Patrocinio Cisneros&#8230; Que ya que le agarraron \u00abamor\u00bb a la prosa literaria e hist\u00f3rica&#8230; Deber\u00edan hacer otro libro&#8230; M\u00ednimo para que exploren otros cauces literarios como la iron\u00eda.. Obvio que el libro ser\u00eda de quehacer pol\u00edtico&#8230; Pero no se les ocurra llamarlo: \u00abC\u00f3mo perder de manera permanente\u00bb e invitar a Mart\u00ed&#8230; Ser\u00eda de muy mal gusto&#8230; T\u00edtulenlo: \u00abDel cielo al infierno\u00bb&#8230; AMEN&#8230;<\/p>\n<p>EL EFECTO&#8230; Ayer al mediod\u00eda mientras los altos funcionarios estatales de Veracruz viajaban al Senado a presentar el libro de Patrocinio al p\u00fablico \u00abjarocho\u00bb asistente y al defenestrado Mart\u00ed Batres&#8230; En el camino, se enteraron que en la sede de MORENA nacional en CDMX&#8230; Yeidcolt Polensky estaba presionada por el grupo de la \u00abcorriente democr\u00e1tica\u00bb de los Morenos para que hiciera RENUNCIAR al que esta en funciones de delegado del partido en \u00abJarochiland\u00eda\u00bb&#8230; Y ese rumor corri\u00f3 como \u00abreguero de polvora\u00bb por el organismo&#8230; Lo renunciaron&#8230;<\/p>\n<p>Con lo cual dejaban un camino m\u00e1s f\u00e1cil para que gane la presidencia del partido en Veracruz, Noe Garc\u00eda, que es la voz disidente contra todo lo que representa Cuitl\u00e1huac y Huerta en MORENA&#8230; As\u00ed que puede ganar la elecci\u00f3n&#8230; Ya que aunque lo nieguen los funcionarios estatales y de este organismo estos son los efectos de la ca\u00edda de Batres, que fueron la destituci\u00f3n del presidente en funciones, y por estatutos debe asumir la presidencia, el secretario General, que es gente de Cuitlahuac Garc\u00eda pero con la fuerza de un \u00abtehuacan sin gas\u00bb&#8230;<\/p>\n<p>Pero ahora con esto que paso en el Senado de M\u00e9xico al interior de la bancada de MORENA, en Veracruz, al \u00absoltar\u00bb las alianzas de todos los grupos y gobernadores con el senador defe\u00f1o, deja en claro, que las dos l\u00edneas salen derrotadas en Veracruz, y lo que es peor para ellos&#8230; Les est\u00e1 creciendo la disidencia encabezada por No\u00e9 Garc\u00eda&#8230; Y eso entre los Morenos todos lo saben&#8230;. Y se le est\u00e1n sumando&#8230; Viene la lucha m\u00e1s encarnizada por el poder del partido pol\u00edtico&#8230; CONSUMATUM EST&#8230;<\/p>\n","protected":false},"excerpt":{"rendered":"<p>Ricardo Ch\u00faa Sale y Vale No se sabe si el Jur\u00eddico del Gobierno de Veracruz, Cuitl\u00e1huac Garc\u00eda no lo toma en cuenta o simplemente el funcionario no sabe nada de derecho&#8230; Ya que es una \u00abatrocidad\u00bb que el mandatario vuelva anunciar que pedir\u00e1 Juicio Pol\u00edtico a Jorge Winckler&#8230;. S\u00f3lo porque cit\u00f3 como testigo a un [&hellip;]<\/p>\n","protected":false},"author":2,"featured_media":0,"comment_status":"open","ping_status":"open","sticky":false,"template":"","format":"standard","meta":{"_jetpack_newsletter_access":"","_jetpack_dont_email_post_to_subs":false,"_jetpack_newsletter_tier_id":0,"_jetpack_memberships_contains_paywalled_content":false,"_jetpack_memberships_contains_paid_content":false,"footnotes":""},"categories":[70],"tags":[13561,12299,6150,1850,15077,10353,3578],"class_list":["post-49197","post","type-post","status-publish","format-standard","hentry","category-de-opinion","tag-cuitlahauc-garcia-jimenez","tag-eric-cisneros-burgos","tag-jorge-winckler-ortiz","tag-manuel-huerta-ladron-de-guevara","tag-marti-batres","tag-ricardo-monreal","tag-rocio-nahle"],"jetpack_featured_media_url":"","jetpack_sharing_enabled":true,"jetpack_shortlink":"https:\/\/wp.me\/p4Qcd3-cNv","_links":{"self":[{"href":"https:\/\/lospoliticosveracruz.com.mx\/index.php?rest_route=\/wp\/v2\/posts\/49197","targetHints":{"allow":["GET"]}}],"collection":[{"href":"https:\/\/lospoliticosveracruz.com.mx\/index.php?rest_route=\/wp\/v2\/posts"}],"about":[{"href":"https:\/\/lospoliticosveracruz.com.mx\/index.php?rest_route=\/wp\/v2\/types\/post"}],"author":[{"embeddable":true,"href":"https:\/\/lospoliticosveracruz.com.mx\/index.php?rest_route=\/wp\/v2\/users\/2"}],"replies":[{"embeddable":true,"href":"https:\/\/lospoliticosveracruz.com.mx\/index.php?rest_route=%2Fwp%2Fv2%2Fcomments&post=49197"}],"version-history":[{"count":1,"href":"https:\/\/lospoliticosveracruz.com.mx\/index.php?rest_route=\/wp\/v2\/posts\/49197\/revisions"}],"predecessor-version":[{"id":49199,"href":"https:\/\/lospoliticosveracruz.com.mx\/index.php?rest_route=\/wp\/v2\/posts\/49197\/revisions\/49199"}],"wp:attachment":[{"href":"https:\/\/lospoliticosveracruz.com.mx\/index.php?rest_route=%2Fwp%2Fv2%2Fmedia&parent=49197"}],"wp:term":[{"taxonomy":"category","embeddable":true,"href":"https:\/\/lospoliticosveracruz.com.mx\/index.php?rest_route=%2Fwp%2Fv2%2Fcategories&post=49197"},{"taxonomy":"post_tag","embeddable":true,"href":"https:\/\/lospoliticosveracruz.com.mx\/index.php?rest_route=%2Fwp%2Fv2%2Ftags&post=49197"}],"curies":[{"name":"wp","href":"https:\/\/api.w.org\/{rel}","templated":true}]}}