{"id":49320,"date":"2019-08-28T10:03:02","date_gmt":"2019-08-28T15:03:02","guid":{"rendered":"http:\/\/www.lospoliticosveracruz.com.mx\/?p=49320"},"modified":"2019-08-28T10:03:02","modified_gmt":"2019-08-28T15:03:02","slug":"no-se-debe-distorsionar-una-tragedia-fge","status":"publish","type":"post","link":"https:\/\/lospoliticosveracruz.com.mx\/?p=49320","title":{"rendered":"No se debe distorsionar una tragedia: FGE"},"content":{"rendered":"<p>Con relaci\u00f3n a los terribles acontecimientos ocurridos la noche de ayer, en que presumiblemente fue provocado el incendio de un bar ubicado en la ciudad de Coatzacoalcos, Veracruz, se ampl\u00eda la siguiente informaci\u00f3n:<\/p>\n<p>*1) La cifra de personas que han perdido la vida con motivo de los hechos es de 26, siendo 10 mujeres y 16, personas del sexo masculino. 11 personas m\u00e1s se encuentran lesionadas y contin\u00faan siendo atendidas en distintos hospitales del Sector Salud.<\/p>\n<p>*2) La Agencia de Investigaci\u00f3n Criminal (AIC) de la Fiscal\u00eda General de la Rep\u00fablica (FGR), colaborar\u00e1 con la Fiscal\u00eda del Estado en la realizaci\u00f3n de peritajes colegiados en materia de incendios y explosiones; ingenier\u00eda y criminal\u00edstica. Los peritos de la Fiscal\u00eda General del Estado ya se encuentran en coordinaci\u00f3n con los peritos de la AIC.<\/p>\n<p>*3) Con relaci\u00f3n al se\u00f1alamiento realizado por el C. Gobernador del Estado, en el sentido de que cuenta con indicios sobre la identidad de uno de los probables responsables, afirmando que Ricardo \u00abN\u00bb, alias \u201cLa Loca\u201d habr\u00eda participado en los hechos, esta Fiscal\u00eda le exhorta de manera respetuosa a aportar a la Carpeta de investigaci\u00f3n iniciada el d\u00eda de ayer, toda la informaci\u00f3n que resulte \u00fatil para el esclarecimiento de los hechos. La Fiscal\u00eda investigar\u00e1 esta y todas las l\u00edneas de investigaci\u00f3n que se desprendan de los datos de prueba que obren en la Carpeta de Investigaci\u00f3n, para asegurar que no exista impunidad.<\/p>\n<p>Es importante resaltar que es FALSO que Ricardo \u00abN\u00bb haya sido \u00abliberado\u00bb por la Fiscal\u00eda General del Estado despu\u00e9s de haber sido detenido en el mes de julio, pues esta persona NO fue puesta a disposici\u00f3n de esta Fiscal\u00eda, sino de la Delegaci\u00f3n Estatal de la Fiscal\u00eda General de la Rep\u00fablica, donde el d\u00eda 18 de julio del a\u00f1o en curso, se inici\u00f3 la Carpeta de Investigaci\u00f3n FED\/VER\/0003461\/2019 de la Unidad de Investigaci\u00f3n y Litigaci\u00f3n en Coatzacoalcos de la Delegaci\u00f3n Estatal de la Fiscal\u00eda General de la Rep\u00fablica, por lo que se reitera, dicha persona NO fue puesto a disposici\u00f3n de la Fiscal\u00eda del Estado, resultando imposible haberlo \u00abliberado\u00bb, desconociendo el tr\u00e1mite que haya seguido la Carpeta ante la Delegaci\u00f3n Estatal Veracruz de la FGR.<\/p>\n<p>Asimismo, se tiene conocimiento que Ricardo \u00abN\u00bb, alias \u201cLa Loca\u201d, fue detenido nuevamente el d\u00eda 07 de agosto de 2019 por elementos de la Polic\u00eda Naval, siendo nuevamente puesto a disposici\u00f3n de la Delegaci\u00f3n Estatal Veracruz de la Fiscal\u00eda General de la Rep\u00fablica, inici\u00e1ndose la Carpeta de Investigaci\u00f3n FED\/VER\/COATZ\/0003721\/2019 de la Unidad de Investigaci\u00f3n y Litigaci\u00f3n en Coatzacoalcos de la Delegaci\u00f3n Estatal de la Fiscal\u00eda General de la Rep\u00fablica. Sin embargo, tampoco se tiene conocimiento del tr\u00e1mite de dicho expediente ante la Delegaci\u00f3n Estatal Veracruz.<\/p>\n<p>Es decir, en ninguna de las dos detenciones realizadas a Ricardo \u00abN\u00bb en los \u00faltimos dos meses por fuerzas de seguridad, fue puesto a disposici\u00f3n de la Fiscal\u00eda General del Estado, sino de la Delegaci\u00f3n Estatal Veracruz de la Fiscal\u00eda General de la Rep\u00fablica.<\/p>\n<p>La informaci\u00f3n sobre qui\u00e9n tuvo detenido y a disposici\u00f3n a Ricardo \u00abN\u00bb consta en bases de datos oficiales, por lo que se le solicita al C. Gobernador del Estado, que precise la informaci\u00f3n dada a conocer p\u00fablicamente sobre el tema.<\/p>\n<p>Una tragedia no debe utilizarse para distorsionar hechos ni confundir a la opini\u00f3n p\u00fablica.<\/p>\n<p>En la Fiscal\u00eda General del Estado, seremos responsables con la informaci\u00f3n que se de a conocer sobre el caso, garantizando el derecho de la sociedad a estar informada, pero tambi\u00e9n, los derechos de las v\u00edctimas, salvaguardando la secrec\u00eda de la investigaci\u00f3n.<\/p>\n","protected":false},"excerpt":{"rendered":"<p>Con relaci\u00f3n a los terribles acontecimientos ocurridos la noche de ayer, en que presumiblemente fue provocado el incendio de un bar ubicado en la ciudad de Coatzacoalcos, Veracruz, se ampl\u00eda la siguiente informaci\u00f3n: *1) La cifra de personas que han perdido la vida con motivo de los hechos es de 26, siendo 10 mujeres y [&hellip;]<\/p>\n","protected":false},"author":2,"featured_media":0,"comment_status":"open","ping_status":"open","sticky":false,"template":"","format":"standard","meta":{"_jetpack_newsletter_access":"","_jetpack_dont_email_post_to_subs":false,"_jetpack_newsletter_tier_id":0,"_jetpack_memberships_contains_paywalled_content":false,"_jetpack_memberships_contains_paid_content":false,"footnotes":""},"categories":[73],"tags":[13561,13146,11684,6150,15120],"class_list":["post-49320","post","type-post","status-publish","format-standard","hentry","category-de-boleto","tag-cuitlahauc-garcia-jimenez","tag-fiscalia-general-de-la-republica","tag-fiscalia-general-de-veracruz","tag-jorge-winckler-ortiz","tag-la-loca"],"jetpack_featured_media_url":"","jetpack_sharing_enabled":true,"jetpack_shortlink":"https:\/\/wp.me\/p4Qcd3-cPu","_links":{"self":[{"href":"https:\/\/lospoliticosveracruz.com.mx\/index.php?rest_route=\/wp\/v2\/posts\/49320","targetHints":{"allow":["GET"]}}],"collection":[{"href":"https:\/\/lospoliticosveracruz.com.mx\/index.php?rest_route=\/wp\/v2\/posts"}],"about":[{"href":"https:\/\/lospoliticosveracruz.com.mx\/index.php?rest_route=\/wp\/v2\/types\/post"}],"author":[{"embeddable":true,"href":"https:\/\/lospoliticosveracruz.com.mx\/index.php?rest_route=\/wp\/v2\/users\/2"}],"replies":[{"embeddable":true,"href":"https:\/\/lospoliticosveracruz.com.mx\/index.php?rest_route=%2Fwp%2Fv2%2Fcomments&post=49320"}],"version-history":[{"count":1,"href":"https:\/\/lospoliticosveracruz.com.mx\/index.php?rest_route=\/wp\/v2\/posts\/49320\/revisions"}],"predecessor-version":[{"id":49321,"href":"https:\/\/lospoliticosveracruz.com.mx\/index.php?rest_route=\/wp\/v2\/posts\/49320\/revisions\/49321"}],"wp:attachment":[{"href":"https:\/\/lospoliticosveracruz.com.mx\/index.php?rest_route=%2Fwp%2Fv2%2Fmedia&parent=49320"}],"wp:term":[{"taxonomy":"category","embeddable":true,"href":"https:\/\/lospoliticosveracruz.com.mx\/index.php?rest_route=%2Fwp%2Fv2%2Fcategories&post=49320"},{"taxonomy":"post_tag","embeddable":true,"href":"https:\/\/lospoliticosveracruz.com.mx\/index.php?rest_route=%2Fwp%2Fv2%2Ftags&post=49320"}],"curies":[{"name":"wp","href":"https:\/\/api.w.org\/{rel}","templated":true}]}}