{"id":49489,"date":"2019-09-03T10:32:34","date_gmt":"2019-09-03T15:32:34","guid":{"rendered":"http:\/\/www.lospoliticosveracruz.com.mx\/?p=49489"},"modified":"2019-09-03T10:32:34","modified_gmt":"2019-09-03T15:32:34","slug":"la-anunciada-derrota-de-mancha-en-el-pan","status":"publish","type":"post","link":"https:\/\/lospoliticosveracruz.com.mx\/?p=49489","title":{"rendered":"La anunciada derrota de Mancha en el PAN"},"content":{"rendered":"<p><b>Luis Alberto Romero<\/b><\/p>\n<p data-originalfontsize=\"11pt\" data-originalcomputedfontsize=\"14.666666984558105\"><i>Hora cero<\/i><\/p>\n<p data-originalfontsize=\"11pt\" data-originalcomputedfontsize=\"14.666666984558105\">A pocos d\u00edas de la elecci\u00f3n interna por la dirigencia estatal del Partido Acci\u00f3n Nacional, los focos rojos comenzaron a encenderse en el equipo del ex gobernador Miguel \u00c1ngel Yunes, que lanz\u00f3 al ruedo a Jos\u00e9 de Jes\u00fas Mancha Alarc\u00f3n.<\/p>\n<p data-originalfontsize=\"11pt\" data-originalcomputedfontsize=\"14.666666984558105\">El problema para dicha causa es que este personaje, quien busca un segundo periodo al frente del partido en Veracruz, nunca pudo consolidar un liderazgo real en el partido, y centra sus argumentos en la protecci\u00f3n del poderoso grupo Yunes.<\/p>\n<p data-originalfontsize=\"11pt\" data-originalcomputedfontsize=\"14.666666984558105\">De hecho, Mancha Alarc\u00f3n carece de otro argumento para la contienda y s\u00f3lo avanza debido a que va aferrado a las valencianas del ex gobernador.<\/p>\n<p data-originalfontsize=\"11pt\" data-originalcomputedfontsize=\"14.666666984558105\">Es tal el riesgo de la derrota, que Yunes Linares ya habr\u00eda analizado la posibilidad de un acuerdo con Joaqu\u00edn Rosendo Guzm\u00e1n Avil\u00e9s, el contendiente de Pepe Mancha.<\/p>\n<p data-originalfontsize=\"11pt\" data-originalcomputedfontsize=\"14.666666984558105\">Guzm\u00e1n Avil\u00e9s no s\u00f3lo ha capitalizado las adhesiones que genera su movimiento, sino que ha sumado a quienes no ven con buenos ojos que el blanquiazul permanezca bajo el dominio, poder y control de Yunes Linares.<\/p>\n<p data-originalfontsize=\"11pt\" data-originalcomputedfontsize=\"14.666666984558105\">La ecuaci\u00f3n parece simple: si Pepe Mancha gana la elecci\u00f3n, el pr\u00f3ximo candidato a gobernador ser\u00e1 Miguel \u00c1ngel Yunes M\u00e1rquez. Si pierde, el panismo veracruzano tendr\u00e1 una nueva configuraci\u00f3n y registrar\u00e1 un reacomodo de fuerzas, abriendo el abanico para que surjan nuevas figuras que den la pelea por los espacios en disputa.<\/p>\n<p data-originalfontsize=\"11pt\" data-originalcomputedfontsize=\"14.666666984558105\">Eso lo saben bien todos los grupos que tiene el partido en Veracruz y por ello diversos liderazgos se han sumado a la causa de Guzm\u00e1n Avil\u00e9s, conocido en el ambiente pol\u00edtico como el cacique de Tantoyuca.<\/p>\n<p data-originalfontsize=\"11pt\" data-originalcomputedfontsize=\"14.666666984558105\">Debido a esa l\u00f3gica, los grupos que encabezan V\u00edctor Serralde, Julen Rementer\u00eda y Enrique Cambranis, se organizaron para dar la pelea, que no es contra Pepe Mancha, a quien ubican como figura menor dentro del panismo veracruzano, sino contra la continuidad de Yunes en el control del comit\u00e9 estatal.<\/p>\n<p data-originalfontsize=\"11pt\" data-originalcomputedfontsize=\"14.666666984558105\">Otro punto: sin tantos apoyos, Guzm\u00e1n Avil\u00e9s logr\u00f3 un empate en la pasada contienda interna en que se enfrent\u00f3 a Mancha Alarc\u00f3n, quien no pudo imponerse, a pesar de contar con todo el apoyo de Yunes, entonces gobernador del Estado.<\/p>\n<p data-originalfontsize=\"11pt\" data-originalcomputedfontsize=\"14.666666984558105\">Hoy, sin el gobierno estatal cobij\u00e1ndole, Pepe Mancha parece condenado a una derrota, sobre todo porque ahora el de Tantoyuca tiene el apoyo de Julen, Serralde, Bingen y Omar Miranda, quienes en la primera vuelta estaban con el grupo yunista o bien se mantuvieron al margen.<\/p>\n<p data-originalfontsize=\"11pt\" data-originalcomputedfontsize=\"14.666666984558105\">Por ello, desde el b\u00fanker del grupo de Yunes se lanzaron dos se\u00f1alamientos contra Joaqu\u00edn Rosendo Guzm\u00e1n; el primero va en el sentido de que a dicho grupo lo apoyar\u00eda el actual gobierno estatal de Morena, con el fin de sacudirse al equipo del ex gobernador; el segundo se refiere a que el fortalecimiento del ce Tantoyuca obedece a la traici\u00f3n de Julen Rementer\u00eda.<\/p>\n<p data-originalfontsize=\"11pt\" data-originalcomputedfontsize=\"14.666666984558105\">En el primer caso, el yunismo argumenta que esa suma \u2013Morena-Guzm\u00e1n Avil\u00e9s\u2013 intenta sacarlo de la contienda de 2024; en el tema de la traici\u00f3n, es claro que Yunes y su alfil Pepe Mancha subestimaron el incuestionable peso que en el panismo tienen Serralde, Tito Delf\u00edn, Julen y Cambranis.<\/p>\n<p data-originalfontsize=\"11pt\" data-originalcomputedfontsize=\"14.666666984558105\">El punto es que entre Joaqu\u00edn Rosendo, Tito Delf\u00edn y Cambranis dieron la pelea a Yunes e impidieron la reelecci\u00f3n; ahora, una vez que Julen Rementer\u00eda, Serralde y liderazgos m\u00e1s locales como el de Omar Miranda en Xalapa se sumaron a ese grupo, parece que esa contienda interna ha quedado definida; y precisamente por ello se fortalece la especie en el sentido de que Yunes podr\u00eda pactar con Guzm\u00e1n Avil\u00e9s, lo que dejar\u00eda solo a Jos\u00e9 de Jes\u00fas Mancha. @luisromero85<\/p>\n","protected":false},"excerpt":{"rendered":"<p>Luis Alberto Romero Hora cero A pocos d\u00edas de la elecci\u00f3n interna por la dirigencia estatal del Partido Acci\u00f3n Nacional, los focos rojos comenzaron a encenderse en el equipo del ex gobernador Miguel \u00c1ngel Yunes, que lanz\u00f3 al ruedo a Jos\u00e9 de Jes\u00fas Mancha Alarc\u00f3n. El problema para dicha causa es que este personaje, quien [&hellip;]<\/p>\n","protected":false},"author":2,"featured_media":0,"comment_status":"open","ping_status":"open","sticky":false,"template":"","format":"standard","meta":{"_jetpack_newsletter_access":"","_jetpack_dont_email_post_to_subs":false,"_jetpack_newsletter_tier_id":0,"_jetpack_memberships_contains_paywalled_content":false,"_jetpack_memberships_contains_paid_content":false,"footnotes":""},"categories":[70],"tags":[2399,3288,1569,11073,266,1065],"class_list":["post-49489","post","type-post","status-publish","format-standard","hentry","category-de-opinion","tag-enrique-cambranis-torres","tag-joaquin-guzman-aviles","tag-julen-rementeria-del-puerto","tag-miguel-angel-angel-yunes-linares","tag-pan","tag-pepe-mancha"],"jetpack_featured_media_url":"","jetpack_sharing_enabled":true,"jetpack_shortlink":"https:\/\/wp.me\/p4Qcd3-cSd","_links":{"self":[{"href":"https:\/\/lospoliticosveracruz.com.mx\/index.php?rest_route=\/wp\/v2\/posts\/49489","targetHints":{"allow":["GET"]}}],"collection":[{"href":"https:\/\/lospoliticosveracruz.com.mx\/index.php?rest_route=\/wp\/v2\/posts"}],"about":[{"href":"https:\/\/lospoliticosveracruz.com.mx\/index.php?rest_route=\/wp\/v2\/types\/post"}],"author":[{"embeddable":true,"href":"https:\/\/lospoliticosveracruz.com.mx\/index.php?rest_route=\/wp\/v2\/users\/2"}],"replies":[{"embeddable":true,"href":"https:\/\/lospoliticosveracruz.com.mx\/index.php?rest_route=%2Fwp%2Fv2%2Fcomments&post=49489"}],"version-history":[{"count":1,"href":"https:\/\/lospoliticosveracruz.com.mx\/index.php?rest_route=\/wp\/v2\/posts\/49489\/revisions"}],"predecessor-version":[{"id":49490,"href":"https:\/\/lospoliticosveracruz.com.mx\/index.php?rest_route=\/wp\/v2\/posts\/49489\/revisions\/49490"}],"wp:attachment":[{"href":"https:\/\/lospoliticosveracruz.com.mx\/index.php?rest_route=%2Fwp%2Fv2%2Fmedia&parent=49489"}],"wp:term":[{"taxonomy":"category","embeddable":true,"href":"https:\/\/lospoliticosveracruz.com.mx\/index.php?rest_route=%2Fwp%2Fv2%2Fcategories&post=49489"},{"taxonomy":"post_tag","embeddable":true,"href":"https:\/\/lospoliticosveracruz.com.mx\/index.php?rest_route=%2Fwp%2Fv2%2Ftags&post=49489"}],"curies":[{"name":"wp","href":"https:\/\/api.w.org\/{rel}","templated":true}]}}