{"id":49491,"date":"2019-09-03T23:00:08","date_gmt":"2019-09-04T04:00:08","guid":{"rendered":"http:\/\/www.lospoliticosveracruz.com.mx\/?p=49491"},"modified":"2019-09-03T15:56:00","modified_gmt":"2019-09-03T20:56:00","slug":"amlo-economia-y-seguridad","status":"publish","type":"post","link":"https:\/\/lospoliticosveracruz.com.mx\/?p=49491","title":{"rendered":"AMLO: Econom\u00eda y Seguridad"},"content":{"rendered":"<p><b>Salvador Mu\u00f1oz<\/b><\/p>\n<p><i>Los Pol\u00edticos<\/i><\/p>\n<p><span style=\"font-weight: 400;\">Casi un 70 por ciento de aceptaci\u00f3n o popularidad es comprensible en el Pejedente\u2026 aunque no crea que sea por su Gobierno, sino obedece m\u00e1s a lo que gener\u00f3 su triunfo en la gente (que fue mucha, millones): la esperanza de un nuevo cambio. Puede sonar eso de un \u201cnuevo cambio\u201d como u\u00f1as ara\u00f1ando la pizarra pero con Fox Quesada y Enrique Pena Nieto, los mexicanos supimos lo que era la alternancia en el poder que se enfatiza con el arribo a tal de L\u00f3pez Obrador. S\u00ed, estoy seguro que millones de mexicanos deben estar felices, felices, felices\u2026 y lo mejor, que puede ser una felicidad limpia, de \u00e9sas que salen del alma, porque con su voto, ayudaron a vencer al sistema, a la mafia del poder y eso le da un valor agregado a su participaci\u00f3n en las urnas.<\/span><\/p>\n<p><span style=\"font-weight: 400;\">L\u00f3pez Obrador raya en la figura de un l\u00edder moral&#8230; alguna vez incluso se le llam\u00f3 \u201cMes\u00edas tropical\u201d, y muchas veces en sus discursos, pareciera un Ungido cuando brinca con expresiones como \u201cAbrazos, no balazos\u201d, \u201cLos narcos tambi\u00e9n son pueblo\u201d, \u201cFeliz, feliz, feliz\u201d, \u201cPrimero los pobres\u201d, \u201cNo es mi fuerte la venganza\u201d y \u201cNo tengo derecho a fallar\u201d.<\/span><\/p>\n<p><span style=\"font-weight: 400;\">La \u201cprensa fif\u00ed\u201d, \u201cMe dan ternura, ternuritas\u201d y \u201cMe canso ganso\u201d se cuecen aparte&#8230;<\/span><\/p>\n<p><span style=\"font-weight: 400;\">Tiene el poder y sabe emplearlo de manera simple, como en Las Ma\u00f1aneras. \u00c9l lleva la agenda\u2026 y lleva el control que es como el de la Tele\u2026 \u00a1nadie lo quiere perder! \u00a1nadie lo quiere prestar!<\/span><\/p>\n<p><span style=\"font-weight: 400;\">Perder el control le desagrada\u2026 que lo saquen de su zona de confort, le irrita\u2026 \u00bfrecuerdan el \u201c\u00bfDe qu\u00e9 se r\u00eden?\u201d despu\u00e9s de que una ni\u00f1a mostrara su dedo medio a las c\u00e1maras? Mejor a\u00fan: \u00bfrecuerdan su participaci\u00f3n en los debates? Es evidente que est\u00e1 lejos del di\u00e1logo y m\u00e1s cerca de la confrontaci\u00f3n, pero siempre desde su zona de confort\u2026 por eso no asisti\u00f3 al Congreso\u2026 \u00a1para qu\u00e9 arriesgarse a una manta, a unos carteles, a una m\u00e1scara, que le arruinen su fiesta!<\/span><\/p>\n<p><span style=\"font-weight: 400;\">Es cierto, tenemos al Presidente con m\u00e1s popularidad que se recuerde en la historia de M\u00e9xico, tan popular como un Cristiano Ronaldo, que mete goles; tan popular como un Luis Miguel, que canta bonito; tan popular como un Carlos Slim, que invierte y gana un chingo de dinero, pero esperemos que no sea tan popular como un Cruz Azul, que acabe \u201ccruzazule\u00e1ndola\u201d&#8230;<\/span><\/p>\n<p><span style=\"font-weight: 400;\">Faltan tres meses para que cumpla su primer a\u00f1o de Gobierno Andr\u00e9s Manuel L\u00f3pez Obrador y la perspectiva de \u00e9ste, de su gobierno, en lo particular, es de total incertidumbre\u2026 no por lo que digan las noticias, sino por lo que vive y cuenta la gente. Se habla de ahorro, pero no del que \u201cguarda\u201d, sino del que \u201cte restringe\u201d, del que \u201cte limita\u201d. Se habla de las becas para j\u00f3venes que dan la oportunidad de un trabajo\u2026 est\u00e1n perfectas, perfectas para esos chavos que a\u00fan viven en su casa, con sus padres\u2026 pero no para quienes ya decidieron conformar un hogar, con hijos\u2026\u00a0<\/span><\/p>\n<p><span style=\"font-weight: 400;\">Se habla del apoyo a la tercera edad, a todos los ancianos, a todos los abuelos\u2026 \u00a1qu\u00e9 bueno! Son unos 4 mil 600 y cacho bimestrales\u2026 si son dos ancianos, \u00a1mejor! \u00bfPero si es uno? A la semana, una despensa propia para una persona de la tercera edad, ara\u00f1a los mil 500 pesos, sin contar con el pago del agua, luz, gas\u2026 hablamos pues de econom\u00eda y si a ello le agrega (in)seguridad, le puedo decir que por muy popular que sea L\u00f3pez Obrador, no habr\u00e1 pueblo (clase media, principalmente, sost\u00e9n de este pa\u00eds) que aguante los embates de estos dos elementos que cuando fungen en negativo, lastiman, laceran y joden a un pueblo sabio y feliz, feliz, feliz\u2026<\/span><\/p>\n<p><span style=\"font-weight: 400;\">Si el Pejedente no atiende estos dos puntos, la Cuarta Transformaci\u00f3n no pasar\u00e1 de ser m\u00e1s de lo mismo y se estar\u00e1 visto que el sue\u00f1o de llegar a la grande era m\u00e1s que pensar en un verdadero cambio, en ver realizado el deseo de una sola persona que fue capaz de generar en millones de mexicanos, la esperanza de un cambio\u2026 \u00a1tranquilos! est\u00e1 a tiempo, si no es que el tiempo le gana.<\/span><\/p>\n<p>&nbsp;<\/p>\n<p><span style=\"font-weight: 400;\">smcainito@gmail.com<\/span><\/p>\n","protected":false},"excerpt":{"rendered":"<p>Salvador Mu\u00f1oz Los Pol\u00edticos Casi un 70 por ciento de aceptaci\u00f3n o popularidad es comprensible en el Pejedente\u2026 aunque no crea que sea por su Gobierno, sino obedece m\u00e1s a lo que gener\u00f3 su triunfo en la gente (que fue mucha, millones): la esperanza de un nuevo cambio. Puede sonar eso de un \u201cnuevo cambio\u201d [&hellip;]<\/p>\n","protected":false},"author":2,"featured_media":49492,"comment_status":"open","ping_status":"open","sticky":false,"template":"","format":"standard","meta":{"_jetpack_newsletter_access":"","_jetpack_dont_email_post_to_subs":false,"_jetpack_newsletter_tier_id":0,"_jetpack_memberships_contains_paywalled_content":false,"_jetpack_memberships_contains_paid_content":false,"footnotes":""},"categories":[70],"tags":[618,2228,1526,360],"class_list":["post-49491","post","type-post","status-publish","format-standard","has-post-thumbnail","hentry","category-de-opinion","tag-andres-manuel-lopez-obrador","tag-economia","tag-popularidad","tag-seguridad"],"jetpack_featured_media_url":"https:\/\/lospoliticosveracruz.com.mx\/wp-content\/uploads\/2019\/09\/B8506A10-B6A3-449A-9620-8053A8186345.jpeg","jetpack_sharing_enabled":true,"jetpack_shortlink":"https:\/\/wp.me\/p4Qcd3-cSf","_links":{"self":[{"href":"https:\/\/lospoliticosveracruz.com.mx\/index.php?rest_route=\/wp\/v2\/posts\/49491","targetHints":{"allow":["GET"]}}],"collection":[{"href":"https:\/\/lospoliticosveracruz.com.mx\/index.php?rest_route=\/wp\/v2\/posts"}],"about":[{"href":"https:\/\/lospoliticosveracruz.com.mx\/index.php?rest_route=\/wp\/v2\/types\/post"}],"author":[{"embeddable":true,"href":"https:\/\/lospoliticosveracruz.com.mx\/index.php?rest_route=\/wp\/v2\/users\/2"}],"replies":[{"embeddable":true,"href":"https:\/\/lospoliticosveracruz.com.mx\/index.php?rest_route=%2Fwp%2Fv2%2Fcomments&post=49491"}],"version-history":[{"count":1,"href":"https:\/\/lospoliticosveracruz.com.mx\/index.php?rest_route=\/wp\/v2\/posts\/49491\/revisions"}],"predecessor-version":[{"id":49493,"href":"https:\/\/lospoliticosveracruz.com.mx\/index.php?rest_route=\/wp\/v2\/posts\/49491\/revisions\/49493"}],"wp:featuredmedia":[{"embeddable":true,"href":"https:\/\/lospoliticosveracruz.com.mx\/index.php?rest_route=\/wp\/v2\/media\/49492"}],"wp:attachment":[{"href":"https:\/\/lospoliticosveracruz.com.mx\/index.php?rest_route=%2Fwp%2Fv2%2Fmedia&parent=49491"}],"wp:term":[{"taxonomy":"category","embeddable":true,"href":"https:\/\/lospoliticosveracruz.com.mx\/index.php?rest_route=%2Fwp%2Fv2%2Fcategories&post=49491"},{"taxonomy":"post_tag","embeddable":true,"href":"https:\/\/lospoliticosveracruz.com.mx\/index.php?rest_route=%2Fwp%2Fv2%2Ftags&post=49491"}],"curies":[{"name":"wp","href":"https:\/\/api.w.org\/{rel}","templated":true}]}}