{"id":49789,"date":"2019-09-20T23:00:37","date_gmt":"2019-09-21T04:00:37","guid":{"rendered":"http:\/\/www.lospoliticosveracruz.com.mx\/?p=49789"},"modified":"2019-09-21T09:29:12","modified_gmt":"2019-09-21T14:29:12","slug":"ley-de-amnistia","status":"publish","type":"post","link":"https:\/\/lospoliticosveracruz.com.mx\/?p=49789","title":{"rendered":"Ley de Amnist\u00eda"},"content":{"rendered":"<p><strong>Brenda Caballero<\/strong><\/p>\n<p><em>N\u00fameros Rojos<\/em><\/p>\n<p>En M\u00e9xico, es un secreto a voces que las c\u00e1rceles est\u00e1n llenas de inocentes que purgan condenas por delitos menores y que est\u00e1n en prisi\u00f3n por ser pobres, pues los que tienen dinero pagan un abogado, la fianza y de inmediato quedan en libertad. Hasta podr\u00edamos decir que la poblaci\u00f3n m\u00e1s vulnerable es la que se encuentra presa.<\/p>\n<p>Emulando a Miguel Hidalgo y Costilla, que en la antesala del Grito de Independencia de 1810 liber\u00f3 algunos presos de la c\u00e1rcel de Dolores, el presidente Andr\u00e9s Manuel L\u00f3pez Obrador mand\u00f3 hace unos d\u00edas la iniciativa de \u201cLa Ley de Amnist\u00eda\u201d a la C\u00e1mara de Diputados\u2026 para ser precisa, en la noche del pasado 15 de septiembre.<\/p>\n<p>Todav\u00eda ni discuten los diputados la iniciativa y ya est\u00e1 generando controversia.<\/p>\n<p>En primer lugar, desde el mismo nombre, pues los conocedores de la materia aseguran que deber\u00eda ser \u201cIndulto\u201d, ya que se les perdonar\u00e1 la pena o sentencia por cumplir al culpable; mientras que \u201cAmnist\u00eda\u201d es el perd\u00f3n al delito cometido cuando el infractor no ha sido juzgado.<\/p>\n<p>Ante ello, el Presidente indic\u00f3 en su proyecto que \u201cel indulto y la amnist\u00eda son figuras jur\u00eddica distintas, sin embargo, comparten la idea de conceder la libertad y dar nuevas oportunidades de reinserci\u00f3n social a quienes han cometido conductas delictivas\u201d.<\/p>\n<p>Para dejar clara esta la ley de Amnist\u00eda, se indic\u00f3 que no beneficiar\u00e1 a quienes hayan cometido delitos graves como secuestro, homicidio, ni a los que sean reincidentes, o que hayan utilizado un arma de fuego en la comisi\u00f3n del delito, m\u00e1s bien est\u00e1 enfocada en mujeres que abortaron, que fueron presionadas por sus parejas para transportar o vender drogas. Igual se enfoca en j\u00f3venes que, ante la falta de oportunidades de crecimiento y empleo, han tenido que recurrir a la distribuci\u00f3n y venta de droga o han sido presionados por grupos de la delincuencia organizada para hacerlo; tambi\u00e9n se enfoca en ind\u00edgenas que han enfrentado sus procesos sin un abogado ni traductor de su lengua natal y su cultura.<\/p>\n<p>Del mismo modo, se pretende aplicar la amnist\u00eda al robo simple sin violencia y a los encarcelados por sus ideas\u00a0pol\u00edticas pues mire que debe haber varios casos en nuestros centros de reinserci\u00f3n social.<\/p>\n<p>Por otro lado, hay quien considera que dicha ley es un permiso para robar, pues ya no se perseguir\u00e1 ni castigar\u00e1 a quien robe bienes sin violencia por un valor de hasta 51 mil pesos.<\/p>\n<p>Si bien la iniciativa pretende apoyar a quienes no tienen acceso a la justicia, deber\u00e1 analizarse muy bien cada caso pues no faltar\u00e1 quien quiera aprovecharse de esta ley de amnist\u00eda abogando pobreza.<\/p>\n<p>\u00bfY usted qu\u00e9 opina de la propuesta de Ley de Amnist\u00eda?<\/p>\n<p>&nbsp;<\/p>\n<p><a href=\"mailto:caballero_brenda@hotmail.com\" target=\"_blank\">caballero_brenda@hotmail.com<\/a><\/p>\n<p>&nbsp;<\/p>\n<p>@NumerosRojos_BC<\/p>\n","protected":false},"excerpt":{"rendered":"<p>Brenda Caballero N\u00fameros Rojos En M\u00e9xico, es un secreto a voces que las c\u00e1rceles est\u00e1n llenas de inocentes que purgan condenas por delitos menores y que est\u00e1n en prisi\u00f3n por ser pobres, pues los que tienen dinero pagan un abogado, la fianza y de inmediato quedan en libertad. Hasta podr\u00edamos decir que la poblaci\u00f3n m\u00e1s [&hellip;]<\/p>\n","protected":false},"author":2,"featured_media":49790,"comment_status":"open","ping_status":"open","sticky":false,"template":"","format":"standard","meta":{"_jetpack_newsletter_access":"","_jetpack_dont_email_post_to_subs":false,"_jetpack_newsletter_tier_id":0,"_jetpack_memberships_contains_paywalled_content":false,"_jetpack_memberships_contains_paid_content":false,"footnotes":""},"categories":[70],"tags":[618,3397,15268,395],"class_list":["post-49789","post","type-post","status-publish","format-standard","has-post-thumbnail","hentry","category-de-opinion","tag-andres-manuel-lopez-obrador","tag-grito-de-independencia","tag-ley-de-amnistia","tag-mexico"],"jetpack_featured_media_url":"https:\/\/lospoliticosveracruz.com.mx\/wp-content\/uploads\/2019\/09\/Amisstia.jpeg","jetpack_sharing_enabled":true,"jetpack_shortlink":"https:\/\/wp.me\/p4Qcd3-cX3","_links":{"self":[{"href":"https:\/\/lospoliticosveracruz.com.mx\/index.php?rest_route=\/wp\/v2\/posts\/49789","targetHints":{"allow":["GET"]}}],"collection":[{"href":"https:\/\/lospoliticosveracruz.com.mx\/index.php?rest_route=\/wp\/v2\/posts"}],"about":[{"href":"https:\/\/lospoliticosveracruz.com.mx\/index.php?rest_route=\/wp\/v2\/types\/post"}],"author":[{"embeddable":true,"href":"https:\/\/lospoliticosveracruz.com.mx\/index.php?rest_route=\/wp\/v2\/users\/2"}],"replies":[{"embeddable":true,"href":"https:\/\/lospoliticosveracruz.com.mx\/index.php?rest_route=%2Fwp%2Fv2%2Fcomments&post=49789"}],"version-history":[{"count":1,"href":"https:\/\/lospoliticosveracruz.com.mx\/index.php?rest_route=\/wp\/v2\/posts\/49789\/revisions"}],"predecessor-version":[{"id":49791,"href":"https:\/\/lospoliticosveracruz.com.mx\/index.php?rest_route=\/wp\/v2\/posts\/49789\/revisions\/49791"}],"wp:featuredmedia":[{"embeddable":true,"href":"https:\/\/lospoliticosveracruz.com.mx\/index.php?rest_route=\/wp\/v2\/media\/49790"}],"wp:attachment":[{"href":"https:\/\/lospoliticosveracruz.com.mx\/index.php?rest_route=%2Fwp%2Fv2%2Fmedia&parent=49789"}],"wp:term":[{"taxonomy":"category","embeddable":true,"href":"https:\/\/lospoliticosveracruz.com.mx\/index.php?rest_route=%2Fwp%2Fv2%2Fcategories&post=49789"},{"taxonomy":"post_tag","embeddable":true,"href":"https:\/\/lospoliticosveracruz.com.mx\/index.php?rest_route=%2Fwp%2Fv2%2Ftags&post=49789"}],"curies":[{"name":"wp","href":"https:\/\/api.w.org\/{rel}","templated":true}]}}