{"id":50030,"date":"2019-10-06T13:23:49","date_gmt":"2019-10-06T18:23:49","guid":{"rendered":"http:\/\/www.lospoliticosveracruz.com.mx\/?p=50030"},"modified":"2019-10-06T13:23:49","modified_gmt":"2019-10-06T18:23:49","slug":"edel-de-poco-fiar-el-silencio-de-los-dirigentes","status":"publish","type":"post","link":"https:\/\/lospoliticosveracruz.com.mx\/?p=50030","title":{"rendered":"Edel, de poco fiar; el silencio de los dirigentes"},"content":{"rendered":"<p><b>Ricardo Ch\u00faa<\/b><\/p>\n<p><i>Sale y Vale<\/i><\/p>\n<p>LA REELECCI\u00d3N&#8230;. Pase lo que pase en unos d\u00edas dentro del Tribunal Superior de Justicia del Estado&#8230; Poderosas fuentes del gobierno estatal&#8230; Nos informan que el actual Presidente del TSJE, Edel Alvarez Pe\u00f1a.. Simplemente no va a repetir en el cargo&#8230;. A pesar de que el distanciamiento que mantiene directamente con el ex gobernador, Miguel Angel Yunes Linares, no sea una falacia y que realmente est\u00e1n peleados&#8230; Y que no hay reversa en este caso&#8230;<\/p>\n<p>Alvarez Pe\u00f1a siempre ha sido un \u00absobreviviente\u00bb pol\u00edtico de un r\u00e9gimen a otro en Veracruz&#8230; As\u00ed ha actuado desde hace d\u00e9cadas y se ha mantenido en las \u00abesferas\u00bb altas del poder pol\u00edtico en Veracruz&#8230; Pero siempre ligado a Yunes Linares.. Pero desde que lleg\u00f3 MORENA a tomar el poder en la entidad&#8230; P-EDEL fue cambiando su discurso y su actuar&#8230; Dejo de proteger su entorno y permiti\u00f3 al gobierno de Cuitl\u00e1huac \u00abentrometerse\u00bb en el tribunal en Veracruz&#8230; Sobre todo \u00abrompiendo\u00bb su alianza de hace muchos a\u00f1os con Miguel Angel&#8230;..<\/p>\n<p>Mucho se ha comentado que esta situaci\u00f3n hace que Alvarez Pe\u00f1a no sea una persona confiable tanto para MORENA como para funcionarios del gobierno estatal.. Ya que razonan, que si pudo darle la \u00abespalda\u00bb a su amigo y aliado de hace muchos a\u00f1os como lo era con \u00e9l, Yunes Linares&#8230; Que se puede esperar de Alvarez Pe\u00f1a cuando las cosas \u00able pinten\u00bb adversas a los Morenos en Veracruz&#8230; \u00bfCu\u00e1l confianza?&#8230;. Por eso su reelecci\u00f3n no es una opci\u00f3n&#8230;. Bye Edel&#8230;<\/p>\n<p>EL EXTRA\u00d1O SILENCIO DE MORENA&#8230; Desde hace m\u00e1s de un mes a la fecha&#8230; En Veracruz no se sabe nada de Hugo Mart\u00ednez Lino, no recordamos bien si as\u00ed se llama, este personaje es el que \u00bffunge? como el dirigente estatal de MORENA en Veracruz.. Pero nadie sabe donde est\u00e1&#8230; Por eso, la militancia ya lo llama \u00abEl Marcos Even\u00bb de los Morenos porque no aparece por ning\u00fan lado&#8230; Vamos hasta las oficinas del comit\u00e9 estatal est\u00e1n completamente vac\u00edas&#8230;<\/p>\n<p>Lo raro del tema es que siendo el partido pol\u00edtico en el poder&#8230;. Con un gobernador que le encanta subirse al \u00abring\u00bb medi\u00e1tico con sus enemigos pol\u00edticos&#8230;. Es para que Mart\u00ednez Lino por lo menos, le hiciera la \u00abcabula\u00bb y se aventara unas declaraciones por lo menos respaldando a Cuitl\u00e1huac Garc\u00eda, a su gobierno, a los alcaldes y diputados que est\u00e1n muy vapuleados por la opini\u00f3n p\u00fablica&#8230; Pero no pasa nada&#8230; Y el tipo est\u00e1 muy callado&#8230;<\/p>\n<p>En pocas palabras, en Veracruz no existe MORENA como partido pol\u00edtico que su dirigente estatal ha optado por el silencio para ver si por lo menos as\u00ed dura m\u00e1s tiempo en el cargo&#8230;. A pesar que hace s\u00f3lo unos d\u00edas, un grupo de senadores del PAN ped\u00edan la desaparici\u00f3n de poderes en Veracruz y el l\u00edder estatal de MORENA \u00abbrillo\u00bb pero por su ausencia&#8230; Nada de trabajo pol\u00edtico pero eso si las prerrogativas de MORENA son muy \u00abapetecibles\u00bb&#8230; M\u00e1s de 10 millones de pesos al mes&#8230; Valen el silencio para pasar como desapercibido&#8230; AMEN&#8230;.<\/p>\n<p>EL EXTRA\u00d1O SILENCIO DEL CHAPO&#8230;. Otro que no ha salido ni a decir \u00abni p\u00edo\u00bb despu\u00e9s de su triunfo en Veracruz en la dirigencia estatal del PAN, es, Joaqu\u00edn Guzm\u00e1n \u00c1viles&#8230; Al\u00edas \u00abEl Chapito\u00bb.. Ya que este personaje, parece, que se ha quedado mudo ante las cosas que han sucedido \u00faltimamente entre este gobierno y no ha emitido una opini\u00f3n, ni a favor o en contra&#8230;. Tambi\u00e9n se mantiene como \u00abagazapado\u00bb para evitar ser tomado en cuenta medi\u00e1ticamente, pues, \u00bfa qu\u00e9 le tendr\u00e1 miedo el panista?&#8230;.<\/p>\n<p>Ya en el P\u00c4N estatal parece que tampoco hay dirigencia porque nadie asume el control o la voz para dar a conocer tal o cual posicionamiento como partido pol\u00edtico&#8230; Parce que el PAN se qued\u00f3 muy \u00abquebrado\u00bb despu\u00e9s de la elecci\u00f3n a l\u00edder estatal&#8230; Vamos el gobierno local de Veracruz est\u00e1 atacando permanentemente a la administraci\u00f3n en la que estuvo \u00e9l como secretrario de SEDARPA y tampoco dice nada. Ni para defenderse&#8230;<\/p>\n<p>Tampoco se mete en problemas&#8230; \u00abEl Chapo\u00bb no se aparece en lugares p\u00fablicos en las \u00faltimas fechas fechas para evitar que le puedan hacer preguntas sobre Miguel Angel Yunes Linares&#8230; Ya que el fue su jefe inmediato en la funci\u00f3n p\u00fablica hasta hace unos meses&#8230; Pero ah\u00ed tambi\u00e9n se qued\u00f3 mudo&#8230;Solo tampoco hay alguna informaci\u00f3n de tu parte&#8230; Ni par bien o para mal&#8230; \u00abEl Chapito\u00bb se qued\u00f3 en silencio&#8230; CONSUMATUM EST&#8230;<\/p>\n","protected":false},"excerpt":{"rendered":"<p>Ricardo Ch\u00faa Sale y Vale LA REELECCI\u00d3N&#8230;. Pase lo que pase en unos d\u00edas dentro del Tribunal Superior de Justicia del Estado&#8230; Poderosas fuentes del gobierno estatal&#8230; Nos informan que el actual Presidente del TSJE, Edel Alvarez Pe\u00f1a.. Simplemente no va a repetir en el cargo&#8230;. A pesar de que el distanciamiento que mantiene directamente [&hellip;]<\/p>\n","protected":false},"author":2,"featured_media":0,"comment_status":"open","ping_status":"open","sticky":false,"template":"","format":"standard","meta":{"_jetpack_newsletter_access":"","_jetpack_dont_email_post_to_subs":false,"_jetpack_newsletter_tier_id":0,"_jetpack_memberships_contains_paywalled_content":false,"_jetpack_memberships_contains_paid_content":false,"footnotes":""},"categories":[70],"tags":[13561,10185,15342,3288,1026,195],"class_list":["post-50030","post","type-post","status-publish","format-standard","hentry","category-de-opinion","tag-cuitlahauc-garcia-jimenez","tag-edel-alvarez-pena","tag-hugo-martinez-lino","tag-joaquin-guzman-aviles","tag-morena","tag-veracruz"],"jetpack_featured_media_url":"","jetpack_sharing_enabled":true,"jetpack_shortlink":"https:\/\/wp.me\/p4Qcd3-d0W","_links":{"self":[{"href":"https:\/\/lospoliticosveracruz.com.mx\/index.php?rest_route=\/wp\/v2\/posts\/50030","targetHints":{"allow":["GET"]}}],"collection":[{"href":"https:\/\/lospoliticosveracruz.com.mx\/index.php?rest_route=\/wp\/v2\/posts"}],"about":[{"href":"https:\/\/lospoliticosveracruz.com.mx\/index.php?rest_route=\/wp\/v2\/types\/post"}],"author":[{"embeddable":true,"href":"https:\/\/lospoliticosveracruz.com.mx\/index.php?rest_route=\/wp\/v2\/users\/2"}],"replies":[{"embeddable":true,"href":"https:\/\/lospoliticosveracruz.com.mx\/index.php?rest_route=%2Fwp%2Fv2%2Fcomments&post=50030"}],"version-history":[{"count":1,"href":"https:\/\/lospoliticosveracruz.com.mx\/index.php?rest_route=\/wp\/v2\/posts\/50030\/revisions"}],"predecessor-version":[{"id":50031,"href":"https:\/\/lospoliticosveracruz.com.mx\/index.php?rest_route=\/wp\/v2\/posts\/50030\/revisions\/50031"}],"wp:attachment":[{"href":"https:\/\/lospoliticosveracruz.com.mx\/index.php?rest_route=%2Fwp%2Fv2%2Fmedia&parent=50030"}],"wp:term":[{"taxonomy":"category","embeddable":true,"href":"https:\/\/lospoliticosveracruz.com.mx\/index.php?rest_route=%2Fwp%2Fv2%2Fcategories&post=50030"},{"taxonomy":"post_tag","embeddable":true,"href":"https:\/\/lospoliticosveracruz.com.mx\/index.php?rest_route=%2Fwp%2Fv2%2Ftags&post=50030"}],"curies":[{"name":"wp","href":"https:\/\/api.w.org\/{rel}","templated":true}]}}