{"id":50109,"date":"2019-10-11T20:24:00","date_gmt":"2019-10-12T01:24:00","guid":{"rendered":"http:\/\/www.lospoliticosveracruz.com.mx\/?p=50109"},"modified":"2019-10-11T20:24:00","modified_gmt":"2019-10-12T01:24:00","slug":"acuerdan-ssp-y-empresarios-trabajar-unidos-por-la-seguridad-en-veracruz","status":"publish","type":"post","link":"https:\/\/lospoliticosveracruz.com.mx\/?p=50109","title":{"rendered":"Acuerdan SSP y empresarios trabajar unidos por la seguridad en Veracruz"},"content":{"rendered":"<p>La Secretar\u00eda de Seguridad P\u00fablica (SSP) e integrantes del sector empresarial de la zona conurbada Veracruz-Boca del R\u00edo acordaron trabajar unidos por el desarrollo econ\u00f3mico de la entidad.<\/p>\n<p>Con estas acciones se busca fortalecer la coordinaci\u00f3n en materia de seguridad y prevenci\u00f3n del delito, la implementaci\u00f3n de una estrategia que permita la reactivaci\u00f3n de la econom\u00eda, generar las condiciones para la inversi\u00f3n y promover la denuncia y prevenci\u00f3n del delito.<\/p>\n<p>El titular de la dependencia, Hugo Guti\u00e9rrez Maldonado, se reuni\u00f3 los presidentes de las c\u00e1maras Mexicana de la Industria de la Construcci\u00f3n (CMIC), Marcos Rafael Ordu\u00f1a Alcocer, y de la Nacional de la Industria de Desarrollo y Promoci\u00f3n de Vivienda (CANADEVI), Jorge Miguel Sosa Zamudio, as\u00ed como integrantes de este organismo, para presentarles las actividades y programas estatales en la materia.<\/p>\n<p>Tambi\u00e9n dialog\u00f3 con los presidentes de la Confederaci\u00f3n Patronal de la Rep\u00fablica Mexicana (COPARMEX), Juan Jos\u00e9 Sierra \u00c1lvarez; as\u00ed como de las c\u00e1maras Nacional de Comercio (CANACO), Jos\u00e9 Antonio Mendoza Garc\u00eda, y Nacional de la Industria Restaurantera y Alimentos Condimentados (CANIRAC), tanto estatal como local, Daniel Mart\u00edn Lois y Santiago Mart\u00ednez Dordella, respectivamente.<\/p>\n<p>La iniciativa privada agradeci\u00f3 la disposici\u00f3n y apertura al dialogo y refrendaron su compromiso para trabajar de manera conjunta en materia de seguridad y as\u00ed detonar el desarrollo del corredor tur\u00edstico-comercial de la zona conurbada Veracruz &#8211; Boca del R\u00edo.<\/p>\n","protected":false},"excerpt":{"rendered":"<p>La Secretar\u00eda de Seguridad P\u00fablica (SSP) e integrantes del sector empresarial de la zona conurbada Veracruz-Boca del R\u00edo acordaron trabajar unidos por el desarrollo econ\u00f3mico de la entidad. Con estas acciones se busca fortalecer la coordinaci\u00f3n en materia de seguridad y prevenci\u00f3n del delito, la implementaci\u00f3n de una estrategia que permita la reactivaci\u00f3n de la [&hellip;]<\/p>\n","protected":false},"author":2,"featured_media":50110,"comment_status":"open","ping_status":"open","sticky":false,"template":"","format":"standard","meta":{"_jetpack_newsletter_access":"","_jetpack_dont_email_post_to_subs":false,"_jetpack_newsletter_tier_id":0,"_jetpack_memberships_contains_paywalled_content":false,"_jetpack_memberships_contains_paid_content":false,"footnotes":""},"categories":[73],"tags":[6816,15276,7998,1216,6293,15378,13303,15377,14685,11467,15376,15379,177,359],"class_list":["post-50109","post","type-post","status-publish","format-standard","has-post-thumbnail","hentry","category-de-boleto","tag-canaco","tag-canadevi","tag-canirac","tag-cmic","tag-coparmex","tag-daniel-martin-lois","tag-hugo-gutierrez-maldonado","tag-jorge-miguel-sosa-zamudio","tag-jose-antonio-mendoza-garcia","tag-juan-jose-sierra-alvarez","tag-marcos-rafael-orduna-alcocer","tag-santiago-martinez-dordella","tag-seguridad-publica","tag-ssp"],"jetpack_featured_media_url":"https:\/\/lospoliticosveracruz.com.mx\/wp-content\/uploads\/2019\/10\/CMIC.jpeg","jetpack_sharing_enabled":true,"jetpack_shortlink":"https:\/\/wp.me\/p4Qcd3-d2d","_links":{"self":[{"href":"https:\/\/lospoliticosveracruz.com.mx\/index.php?rest_route=\/wp\/v2\/posts\/50109","targetHints":{"allow":["GET"]}}],"collection":[{"href":"https:\/\/lospoliticosveracruz.com.mx\/index.php?rest_route=\/wp\/v2\/posts"}],"about":[{"href":"https:\/\/lospoliticosveracruz.com.mx\/index.php?rest_route=\/wp\/v2\/types\/post"}],"author":[{"embeddable":true,"href":"https:\/\/lospoliticosveracruz.com.mx\/index.php?rest_route=\/wp\/v2\/users\/2"}],"replies":[{"embeddable":true,"href":"https:\/\/lospoliticosveracruz.com.mx\/index.php?rest_route=%2Fwp%2Fv2%2Fcomments&post=50109"}],"version-history":[{"count":1,"href":"https:\/\/lospoliticosveracruz.com.mx\/index.php?rest_route=\/wp\/v2\/posts\/50109\/revisions"}],"predecessor-version":[{"id":50111,"href":"https:\/\/lospoliticosveracruz.com.mx\/index.php?rest_route=\/wp\/v2\/posts\/50109\/revisions\/50111"}],"wp:featuredmedia":[{"embeddable":true,"href":"https:\/\/lospoliticosveracruz.com.mx\/index.php?rest_route=\/wp\/v2\/media\/50110"}],"wp:attachment":[{"href":"https:\/\/lospoliticosveracruz.com.mx\/index.php?rest_route=%2Fwp%2Fv2%2Fmedia&parent=50109"}],"wp:term":[{"taxonomy":"category","embeddable":true,"href":"https:\/\/lospoliticosveracruz.com.mx\/index.php?rest_route=%2Fwp%2Fv2%2Fcategories&post=50109"},{"taxonomy":"post_tag","embeddable":true,"href":"https:\/\/lospoliticosveracruz.com.mx\/index.php?rest_route=%2Fwp%2Fv2%2Ftags&post=50109"}],"curies":[{"name":"wp","href":"https:\/\/api.w.org\/{rel}","templated":true}]}}