{"id":50142,"date":"2019-10-14T07:38:59","date_gmt":"2019-10-14T12:38:59","guid":{"rendered":"http:\/\/www.lospoliticosveracruz.com.mx\/?p=50142"},"modified":"2019-10-14T07:38:59","modified_gmt":"2019-10-14T12:38:59","slug":"renuncias-o-carcel","status":"publish","type":"post","link":"https:\/\/lospoliticosveracruz.com.mx\/?p=50142","title":{"rendered":"\u201cRenuncias o c\u00e1rcel\u201d"},"content":{"rendered":"<p><strong>Felipe de Jes\u00fas Fern\u00e1ndez Basilio<\/strong><\/p>\n<p><em>Desde A Janela<\/em><\/p>\n<p>Cuando un ministro se va si no es porque termina el periodo constitucional de quince a\u00f1os para el que fue designado, debe de dar una explicaci\u00f3n sobre las razones por las que se retira del cargo.<\/p>\n<p>Siendo este el caso del ministro Eduardo Medina Mora, quien el pasado 3 de octubre present\u00f3 su renuncia al cargo mediante una escueta misiva en la que no dijo nada acerca de las razones que causaron su dimisi\u00f3n.<\/p>\n<p>Pudiendo ser \u00e9stas de \u00edndole personal como problemas de salud de \u00e9l o de una persona muy cercana o por tener que atender alg\u00fan otro asunto de igual o mayor importancia, pero la cuesti\u00f3n es la misma al renunciar a tan alta encomienda debi\u00f3 de explicar o al menos mencionar la causa que motiv\u00f3 su separaci\u00f3n voluntaria del cargo.<\/p>\n<p>Ahora bien y siendo mal pensados, ya que conocemos de sobra la manera en que operan en el gobierno actual, puede ser que el ministro haya sido v\u00edctima de alg\u00fan chantaje o presi\u00f3n hecho por alguna autoridad y eso es muy probable debido a que casualmente ese ministro en particular trabaj\u00f3 en gobiernos contrarios al actual.<\/p>\n<p>Ya que no hay que olvidar que Eduardo Medina Mora fue Secretario de Seguridad P\u00fablica y tambi\u00e9n fue Procurador General de la Rep\u00fablica antes de haber sido designado ministro de la Suprema Corte de Justicia de la Naci\u00f3n y as\u00ed mismo cuando se dio esta \u00faltima designaci\u00f3n, la misma gener\u00f3 mucha pol\u00e9mica debido a su cercan\u00eda con Pe\u00f1a.<\/p>\n<p>Y tambi\u00e9n apunta a confirmar esta posibilidad el que el rumor m\u00e1s fuerte que corri\u00f3 fue el que el ministro dimitente era investigado por la Unidad de Inteligencia Financiera de la de la Secretar\u00eda de Hacienda y Cr\u00e9dito P\u00fablico y que incluso como medida precautoria se hab\u00edan bloqueado sus cuentas bancarias, as\u00ed como tambi\u00e9n las de otras personas entre las que se inclu\u00edan a sus hermanos.<\/p>\n<p>Lo anterior de acuerdo a investigaciones period\u00edsticas aparecidas en la prensa nacional, mismas que tambi\u00e9n ha reportado la aparici\u00f3n de otro oficio emitido tambi\u00e9n por el titular de Unidad de Inteligencia Financiera una vez consumada la renuncia del togado, en el cual se solicita a la Comisi\u00f3n Nacional Bancaria y de Valores la liberaci\u00f3n de las cuentas tanto del referido ministro como las de sus familiares cercanos, dejando bloqueadas las cuentas de las dem\u00e1s personas investigadas.<\/p>\n<p>Siendo de acuerdo a El Universal el primer oficio el 110\/F\/B\/5182\/2019 de fecha 3 de octubre, el oficio que ordena bloquear las cuentas y el segundo o sea el que las desbloquea es el 110\/F\/B\/5212\/2019 de 5 de octubre y que surti\u00f3 efectos hasta el lunes 7 de octubre.<\/p>\n<p>Con la existencia de estos oficios se refuerza la hip\u00f3tesis de la presi\u00f3n hecha al renunciado ministro y con ello tambi\u00e9n el modo porril y mafioso con el que opera el actual gobierno y ello pese a que L\u00f3pez neg\u00f3 cualquier investigaci\u00f3n hecha en contra de Medina y su familia, pero la verdad \u00bfQui\u00e9n le puede creer a L\u00f3pez?, al menos yo no y menos cuando se empiezan a filtrar documentos que indican lo contario.<\/p>\n<p>Y es que, si de verdad se trata de una investigaci\u00f3n y de la posible comisi\u00f3n de un delito, entonces \u00e9sta se debe de llevar a cabo hasta las \u00faltimas consecuencias y proceder judicialmente contra los investigados independientemente si renuncian o no al cargo que ocupan o al menos esto es lo que sucede en los pa\u00edses m\u00e1s democr\u00e1ticos del mundo.<\/p>\n<p>Mientras que el ofrecer a un opositor inmunidad a cambio de entregar un cargo que no se desea que ocupe nos recuerda a las \u00e9pocas m\u00e1s oscuras del PRI, ya que en ese entonces la oferta era \u201crenuncias o c\u00e1rcel\u201d, siendo ejemplos de lo anterior La Quina y Elba Esther Gordillo quienes, al no aceptar la oferta fueron encarcelados.<\/p>\n<p>Mas todo eso se supone que de acuerdo a las promesas hechas por L\u00f3pez se iba a acabar, ya que estos chantajes entran dentro de la corrupci\u00f3n pri\u00edsta que dijo que con \u00e9l se iba a terminar, mas viendo lo que sucedi\u00f3 en el caso de Medina Mora nos damos cuenta de que en realidad el gobierno de L\u00f3pez es igual a todos los que le precedieron, ya que usa el mismo chantaje que sus predecesores usaron en su momento para librarse de personajes inc\u00f3modos: \u201c<em>Renuncias o c\u00e1rcel<\/em>\u201d<\/p>\n<p>&nbsp;<\/p>\n<p><a href=\"mailto:felfebas@gmail.com\">felfebas@gmail.com<\/a><\/p>\n<p>Twitter: @FelipeFBasilio<\/p>\n","protected":false},"excerpt":{"rendered":"<p>Felipe de Jes\u00fas Fern\u00e1ndez Basilio Desde A Janela Cuando un ministro se va si no es porque termina el periodo constitucional de quince a\u00f1os para el que fue designado, debe de dar una explicaci\u00f3n sobre las razones por las que se retira del cargo. Siendo este el caso del ministro Eduardo Medina Mora, quien el [&hellip;]<\/p>\n","protected":false},"author":2,"featured_media":50143,"comment_status":"open","ping_status":"open","sticky":false,"template":"","format":"standard","meta":{"_jetpack_newsletter_access":"","_jetpack_dont_email_post_to_subs":false,"_jetpack_newsletter_tier_id":0,"_jetpack_memberships_contains_paywalled_content":false,"_jetpack_memberships_contains_paid_content":false,"footnotes":""},"categories":[70],"tags":[7403,2218,4499,12710,15420,15419,6605,5854,6361,14697],"class_list":["post-50142","post","type-post","status-publish","format-standard","has-post-thumbnail","hentry","category-de-opinion","tag-comision-nacional-bancaria-y-de-valores","tag-eduardo-medina-mora","tag-el-universal","tag-felipe-de-jesus-fernandez-basilio","tag-ministro","tag-procurador-general-de-la-republica","tag-secretaria-de-hacienda-y-credito-publico","tag-secretario-de-seguridad-publica","tag-suprema-corte-de-justicia-de-la-nacion","tag-unidad-de-inteligencia-financiera"],"jetpack_featured_media_url":"https:\/\/lospoliticosveracruz.com.mx\/wp-content\/uploads\/2019\/10\/Medina-Mora.jpg","jetpack_sharing_enabled":true,"jetpack_shortlink":"https:\/\/wp.me\/p4Qcd3-d2K","_links":{"self":[{"href":"https:\/\/lospoliticosveracruz.com.mx\/index.php?rest_route=\/wp\/v2\/posts\/50142","targetHints":{"allow":["GET"]}}],"collection":[{"href":"https:\/\/lospoliticosveracruz.com.mx\/index.php?rest_route=\/wp\/v2\/posts"}],"about":[{"href":"https:\/\/lospoliticosveracruz.com.mx\/index.php?rest_route=\/wp\/v2\/types\/post"}],"author":[{"embeddable":true,"href":"https:\/\/lospoliticosveracruz.com.mx\/index.php?rest_route=\/wp\/v2\/users\/2"}],"replies":[{"embeddable":true,"href":"https:\/\/lospoliticosveracruz.com.mx\/index.php?rest_route=%2Fwp%2Fv2%2Fcomments&post=50142"}],"version-history":[{"count":1,"href":"https:\/\/lospoliticosveracruz.com.mx\/index.php?rest_route=\/wp\/v2\/posts\/50142\/revisions"}],"predecessor-version":[{"id":50144,"href":"https:\/\/lospoliticosveracruz.com.mx\/index.php?rest_route=\/wp\/v2\/posts\/50142\/revisions\/50144"}],"wp:featuredmedia":[{"embeddable":true,"href":"https:\/\/lospoliticosveracruz.com.mx\/index.php?rest_route=\/wp\/v2\/media\/50143"}],"wp:attachment":[{"href":"https:\/\/lospoliticosveracruz.com.mx\/index.php?rest_route=%2Fwp%2Fv2%2Fmedia&parent=50142"}],"wp:term":[{"taxonomy":"category","embeddable":true,"href":"https:\/\/lospoliticosveracruz.com.mx\/index.php?rest_route=%2Fwp%2Fv2%2Fcategories&post=50142"},{"taxonomy":"post_tag","embeddable":true,"href":"https:\/\/lospoliticosveracruz.com.mx\/index.php?rest_route=%2Fwp%2Fv2%2Ftags&post=50142"}],"curies":[{"name":"wp","href":"https:\/\/api.w.org\/{rel}","templated":true}]}}