{"id":50145,"date":"2019-10-14T08:20:34","date_gmt":"2019-10-14T13:20:34","guid":{"rendered":"http:\/\/www.lospoliticosveracruz.com.mx\/?p=50145"},"modified":"2019-10-14T08:20:34","modified_gmt":"2019-10-14T13:20:34","slug":"a-quien-culpar-del-desabasto-de-vacunas-ahora","status":"publish","type":"post","link":"https:\/\/lospoliticosveracruz.com.mx\/?p=50145","title":{"rendered":"\u00bfA qui\u00e9n culpar del desabasto de vacunas, ahora?"},"content":{"rendered":"<p><strong>Ricardo Ch\u00faa<\/strong><\/p>\n<p><em>Sale y Vale<\/em><\/p>\n<p>AVISO PARROQUIAL.. Hasta la iglesia cat\u00f3lica tiene que tomar partido&#8230; Y no es por MORENA&#8230; Sino por los \u00abTiburones Rojos\u00bb hasta el obispo de Veracruz dice que le pedir\u00e1 al \u00abSanto Ni\u00f1o Futbolero\u00bb que los jugadores se apliquen para que ganen un partido en la Liga MX&#8230; Que los futbolistas \u00abescualos\u00bb se animen y crezcan ante el fracaso&#8230; Por lo menos, que rece para que se comporten como profesionales y no cometan tantas pifias, entonces, si que exijan lo que reclaman&#8230; Les han pagado y no han ganado nada&#8230; DIOS LOS BENDIGA<\/p>\n<p>M\u00c1S VIOLENCIA&#8230;. De nuevo los grupos fuera de la ley vuelven a dejar \u00abmal parado\u00bb a la administraci\u00f3n estatal de Cuitl\u00e1huac Garc\u00eda&#8230; Dec\u00edan los funcionarios estatales que los cr\u00edmenes de ALTO IMPACTO hab\u00edan desaparecido en Veracruz y PUM&#8230; Que se la vuelven hacer&#8230; Asesinaron hace unos d\u00edas a un maestro en Mecayapan, con presuntos v\u00ednculos con delincuentes y a otro m\u00e1s lo secuestraron en Mariano Escobedo&#8230; Nada se sabe de \u00e9l, si lo rescataron o no&#8230; Pero el magisterio sigue en la \u00abgrilla\u00bb ligada con MORENA&#8230;<\/p>\n<p>Pero los argumentos se acaban&#8230; Y la ingobernabiidad junto con la violencia sigue avanzando&#8230; De nuevo volvi\u00f3 a aparecer un ejecutado m\u00e1s en los limites de Veracruz con Oaxaca,.. Ah\u00ed est\u00e1 la foto que recorri\u00f3 las redes sociales.. Todo \u00abenvuelto como un dulce\u00bb.. Pero ya esto es una imagen normal en Veracruz&#8230; Uno m\u00e1s y no pasa nada&#8230; Ya s\u00f3lo nada m\u00e1s falta que Cuitl\u00e1huac Garc\u00eda diga que \u00abtodo es culpa de Ver\u00f3nica Hern\u00e1ndez\u00bb&#8230; Ya ser\u00eda el \u00abfin de los tiempos\u00bb&#8230;<\/p>\n<p>CUITL\u00c1HUAC Y EL DESABASTO DE VACUNAS&#8230; Para que se \u00abhacen bolas\u00bb funcionarios estatales con el tema del desabasto de vacunas para iniciar campa\u00f1a de vacunaci\u00f3n en Veracruz&#8230;Que tuvieron que empezar este s\u00e1bado 12 de octubre, pero no fue as\u00ed&#8230; Tampoco las campa\u00f1as de mastograf\u00edas para detectar el c\u00e1ncer de mama pudieron iniciar porque no hay recursos&#8230; Y lo que falta en el sector salud&#8230; Pero aqu\u00ed s\u00f3lo hay un CULPABLE: El Gobierno Federal de Andr\u00e9s Manuel L\u00f3pez Obrador&#8230;<\/p>\n<p>Obvio es que en Veracruz, jam\u00e1s, pero jam\u00e1s y se lo firmamos ante Notario P\u00fablico, el gobernador, Cuitl\u00e1huac Garc\u00eda har\u00e1 un reclamo p\u00fablico a L\u00f3pez Obrador por esta falta de recursos en centros de salud de la entidad, ser\u00eda su peor \u00aberror\u00bb o \u00absuicidio\u00bb pol\u00edtico si lo hiciera aunque esto afecte la salud de los veracruzanos&#8230; Ah\u00ed pese al bienestar de su pueblo, Garc\u00eda Jim\u00e9nez le tiene que mostrar lealtad a AMLO aunque al ciudadano se lo \u00ablleve la fregada\u00bb en materia de salud por no haber una campa\u00f1a de vacunaci\u00f3n&#8230;<\/p>\n<p>Tampoco Mnuel Huerta dir\u00e1 nada&#8230; Ese menos&#8230; Pierde su chamba y se quedar\u00eda descartada su ambici\u00f3n pol\u00edtica&#8230; Pero todo este desabasto en materia de salud p\u00fablica, es el resultado de la compra centralizada que hace el gobierno de L\u00f3pez Obrador, de los medicamentos que se distribuyen a los hospitales del pa\u00eds.. Y esa ocurrencia s\u00f3lo ha sido del Presidente&#8230; Obviamente apoyado por un delegado del gobierno federal que es de MORENA y un gobernador que tambi\u00e9n es emanado de ese partido&#8230; Que entonces nos cargue el \u00abpayaso\u00bb&#8230;<\/p>\n<p>Aqu\u00ed con estos conflictos que pasan el gobierno federal y estatal de MORENA queda claro que se debe, a que en Palacio Nacional prefieren pagar sus famosos \u00abapoyos o becas\u00bb a los NINIS&#8230; Que comprar medicinas&#8230; Si no fuera as\u00ed, hubiera medicamentos, vacunas y todas las campa\u00f1as de vacunaci\u00f3n iniciar\u00edan en tiempo y forma, como se hac\u00eda cada a\u00f1o en esos gobiernos \u00abconservadores\u00bb pero sin desabasto&#8230; Aqu\u00ed en Veracruz, un gobernador queda bien con su Presidente pero no con su pueblo&#8230;<\/p>\n<p>Pero adem\u00e1s no s\u00f3lo son los pagos a los \u00abNINIS\u00bb sino tambi\u00e9n a toda esa gama de programas \u00abelectoreros\u00bb que tienen implementados, dan como resultado que no haya dinero para medicamentos&#8230; Ya queda cada d\u00eda m\u00e1s claro que estos gobiernos emanados de MORENA (federal o estatal) piensan m\u00e1s en la pr\u00f3xima elecci\u00f3n federal del 2021&#8230; No import\u00e1ndoles la salud, educaci\u00f3n, ciencia o la tecnolog\u00eda&#8230; As\u00ed de sencillo para Andr\u00e9s Manuel&#8230;<\/p>\n<p>El tema para Cuitl\u00e1huac Garc\u00eda y para el delegado federal, Manuel Huerta les queda dif\u00edcil a los dos&#8230; Qu\u00e9 pueden argumentar a favor del desabasto de medicamentos y vacunas&#8230; Si salen defendiendo al Presidente o \u00abech\u00e1ndole\u00bb la culpa Fidel, Yunes o Duarte&#8230; Ser\u00e1 evidente que no les interesa gobernar, sino s\u00f3lo trabajar en un proyecto pol\u00edtico.. Y eso implica el abandonar y dejar a su suerte a los veracruzanos m\u00e1s d\u00e9biles&#8230; En pocas palabras: Que se jodan&#8230; De nuevo: \u00abEl dilema de Sancho Panza\u00bb&#8230; CONSUMATUM EST..<\/p>\n<p>EL \u00abGENERAL LLUVIA\u00bb&#8230; Las fuertes e intensas precipitaciones pluviales se est\u00e1n haciendo presentes en Veracruz&#8230; Ya hay comunidades afectadas en varias regiones del Estado&#8230; Ojal\u00e1 el gobierno de Cuitl\u00e1huac Garc\u00eda haya tomado medidas preventivas para evitar desgracias humanas en zonas vulnerables como sucede a\u00f1o con a\u00f1o&#8230; Al menos, que se la pasen repartiendo, como siempre, culpas a los anteriores gobernantes que permitieron esos asentamientos&#8230; Mientras la poblaci\u00f3n sufre de las consecuencias de estar bajo el agua&#8230;<\/p>\n<p>Si el gobernador no se coordina con los alcaldes de la zona y no presta auxilio de manera inmediata a la poblaci\u00f3n.. Y le sucede como con el virus del dengue&#8230; Ya la percepci\u00f3n ciudadana no tendr\u00e1 excusa, ni pretexto para poder se\u00f1alarlo con todo&#8230; Si Cuitl\u00e1huac se pone a trabajar por el conflicto que se viene con las lluvias aunado al tema de la influenza&#8230; Se puede poner el \u00abtraje de luces\u00bb como mandatario y dejar atr\u00e1s esa imagen p\u00fablica de un administrador y pol\u00edtico inexperto.. Pero eso, ya depende de \u00e9l&#8230; La lluvia no perdona&#8230; AMEN&#8230;<\/p>\n","protected":false},"excerpt":{"rendered":"<p>Ricardo Ch\u00faa Sale y Vale AVISO PARROQUIAL.. Hasta la iglesia cat\u00f3lica tiene que tomar partido&#8230; Y no es por MORENA&#8230; Sino por los \u00abTiburones Rojos\u00bb hasta el obispo de Veracruz dice que le pedir\u00e1 al \u00abSanto Ni\u00f1o Futbolero\u00bb que los jugadores se apliquen para que ganen un partido en la Liga MX&#8230; Que los futbolistas [&hellip;]<\/p>\n","protected":false},"author":2,"featured_media":50146,"comment_status":"open","ping_status":"open","sticky":false,"template":"","format":"standard","meta":{"_jetpack_newsletter_access":"","_jetpack_dont_email_post_to_subs":false,"_jetpack_newsletter_tier_id":0,"_jetpack_memberships_contains_paywalled_content":false,"_jetpack_memberships_contains_paid_content":false,"footnotes":""},"categories":[70],"tags":[618,15422,1681,3055,15384,1850,7102,1026,1641,195],"class_list":["post-50145","post","type-post","status-publish","format-standard","has-post-thumbnail","hentry","category-de-opinion","tag-andres-manuel-lopez-obrador","tag-campana-de-vacunacion","tag-cuitlahuac-garcia","tag-iglesia-catolica","tag-liga-mx","tag-manuel-huerta-ladron-de-guevara","tag-mecayapan","tag-morena","tag-tiburones-rojos","tag-veracruz"],"jetpack_featured_media_url":"https:\/\/lospoliticosveracruz.com.mx\/wp-content\/uploads\/2019\/10\/Vacuna.jpg","jetpack_sharing_enabled":true,"jetpack_shortlink":"https:\/\/wp.me\/p4Qcd3-d2N","_links":{"self":[{"href":"https:\/\/lospoliticosveracruz.com.mx\/index.php?rest_route=\/wp\/v2\/posts\/50145","targetHints":{"allow":["GET"]}}],"collection":[{"href":"https:\/\/lospoliticosveracruz.com.mx\/index.php?rest_route=\/wp\/v2\/posts"}],"about":[{"href":"https:\/\/lospoliticosveracruz.com.mx\/index.php?rest_route=\/wp\/v2\/types\/post"}],"author":[{"embeddable":true,"href":"https:\/\/lospoliticosveracruz.com.mx\/index.php?rest_route=\/wp\/v2\/users\/2"}],"replies":[{"embeddable":true,"href":"https:\/\/lospoliticosveracruz.com.mx\/index.php?rest_route=%2Fwp%2Fv2%2Fcomments&post=50145"}],"version-history":[{"count":1,"href":"https:\/\/lospoliticosveracruz.com.mx\/index.php?rest_route=\/wp\/v2\/posts\/50145\/revisions"}],"predecessor-version":[{"id":50147,"href":"https:\/\/lospoliticosveracruz.com.mx\/index.php?rest_route=\/wp\/v2\/posts\/50145\/revisions\/50147"}],"wp:featuredmedia":[{"embeddable":true,"href":"https:\/\/lospoliticosveracruz.com.mx\/index.php?rest_route=\/wp\/v2\/media\/50146"}],"wp:attachment":[{"href":"https:\/\/lospoliticosveracruz.com.mx\/index.php?rest_route=%2Fwp%2Fv2%2Fmedia&parent=50145"}],"wp:term":[{"taxonomy":"category","embeddable":true,"href":"https:\/\/lospoliticosveracruz.com.mx\/index.php?rest_route=%2Fwp%2Fv2%2Fcategories&post=50145"},{"taxonomy":"post_tag","embeddable":true,"href":"https:\/\/lospoliticosveracruz.com.mx\/index.php?rest_route=%2Fwp%2Fv2%2Ftags&post=50145"}],"curies":[{"name":"wp","href":"https:\/\/api.w.org\/{rel}","templated":true}]}}