{"id":50196,"date":"2019-10-16T23:00:59","date_gmt":"2019-10-17T04:00:59","guid":{"rendered":"http:\/\/www.lospoliticosveracruz.com.mx\/?p=50196"},"modified":"2019-10-16T19:29:39","modified_gmt":"2019-10-17T00:29:39","slug":"hostigamiento-a-estudiantes","status":"publish","type":"post","link":"https:\/\/lospoliticosveracruz.com.mx\/?p=50196","title":{"rendered":"Hostigamiento a estudiantes"},"content":{"rendered":"<p><strong>Salvador Mu\u00f1oz<\/strong><\/p>\n<p><em>Los Pol\u00edticos<\/em><\/p>\n<p><span style=\"font-weight: 400;\">Mi amigo est\u00e1 indignado. Me dice que su hijo fue \u201casaltado\u201d en las inmediaciones de la Facultad de Antropolog\u00eda. Su indignaci\u00f3n no es por el atraco, sino por quienes lo cometieron: elementos de Seguridad P\u00fablica, quienes bajo el pretexto de revisar su mochila, se llevaron su laptop as\u00ed como apuntes. \u00a1Denuncia! fue mi recomendaci\u00f3n inmediata ante este caso. Asegura que as\u00ed lo har\u00e1n.<\/span><\/p>\n<p><span style=\"font-weight: 400;\">El hecho de \u201cpasar por b\u00e1scula\u201d a los j\u00f3venes, en este caso de Humanidades, no es nuevo\u2026 aunque no s\u00e9 qu\u00e9 tan legal sea que elementos policiacos te paren y te pidan mostrar tus pertenencias resguardadas en una mochila.<\/span><\/p>\n<p><span style=\"font-weight: 400;\">A mediados de mayo de este a\u00f1o, los chavos de Humanidades denunciaban una especie de campa\u00f1a de hostigamiento por parte de elementos de Seguridad P\u00fablica. Incluso, a trav\u00e9s de comunicado difundido en medios y redes sociales, dieron a conocer un hecho que de acuerdo a sus argumentos, violentaba la autonom\u00eda de la Universidad Veracruzana, cuando un polic\u00eda estatal ingres\u00f3 a las instalaciones y enca\u00f1on\u00f3 a un estudiante.<\/span><\/p>\n<p><span style=\"font-weight: 400;\">Hace unos d\u00edas, pasadito el dos de octubre que no se olvida, representantes y consejeros estudiantiles denunciaban nuevamente una ola de hostigamiento por parte de los elementos de Seguridad P\u00fablica y \u00e9sta obedec\u00eda a una queja, comentario o denuncia que hizo la directora de la Facultad de Letras, Magali Velasco, que habl\u00f3 de consumo de marihuana y \u201cbrownies\u201d, al grado de que hubo intoxicaci\u00f3n por parte de alguna estudiante.<\/span><\/p>\n<p><span style=\"font-weight: 400;\">Se puede entender de cierto modo la preocupaci\u00f3n por parte de los docentes como la de los elementos de prevenci\u00f3n ante la posibilidad de que haya comercio de drogas\u2026 pero no por ello se tiene que criminalizar al estudiantado, al alumnado\u2026 generalizar.<\/span><\/p>\n<p><span style=\"font-weight: 400;\">Vamos, si se quiere castigar, que se castigue al que vende y que se atienda al que consume si est\u00e1 en problemas.<\/span><\/p>\n<p><span style=\"font-weight: 400;\">Tampoco se puede negar que a veces, la sociedad, incluyendo al polic\u00eda, de cierto modo criminaliza al estudiante, en especial al de \u00e1reas como Sociolog\u00eda, Antropolog\u00eda y Filosof\u00eda, quiz\u00e1s por su atuendo, modo de vestir, o lo que usted quiera\u2026 se les ve como transgresores de la Ley s\u00f3lo por su apariencia; aunque de acuerdo a lo comentado por los mismos estudiantes, parece que ahora ya est\u00e1n jalando parejo porque el \u201chostigamiento policiaco\u201d ya se extiende a estudiantes de idiomas\u2026 quienes pasamos por el \u00e1rea de Humanidades quiz\u00e1s podemos entender mejor de lo que hablan los chavos\u2026<\/span><\/p>\n<p><span style=\"font-weight: 400;\">Es claro que ni quien escribe ni los estudiantes pretenden chocar de cierto modo con Seguridad P\u00fablica\u2026 lo que se pretende es que se respete a sus personas, a sus pertenencias y a su privacidad\u2026 y si se busca evitar que los \u201cdealers\u201d hagan de los estudiantes de Humanidades asiduos clientes, que haya campa\u00f1as de concientizaci\u00f3n sobre el consumo de drogas y campa\u00f1as de prevenci\u00f3n contra quienes venden las drogas y no generar una campa\u00f1a de \u201cb\u00e1scula\u201d que estoy seguro, transgrede no s\u00f3lo los derechos humanos de estos j\u00f3venes, sino tambi\u00e9n su dignidad\u2026 p\u00f3nganse en sus zapatos: que la gente lo observe rodeado de polic\u00edas mientras hurgan sus cosas\u2026 \u00bfqu\u00e9 se siente?<\/span><\/p>\n<p><span style=\"font-weight: 400;\">Mientras, a esperar a mi amigo y a su hijo, de que si de verdad quieren hacer algo, denuncien el robo del que fue v\u00edctima un estudiante de Humanidades.<\/span><\/p>\n<p>&nbsp;<\/p>\n<p><span style=\"font-weight: 400;\">smcainito@gmail.com<\/span><\/p>\n<p>&nbsp;<\/p>\n","protected":false},"excerpt":{"rendered":"<p>Salvador Mu\u00f1oz Los Pol\u00edticos Mi amigo est\u00e1 indignado. Me dice que su hijo fue \u201casaltado\u201d en las inmediaciones de la Facultad de Antropolog\u00eda. Su indignaci\u00f3n no es por el atraco, sino por quienes lo cometieron: elementos de Seguridad P\u00fablica, quienes bajo el pretexto de revisar su mochila, se llevaron su laptop as\u00ed como apuntes. \u00a1Denuncia! [&hellip;]<\/p>\n","protected":false},"author":2,"featured_media":50197,"comment_status":"open","ping_status":"open","sticky":false,"template":"","format":"standard","meta":{"_jetpack_newsletter_access":"","_jetpack_dont_email_post_to_subs":false,"_jetpack_newsletter_tier_id":0,"_jetpack_memberships_contains_paywalled_content":false,"_jetpack_memberships_contains_paid_content":false,"footnotes":""},"categories":[70],"tags":[3824,3229,15453,177,219,96],"class_list":["post-50196","post","type-post","status-publish","format-standard","has-post-thumbnail","hentry","category-de-opinion","tag-facultad-de-letras","tag-humanidades","tag-magali-velasco","tag-seguridad-publica","tag-universidad-veracruzana","tag-xalapa"],"jetpack_featured_media_url":"https:\/\/lospoliticosveracruz.com.mx\/wp-content\/uploads\/2019\/10\/Humanidades.jpg","jetpack_sharing_enabled":true,"jetpack_shortlink":"https:\/\/wp.me\/p4Qcd3-d3C","_links":{"self":[{"href":"https:\/\/lospoliticosveracruz.com.mx\/index.php?rest_route=\/wp\/v2\/posts\/50196","targetHints":{"allow":["GET"]}}],"collection":[{"href":"https:\/\/lospoliticosveracruz.com.mx\/index.php?rest_route=\/wp\/v2\/posts"}],"about":[{"href":"https:\/\/lospoliticosveracruz.com.mx\/index.php?rest_route=\/wp\/v2\/types\/post"}],"author":[{"embeddable":true,"href":"https:\/\/lospoliticosveracruz.com.mx\/index.php?rest_route=\/wp\/v2\/users\/2"}],"replies":[{"embeddable":true,"href":"https:\/\/lospoliticosveracruz.com.mx\/index.php?rest_route=%2Fwp%2Fv2%2Fcomments&post=50196"}],"version-history":[{"count":1,"href":"https:\/\/lospoliticosveracruz.com.mx\/index.php?rest_route=\/wp\/v2\/posts\/50196\/revisions"}],"predecessor-version":[{"id":50198,"href":"https:\/\/lospoliticosveracruz.com.mx\/index.php?rest_route=\/wp\/v2\/posts\/50196\/revisions\/50198"}],"wp:featuredmedia":[{"embeddable":true,"href":"https:\/\/lospoliticosveracruz.com.mx\/index.php?rest_route=\/wp\/v2\/media\/50197"}],"wp:attachment":[{"href":"https:\/\/lospoliticosveracruz.com.mx\/index.php?rest_route=%2Fwp%2Fv2%2Fmedia&parent=50196"}],"wp:term":[{"taxonomy":"category","embeddable":true,"href":"https:\/\/lospoliticosveracruz.com.mx\/index.php?rest_route=%2Fwp%2Fv2%2Fcategories&post=50196"},{"taxonomy":"post_tag","embeddable":true,"href":"https:\/\/lospoliticosveracruz.com.mx\/index.php?rest_route=%2Fwp%2Fv2%2Ftags&post=50196"}],"curies":[{"name":"wp","href":"https:\/\/api.w.org\/{rel}","templated":true}]}}