{"id":50235,"date":"2019-10-18T23:00:42","date_gmt":"2019-10-19T04:00:42","guid":{"rendered":"http:\/\/www.lospoliticosveracruz.com.mx\/?p=50235"},"modified":"2019-10-18T20:38:35","modified_gmt":"2019-10-19T01:38:35","slug":"fut-y-beis-para-veracruz","status":"publish","type":"post","link":"https:\/\/lospoliticosveracruz.com.mx\/?p=50235","title":{"rendered":"Fut y beis para Veracruz"},"content":{"rendered":"<p><strong>Brenda Caballero<\/strong><\/p>\n<p><em>N\u00fameros Rojos<\/em><\/p>\n<p>\u00a1Suena el silbatazo e inicia el partido! La pelota la mandan para atr\u00e1s, hasta la zona del portero\u2026 la congelan por unos segundos y nadie va por el bal\u00f3n. Es la manera de protestar de los jugadores de los equipos Cafetaleros y Potros que este viernes al enfrentarse en la cancha, se solidarizaron ante la falta de pago que sufren los jugadores de los Tiburones Rojos del Veracruz.<\/p>\n<p>El adeudo a los jugadores del Tibu fue tema de toda la semana, incluso hasta hubo un llamado para que los jugadores de todos los equipos del futbol mexicano se unieran a la protesta y no jugaran la jornada 14, pero \u00bfse imagina la p\u00e9rdida econ\u00f3mica? Ya lo dijo Enrique Bonilla, presidente de la Liga MX, que \u00e9sta es la cuarta liga con mejor asistencia en el mundo con un promedio de 25 mil personas por partido, la cuarta con mayor interacci\u00f3n en redes sociales con audiencia promedio de 8 millones por partido. Ante el panorama, hasta visit\u00f3 El Pirata e incit\u00f3 a los jugadores a denunciar dichos adeudos. Pero \u00bfC\u00f3mo denunciar el adeudo de salario, cuando se tiene doble contrataci\u00f3n? a la mayor\u00eda de los jugadores de futbol les estipulan el 10 por ciento del sueldo en el contrato y el resto es de palabra, y mire que yo no conf\u00edo en la palabra de Fidel Kuri, pues como dice una cosa dice otra.<\/p>\n<p>Hay que recordar la \u00e9poca de Javier Duarte de Ochoa en la que a los jugadores les pagaban a trav\u00e9s de empresas fantasma ocasionando que hasta algunos futbolistas fueron sujetos de auditor\u00edas fiscales.<\/p>\n<p>Ahora el asunto era que si el Tibu no se presentaba a disputar el juego contra Tigres, en autom\u00e1tico iba a quedar descendido y con inicio de desafiliaci\u00f3n\u2026 como sea, despu\u00e9s de esta semana de dimes y diretes, la pregunta es: \u00bfSe quedar\u00e1 Veracruz sin equipo? Lo dudo, incluso se rumora que desde hace rato Carlos Slim con Grupo Pachuca quer\u00eda entrar a la plaza veracruzana, pero en ese entonces Kuri pidi\u00f3 mucho por el equipo.<\/p>\n<p>Aunque Kuri sigue aferr\u00e1ndose al Tibu, pues goza del estadio, la marca y el nombre propiedad de Gobierno del Estado, no dudo que hasta quiera que las demandas de los jugadores las pague el mismo Gobierno. Independientemente de ello, en la Federaci\u00f3n ya no lo quieren, dicen que ya le hacen \u00a1Fuchi! y hasta \u00a1Gu\u00e1cala! y ya buscan la oportunidad para darle aire.<\/p>\n<p>No por nada ya hasta salieron Bonilla y el Presidente de la Federaci\u00f3n Yon de Luisa a manifestar su apoyo a los jugadores, jugadoras y cuerpo t\u00e9cnico del Veracruz con la disposici\u00f3n del fondo de 18 millones de pesos que cada a\u00f1o se aporta a la Asociaci\u00f3n de Jugadores para que est\u00e9 a disposici\u00f3n \u00a0de la Comisi\u00f3n de Controversias la pr\u00f3xima semana. Ah! pero tambi\u00e9n dicha comisi\u00f3n har\u00e1 un proceso expr\u00e9s el domingo y el lunes para recibir las controversias de las partes involucradas.<\/p>\n<p>Por lo pronto, en varios medios de comunicaci\u00f3n Kuri ya se amarr\u00f3 el dedo diciendo que le busquen comprador para el equipo y que hay cosas que no ha destapado sobre el futbol mexicano. \u00bfAdi\u00f3s Kuri? \u00bfBienvenido Paco Bravo?<\/p>\n<p>&nbsp;<\/p>\n<p><strong>Regresan Los Rojos del \u00c1guila en 2020<\/strong><\/p>\n<p>Ya lo hab\u00eda dicho el mism\u00edsimo L\u00f3pez Obrador en una de sus visitas al estado: Los Rojos del \u00c1guila regresar\u00e1n, y tal parece que ser\u00e1 en marzo de 2020 cuando ya est\u00e9n usando de nuevo sus instalaciones en el Puerto de Veracruz.<\/p>\n<p>El mismo Cuitl\u00e1huac indic\u00f3 que ya andaba buscando la forma de revivir el deporte favorito del Presidente. Y tal parece que es verdad, pues ya hasta una comitiva de gobierno del Estado se traslad\u00f3 hasta Aguascalientes para negociar y comprar la franquicia de Los Rieleros de Aguascalientes, sin embargo no es nada seguro, ya que la familia Tinajero, due\u00f1a del Necaxa, tambi\u00e9n est\u00e1 interesada.<\/p>\n<p>El Plan B ser\u00eda la franquicia de Durango, pues ya liquidaron a todo el personal y est\u00e1 a la venta.<\/p>\n<p>Entonces, no hay plazo que no se cumpla\u2026 la familia Mansur regresa con los Rojos del \u00c1guila, ah! pero con Pepe To\u00f1o al frente.<\/p>\n<p>Alguien que quiere a Veracruz como su casa, est\u00e1 interesado en que haya f\u00fatbol y b\u00e9isbol. \u00bfQui\u00e9n? Alguien que no quiere perder pol\u00edticamente al estado y que vive all\u00e1 en Los Pinos\u2026<\/p>\n<p>&nbsp;<\/p>\n<p>@NumerosRojos_BC<\/p>\n<p><a href=\"mailto:caballero_brenda@hotmail.com\">caballero_brenda@hotmail.com<\/a><\/p>\n","protected":false},"excerpt":{"rendered":"<p>Brenda Caballero N\u00fameros Rojos \u00a1Suena el silbatazo e inicia el partido! La pelota la mandan para atr\u00e1s, hasta la zona del portero\u2026 la congelan por unos segundos y nadie va por el bal\u00f3n. Es la manera de protestar de los jugadores de los equipos Cafetaleros y Potros que este viernes al enfrentarse en la cancha, [&hellip;]<\/p>\n","protected":false},"author":2,"featured_media":50236,"comment_status":"open","ping_status":"open","sticky":false,"template":"","format":"standard","meta":{"_jetpack_newsletter_access":"","_jetpack_dont_email_post_to_subs":false,"_jetpack_newsletter_tier_id":0,"_jetpack_memberships_contains_paywalled_content":false,"_jetpack_memberships_contains_paid_content":false,"footnotes":""},"categories":[70],"tags":[618,1819,1563,4108,15385,608,15483,260,15384,15485,15487,15117,15488,15484,1641,15486,195],"class_list":["post-50235","post","type-post","status-publish","format-standard","has-post-thumbnail","hentry","category-de-opinion","tag-andres-manuel-lopez-obrador","tag-carlos-slim","tag-cuitlahuac-garcia-jimenez","tag-durango","tag-enrique-bonilla","tag-fidel-kuri-grajales","tag-grupo-pachuca","tag-javier-duarte-de-ochoa","tag-liga-mx","tag-los-rieleros","tag-necaxa","tag-paco-bravo","tag-pepe-tono-mansur","tag-rojos-del-aguila","tag-tiburones-rojos","tag-tinajero","tag-veracruz"],"jetpack_featured_media_url":"https:\/\/lospoliticosveracruz.com.mx\/wp-content\/uploads\/2019\/10\/Tibu-y-Aguilas.jpg","jetpack_sharing_enabled":true,"jetpack_shortlink":"https:\/\/wp.me\/p4Qcd3-d4f","_links":{"self":[{"href":"https:\/\/lospoliticosveracruz.com.mx\/index.php?rest_route=\/wp\/v2\/posts\/50235","targetHints":{"allow":["GET"]}}],"collection":[{"href":"https:\/\/lospoliticosveracruz.com.mx\/index.php?rest_route=\/wp\/v2\/posts"}],"about":[{"href":"https:\/\/lospoliticosveracruz.com.mx\/index.php?rest_route=\/wp\/v2\/types\/post"}],"author":[{"embeddable":true,"href":"https:\/\/lospoliticosveracruz.com.mx\/index.php?rest_route=\/wp\/v2\/users\/2"}],"replies":[{"embeddable":true,"href":"https:\/\/lospoliticosveracruz.com.mx\/index.php?rest_route=%2Fwp%2Fv2%2Fcomments&post=50235"}],"version-history":[{"count":2,"href":"https:\/\/lospoliticosveracruz.com.mx\/index.php?rest_route=\/wp\/v2\/posts\/50235\/revisions"}],"predecessor-version":[{"id":50239,"href":"https:\/\/lospoliticosveracruz.com.mx\/index.php?rest_route=\/wp\/v2\/posts\/50235\/revisions\/50239"}],"wp:featuredmedia":[{"embeddable":true,"href":"https:\/\/lospoliticosveracruz.com.mx\/index.php?rest_route=\/wp\/v2\/media\/50236"}],"wp:attachment":[{"href":"https:\/\/lospoliticosveracruz.com.mx\/index.php?rest_route=%2Fwp%2Fv2%2Fmedia&parent=50235"}],"wp:term":[{"taxonomy":"category","embeddable":true,"href":"https:\/\/lospoliticosveracruz.com.mx\/index.php?rest_route=%2Fwp%2Fv2%2Fcategories&post=50235"},{"taxonomy":"post_tag","embeddable":true,"href":"https:\/\/lospoliticosveracruz.com.mx\/index.php?rest_route=%2Fwp%2Fv2%2Ftags&post=50235"}],"curies":[{"name":"wp","href":"https:\/\/api.w.org\/{rel}","templated":true}]}}