{"id":50352,"date":"2019-10-24T19:16:11","date_gmt":"2019-10-25T00:16:11","guid":{"rendered":"http:\/\/www.lospoliticosveracruz.com.mx\/?p=50352"},"modified":"2019-10-24T19:16:11","modified_gmt":"2019-10-25T00:16:11","slug":"improcedente-crear-una-nueva-comision-kristel-responde-a-montserrat","status":"publish","type":"post","link":"https:\/\/lospoliticosveracruz.com.mx\/?p=50352","title":{"rendered":"Improcedente crear una nueva comisi\u00f3n; Kristel responde a Montserrat"},"content":{"rendered":"<p>En relaci\u00f3n a lo publicado el d\u00eda de ayer a trav\u00e9s de redes sociales por el Grupo Legislativo del Partido Acci\u00f3n Nacional, espec\u00edficamente por la Diputada Montserrat Ortega Ruiz, en el que se se\u00f1ala que la diputada Kristel Hern\u00e1ndez se neg\u00f3 en crear una Comisi\u00f3n Especial para la Atenci\u00f3n de Personas con Discapacidad, hoy manifest\u00f3 que son totalmente falsas las declaraciones por parte de su compa\u00f1era legisladora.<\/p>\n<p>Expres\u00f3 que en ning\u00fan momento la Comisi\u00f3n de Derechos Humanos y Atenci\u00f3n a Grupos Vulnerables que preside haya bloqueado el trabajo inherente a la misma y que las diputadas que integran dicha Comisi\u00f3n han trabajado por y para todas las personas, tanto a las que se les ha transgredido sus derechos humanos como a aquellas que tienen alguna situaci\u00f3n de vulnerabilidad, como en este caso las personas con discapacidad.<\/p>\n<p>La iniciativa presentada por la Diputada Montserrat Ortega Ruiz en fecha veintid\u00f3s de enero de dos mil diecinueve, pretende crear la Comisi\u00f3n Permanente de Atenci\u00f3n a Personas con Discapacidad, lo que resulta improcedente, ya que es precisamente la Comisi\u00f3n Permanente de Derechos Humanos y Atenci\u00f3n a Grupos Vulnerables, la que atiende a este sector de la poblaci\u00f3n, y de ser aprobada esta iniciativa se estar\u00edan duplicando funciones.<\/p>\n<p>Kristel Hern\u00e1ndez se\u00f1al\u00f3 que es lamentable que se pretenda politizar un tema que en lo absoluto se ha descuidado. Por el contrario, siempre se ha tenido la apertura para abordar iniciativas o asuntos relacionados con este sector.<\/p>\n<p>Puntualiz\u00f3 que es importante observar que los argumentos vertidos por la diputada Montserrat Ortega Ruiz carecen de sustento y se vuelven solo apreciaciones personales que de ninguna manera sustentan sus dichos y lament\u00f3 que por un capricho personal y su af\u00e1n de protagonismo se pretenda demeritar el trabajo de los dem\u00e1s diputados que integran las Comisiones Permanentes Unidas.<\/p>\n<p>\u201cReitero mi disposici\u00f3n al di\u00e1logo y al entendimiento, pero siempre basado en el respeto. No caer\u00e9 en la provocaci\u00f3n, el trabajo de la Comisi\u00f3n Permanente de Derechos Humanos y Atenci\u00f3n a Grupos Vulnerables es intenso, pero sobre todo, transparente. Las puertas de la Presidencia de la Comisi\u00f3n siempre estar\u00e1n abiertas para todo aquel que lo necesite, tal y como hasta el d\u00eda de hoy lo he hecho\u201d expres\u00f3 diputada Kristel Hern\u00e1ndez.<\/p>\n<p><strong>Aqu\u00ed, el bolet\u00edn de la diputada Montserrat Ortega:<\/strong><\/p>\n<p>En franca violaci\u00f3n a los derechos humanos de las personas con discapacidad, la Presidenta de la Comisi\u00f3n de Derechos Humanos y Atenci\u00f3n a Grupos Vulnerables en el Congreso local, Brianda Kristel Hern\u00e1ndez Topete, niega la creaci\u00f3n de una Comisi\u00f3n Permanente para atender la problem\u00e1tica de las personas con discapacidad, lament\u00f3 el Grupo Legislativo del PAN.<\/p>\n<p>El dictamen fue emitido en sentido negativo bajo el argumento de que no es importante la creaci\u00f3n de la Comisi\u00f3n Permanente porque de hacerlo le quitar\u00edan trabajo a la Comisi\u00f3n de Derechos Humanos.<\/p>\n<p>El pasado 22 de enero la diputada Montserrat Ortega Ruiz present\u00f3 una iniciativa para la creaci\u00f3n de dicha Comisi\u00f3n Permanente, que result\u00f3 del encuentro con diversas asociaciones y agrupaciones de personas con discapacidad que exig\u00edan incrementar los esfuerzos del Congreso local para lograr su inclusi\u00f3n absoluta en la sociedad, la iniciativa fue turnada a las Comisiones Unidas de Derechos Humanos y Gobernaci\u00f3n.<\/p>\n<p>El GLPAN reiter\u00f3 su inconformidad por la forma en que la diputada Presidenta de la Comisi\u00f3n bloquea las acciones que se realizan en beneficio de una de las poblaciones hist\u00f3ricamente m\u00e1s vulneradas en Veracruz, que son las personas con discapacidad.<\/p>\n<p>Especialmente porque no es un tema pol\u00edtico sino de justicia social que la legisladora Brianda Kristel ha rechazado sin sustento jur\u00eddico v\u00e1lido y solo por continuar el bloqueo en contra de diputados de oposici\u00f3n.<\/p>\n<p>El PAN en el Congreso local se\u00f1al\u00f3 que no permitir\u00e1 que por asuntos pol\u00edticos e intereses personales se atente contra el desarrollo y el bienestar de las personas con discapacidad, por lo que continuar\u00e1 exigiendo que la Presidenta de la Comisi\u00f3n act\u00fae con autonom\u00eda, legalidad y responsabilidad.<\/p>\n","protected":false},"excerpt":{"rendered":"<p>En relaci\u00f3n a lo publicado el d\u00eda de ayer a trav\u00e9s de redes sociales por el Grupo Legislativo del Partido Acci\u00f3n Nacional, espec\u00edficamente por la Diputada Montserrat Ortega Ruiz, en el que se se\u00f1ala que la diputada Kristel Hern\u00e1ndez se neg\u00f3 en crear una Comisi\u00f3n Especial para la Atenci\u00f3n de Personas con Discapacidad, hoy manifest\u00f3 [&hellip;]<\/p>\n","protected":false},"author":2,"featured_media":50353,"comment_status":"open","ping_status":"open","sticky":false,"template":"","format":"standard","meta":{"_jetpack_newsletter_access":"","_jetpack_dont_email_post_to_subs":false,"_jetpack_newsletter_tier_id":0,"_jetpack_memberships_contains_paywalled_content":false,"_jetpack_memberships_contains_paid_content":false,"footnotes":""},"categories":[73],"tags":[15572,15571,14456,10402],"class_list":["post-50352","post","type-post","status-publish","format-standard","has-post-thumbnail","hentry","category-de-boleto","tag-comision-de-derechos-humanos-y-atencion-a-grupos-vulnerables","tag-comision-especial-para-la-atencion-de-personas-con-discapacidad","tag-kristel-hernandez","tag-montserrat-ortega-ruiz"],"jetpack_featured_media_url":"https:\/\/lospoliticosveracruz.com.mx\/wp-content\/uploads\/2019\/10\/Montserrat-y-Kristel.jpg","jetpack_sharing_enabled":true,"jetpack_shortlink":"https:\/\/wp.me\/p4Qcd3-d68","_links":{"self":[{"href":"https:\/\/lospoliticosveracruz.com.mx\/index.php?rest_route=\/wp\/v2\/posts\/50352","targetHints":{"allow":["GET"]}}],"collection":[{"href":"https:\/\/lospoliticosveracruz.com.mx\/index.php?rest_route=\/wp\/v2\/posts"}],"about":[{"href":"https:\/\/lospoliticosveracruz.com.mx\/index.php?rest_route=\/wp\/v2\/types\/post"}],"author":[{"embeddable":true,"href":"https:\/\/lospoliticosveracruz.com.mx\/index.php?rest_route=\/wp\/v2\/users\/2"}],"replies":[{"embeddable":true,"href":"https:\/\/lospoliticosveracruz.com.mx\/index.php?rest_route=%2Fwp%2Fv2%2Fcomments&post=50352"}],"version-history":[{"count":1,"href":"https:\/\/lospoliticosveracruz.com.mx\/index.php?rest_route=\/wp\/v2\/posts\/50352\/revisions"}],"predecessor-version":[{"id":50354,"href":"https:\/\/lospoliticosveracruz.com.mx\/index.php?rest_route=\/wp\/v2\/posts\/50352\/revisions\/50354"}],"wp:featuredmedia":[{"embeddable":true,"href":"https:\/\/lospoliticosveracruz.com.mx\/index.php?rest_route=\/wp\/v2\/media\/50353"}],"wp:attachment":[{"href":"https:\/\/lospoliticosveracruz.com.mx\/index.php?rest_route=%2Fwp%2Fv2%2Fmedia&parent=50352"}],"wp:term":[{"taxonomy":"category","embeddable":true,"href":"https:\/\/lospoliticosveracruz.com.mx\/index.php?rest_route=%2Fwp%2Fv2%2Fcategories&post=50352"},{"taxonomy":"post_tag","embeddable":true,"href":"https:\/\/lospoliticosveracruz.com.mx\/index.php?rest_route=%2Fwp%2Fv2%2Ftags&post=50352"}],"curies":[{"name":"wp","href":"https:\/\/api.w.org\/{rel}","templated":true}]}}