{"id":50355,"date":"2019-10-24T23:00:41","date_gmt":"2019-10-25T04:00:41","guid":{"rendered":"http:\/\/www.lospoliticosveracruz.com.mx\/?p=50355"},"modified":"2019-10-24T20:31:48","modified_gmt":"2019-10-25T01:31:48","slug":"tiempo-valioso","status":"publish","type":"post","link":"https:\/\/lospoliticosveracruz.com.mx\/?p=50355","title":{"rendered":"Tiempo valioso"},"content":{"rendered":"<p><strong>Salvador Mu\u00f1oz<\/strong><\/p>\n<p><em>Los Pol\u00edticos<\/em><\/p>\n<p><span style=\"font-weight: 400;\">Sabe usted cu\u00e1l es el tiempo m\u00e1s valioso\u2026 s\u00ed, de seguro \u00a1el suyo! Por eso es que conduce a una velocidad temeraria, con la mirada eso s\u00ed, al frente, para evitar que los baches o guardar la distancia prudente con el pinche carro lento que va adelante y poco entiende de lo valioso que es su tiempo porque tiene que llegar al trabajo, tiene que dejar o ir por los ni\u00f1os, o simplemente considera que manejar a 30, 40 \u00f3 50 km por hora en la ciudad \u201ces de lerdos\u201d&#8230;<\/span><\/p>\n<p><span style=\"font-weight: 400;\">\u00bfCaminar o conducir? Decid\u00ed caminar de la casa a la Plaza que a ritmo de andar\u00edn me dejar\u00eda en mi destino en unos 15 minutos\u2026 quiz\u00e1s 5 m\u00e1s si me hubiera ido en el carro. Cuando alcanzo la avenida L\u00e1zaro C\u00e1rdenas supe que hab\u00eda tomado una buena decisi\u00f3n: a la altura del puente Miguel Alem\u00e1n, hubo un choque que involucr\u00f3 a cinco unidades haciendo un martirio para los conductores que se dirig\u00edan hacia Sefiplan\u2026 me pudo haber tocado el tr\u00e1fico.<\/span><\/p>\n<p><span style=\"font-weight: 400;\">Me gusta caminar por el estacionamiento de la Plaza, en la orilla, para evitar la banqueta de L\u00e1zaro C\u00e1rdenas, que entre puestos de ambulantes y quienes esperan el bus urbano, la hacen intransitable\u2026 en Xalapa, he observado una costumbre peculiar entre nuestra tercera edad: caminan en la calle, en el arroyo vehicular\u2026 pero no en la banqueta. Insisto: Esto, en Xalapa, no s\u00e9 si en otras ciudades ocurra lo mismo. \u00bfLa raz\u00f3n? Muy simple: muchas de nuestras banquetas est\u00e1n deformes, invadidas por escalones, subidas o bajadas para entrada de carros que hacen que nuestros ancianos pierdan la verticalidad\u2026 por eso prefieren bajar al arroyo, a la calle\u2026<\/span><\/p>\n<p><span style=\"font-weight: 400;\">Circunstancias diferentes, pero no tanto\u2026 ayer jueves, una pareja de ancianos que pretend\u00eda cruzar una carretera porte\u00f1a, frente a la empresa \u201cAbastecedora de Materiales del Centro\u201d, fue arrollada\u2026 perecieron ambos\u2026 s\u00ed, \u00bfqu\u00e9 conductor puede imaginar que una pareja de ancianos va a atravesar la carretera?<\/span><\/p>\n<p><span style=\"font-weight: 400;\">La Mujer dice que soy un exagerado\u2026 yo creo que tengo \u201cTrastorno de P\u00e1nico Vehicular\u201d&#8230; cada vez que me subo a un carro, observo mi entorno para dar inicio a una \u201cLoter\u00eda\u201d: \u00a1El carro! \u00a1La se\u00f1ora! \u00a1El viejito! \u00a1El perro! \u00a1El sem\u00e1foro! y un sinf\u00edn de palabras que pueden saltar con la misma vertiginosidad con que maneja el conductor\u2026 En descargo de Marlon Ram\u00edrez he de decirles que conduce \u201crelax\u201d&#8230;<\/span><\/p>\n<p><span style=\"font-weight: 400;\">En cuanto a la Mujer, a cada rato la espanto por mis arrebatos expresivos pero la exaspero por mis explicaciones: \u201cSiempre mant\u00e9n la posibilidad de que se puede atravesar el se\u00f1or, el perro, de que alguien se cruce, de que\u2026\u201d, s\u00ed, casi le expongo los 14 millones 605 futuros posibles del Doctor Strange que no entiende, como quiz\u00e1s tampoco la referencia algunos de los lectores\u2026<\/span><\/p>\n<p><span style=\"font-weight: 400;\">Cuando viajamos por carretera, tengo ataques repentinos de angustia y por qu\u00e9 no decirlo, de dolor, cuando veo alg\u00fan animal atropellado como puede ser un perro, gato, tlacuache, zopilote, \u00a1vamos! \u00a1hasta un burrito! Y siempre le digo a la Mujer que por eso extreme precauci\u00f3n\u2026 tambi\u00e9n ayer, un par de elementos de la Polic\u00eda Municipal de Xalapa que conduc\u00edan una motocicleta, atropellaron y dieron muerte a un can en la avenida Murillo Vidal; ellos derraparon pero no amerit\u00f3 que fueran hospitalizados\u2026 record\u00e9 una entrevista que le hice a un funcionario\u2026 me platicaba de su afici\u00f3n por las motos y su gusto por la velocidad. Le pregunt\u00e9 si nunca hab\u00eda tenido un accidente y me dijo que s\u00ed, que cierta ocasi\u00f3n, en carretera, se le atraves\u00f3 un perro y por esquivarlo, derrap\u00f3 y se fractur\u00f3 la pierna&#8230; estuvo a punto de morir por la lesi\u00f3n, \u00a1pero salv\u00f3 al perro! Es curioso, pero quien hizo eso, cuando lo entrevist\u00e9, era Polic\u00eda, como los dos que este jueves atropellaron al perrito. Era Arturo Berm\u00fadez Zurita.<\/span><\/p>\n<p><span style=\"font-weight: 400;\">Al final, todo esto lo pudi\u00e9ramos resumir en lo valioso que es nuestro tiempo como para no bajarle un poquito al acelerador.<\/span><\/p>\n<p>&nbsp;<\/p>\n<p><span style=\"font-weight: 400;\">smcainito@gmail.com<\/span><\/p>\n<p>&nbsp;<\/p>\n","protected":false},"excerpt":{"rendered":"<p>Salvador Mu\u00f1oz Los Pol\u00edticos Sabe usted cu\u00e1l es el tiempo m\u00e1s valioso\u2026 s\u00ed, de seguro \u00a1el suyo! Por eso es que conduce a una velocidad temeraria, con la mirada eso s\u00ed, al frente, para evitar que los baches o guardar la distancia prudente con el pinche carro lento que va adelante y poco entiende de [&hellip;]<\/p>\n","protected":false},"author":2,"featured_media":50356,"comment_status":"open","ping_status":"open","sticky":false,"template":"","format":"standard","meta":{"_jetpack_newsletter_access":"","_jetpack_dont_email_post_to_subs":false,"_jetpack_newsletter_tier_id":0,"_jetpack_memberships_contains_paywalled_content":false,"_jetpack_memberships_contains_paid_content":false,"footnotes":""},"categories":[70],"tags":[960,2150,195,96],"class_list":["post-50355","post","type-post","status-publish","format-standard","has-post-thumbnail","hentry","category-de-opinion","tag-arturo-bermudez-zurita","tag-lazaro-cardenas","tag-veracruz","tag-xalapa"],"jetpack_featured_media_url":"https:\/\/lospoliticosveracruz.com.mx\/wp-content\/uploads\/2019\/10\/Choque.jpg","jetpack_sharing_enabled":true,"jetpack_shortlink":"https:\/\/wp.me\/p4Qcd3-d6b","_links":{"self":[{"href":"https:\/\/lospoliticosveracruz.com.mx\/index.php?rest_route=\/wp\/v2\/posts\/50355","targetHints":{"allow":["GET"]}}],"collection":[{"href":"https:\/\/lospoliticosveracruz.com.mx\/index.php?rest_route=\/wp\/v2\/posts"}],"about":[{"href":"https:\/\/lospoliticosveracruz.com.mx\/index.php?rest_route=\/wp\/v2\/types\/post"}],"author":[{"embeddable":true,"href":"https:\/\/lospoliticosveracruz.com.mx\/index.php?rest_route=\/wp\/v2\/users\/2"}],"replies":[{"embeddable":true,"href":"https:\/\/lospoliticosveracruz.com.mx\/index.php?rest_route=%2Fwp%2Fv2%2Fcomments&post=50355"}],"version-history":[{"count":1,"href":"https:\/\/lospoliticosveracruz.com.mx\/index.php?rest_route=\/wp\/v2\/posts\/50355\/revisions"}],"predecessor-version":[{"id":50357,"href":"https:\/\/lospoliticosveracruz.com.mx\/index.php?rest_route=\/wp\/v2\/posts\/50355\/revisions\/50357"}],"wp:featuredmedia":[{"embeddable":true,"href":"https:\/\/lospoliticosveracruz.com.mx\/index.php?rest_route=\/wp\/v2\/media\/50356"}],"wp:attachment":[{"href":"https:\/\/lospoliticosveracruz.com.mx\/index.php?rest_route=%2Fwp%2Fv2%2Fmedia&parent=50355"}],"wp:term":[{"taxonomy":"category","embeddable":true,"href":"https:\/\/lospoliticosveracruz.com.mx\/index.php?rest_route=%2Fwp%2Fv2%2Fcategories&post=50355"},{"taxonomy":"post_tag","embeddable":true,"href":"https:\/\/lospoliticosveracruz.com.mx\/index.php?rest_route=%2Fwp%2Fv2%2Ftags&post=50355"}],"curies":[{"name":"wp","href":"https:\/\/api.w.org\/{rel}","templated":true}]}}