{"id":50361,"date":"2019-10-25T07:55:15","date_gmt":"2019-10-25T12:55:15","guid":{"rendered":"http:\/\/www.lospoliticosveracruz.com.mx\/?p=50361"},"modified":"2019-10-25T07:55:15","modified_gmt":"2019-10-25T12:55:15","slug":"dossier-de-la-batalla-de-culiacan","status":"publish","type":"post","link":"https:\/\/lospoliticosveracruz.com.mx\/?p=50361","title":{"rendered":"Dossier de la batalla de Culiac\u00e1n"},"content":{"rendered":"<p><strong>Felipe de Jes\u00fas Fern\u00e1ndez Basilio<\/strong><\/p>\n<p><em>Desde a Janela<\/em><\/p>\n<p>Un dossier es una palabra de origen galo cuyo significado entre otras cosas es un legajo o expediente que re\u00fane diversos documentos para respaldar o informar acerca de una persona o acontecimiento.<\/p>\n<p>Resultando pertinente el uso de esa palabra en esta ocasi\u00f3n debido a que a una semana de los tr\u00e1gicos acontecimientos sucedidos en la capital sinaloense queda una serie de reflexiones en torno al asunto que bien nos arrojan lo fallido que es el Estado mexicano en este momento.<\/p>\n<p>Primero echemos un r\u00e1pido vistazo a los acontecimientos del 17 de octubre en la ciudad de Culiac\u00e1n, urbe en la que el gobierno mexicano intent\u00f3 detener a un jefe de un grupo de la delincuencia organizada por medio de, en el mejor de los casos, un modesto operativo y una vez que lo consigui\u00f3 la reacci\u00f3n de los delincuentes fue salir de sus cloacas en masa y atacar a toda la ciudad, superando ampliamente tanto en personal como en capacidad de fuego a la fuerzas federales, quienes se vieron asediadas y al final se rindieron liberando al delincuente detenido.<\/p>\n<p>En vista de la magnitud del ataque realizado por los delincuentes y de que en instantes acabaron controlando la ciudad completa, pudiendo atacar a discreci\u00f3n la parte de la misma que desearan, es que le llamamos la batalla de Culiac\u00e1n, misma que en t\u00e9rminos castrenses concluy\u00f3 en una severa derrota t\u00e1ctica y estrat\u00e9gica para las fuerzas de la federaci\u00f3n; siendo t\u00e1ctica porque las fuerzas federales fueron ampliamente superadas en el campo de acci\u00f3n y estrat\u00e9gica porque los delincuentes simplemente tuvieron un mejor plan para tomar la ciudad y los federales ni siquiera ten\u00edan idea de qu\u00e9 hacer en ese momento y quien estaba al mando, el abrumado comandante supremo de las fuerzas armadas solo respondi\u00f3 para rendir la plaza y liberar al detenido.<\/p>\n<p>Como consecuencia de estos acontecimientos es que se forma el dossier, porque despu\u00e9s de la contundente derrota vinieron una serie de cuestionamientos y reacciones que nos dan una mejor perspectiva acerca de la magnitud de la misma y de lo mal parado que en consecuencia qued\u00f3 el gobierno.<\/p>\n<p>Ya que para comenzar el gobierno no solo fue derrotado\u00a0 en esa batalla, sino que fue exhibido como incapaz para hacer frente al crimen organizado, ya que despu\u00e9s de la derrota el presidente solo se dedic\u00f3 a inventar excusas y a hacer sus cl\u00e1sicas maromas verbales sin siquiera dar un esbozo de que va a tomar en serio la situaci\u00f3n y va a actuar en consecuencia, ya que lo que se espera es que al menos comience la planeaci\u00f3n de un contrataque en forma que derrote en definitiva a los delincuentes y eso es posible, porque las derrotas generalmente dejan muchas lecciones y m\u00e1s en el campo militar, ya que los mandos pudieron observar de donde salieron los delincuentes y como lo hicieron, informaci\u00f3n que resulta muy \u00fatil para organizar un contrataque ahora s\u00ed bien planeado y de perdido destruir sus bases y dejarlos sin equipo operativo; claro, eso s\u00ed hay la voluntad de hacerlo.<\/p>\n<p>Mas de momento el presidente sali\u00f3 con la falacia de que orden\u00f3 la capitulaci\u00f3n para \u201cevitar las muertes de miles de personas\u201d y que eso vale m\u00e1s que la detenci\u00f3n de un delincuente; falacia que cae por s\u00ed misma ya que para empezar ese d\u00eda murieron muchas personas y con estas afirmaciones lo \u00fanico que hace es dejar a todo el pa\u00eds a merced de la delincuencia organizada; ya que hace una semana fue Culiac\u00e1n y despu\u00e9s podr\u00e1 ser cualquier otro lugar, ya que los delincuentes saben que el gobierno no va a hacer nada ni para detener a un delincuente ni para proteger a ning\u00fan ciudadano.<\/p>\n<p>As\u00ed mismo tambi\u00e9n esta derrota nos deja en claro que L\u00f3pez es acomodaticio y experto en dar pretextos y echar la culpa a los dem\u00e1s de todo lo que le sale mal y que adem\u00e1s no sabe c\u00f3mo arreglar, ya que comenz\u00f3 diciendo que actu\u00f3 como lo hizo con la falacia que ya fue mencionada y cuando esta excusa no dio resultado empezaron las comparaciones con sucesos ocurridos en gobiernos anteriores como la doble fuga del padre del delincuente cuya detenci\u00f3n fracas\u00f3 y al no dar resultado tampoco, entonces s\u00ed se acuerda de las formas y empieza a decir que \u00e9l no sab\u00eda nada del operativo y que en todo caso los responsables son los miembros de su gabinete de seguridad y que \u00e9l solo lo aprob\u00f3.<\/p>\n<p>Mas L\u00f3pez pasa por alto que en su administraci\u00f3n el \u00fanico responsable de lo que sucede es \u00e9l y solamente \u00e9l, porque precisamente cambi\u00f3 las formas diciendo que \u00e9l es un presidente cercano a la gente y por ello todos los d\u00edas comunica y explica sus decisiones y acciones, dejando como comparsas o figuras decorativas ante la opini\u00f3n p\u00fablica a los integrantes de su gabinete y por esa raz\u00f3n el \u00fanico que debe de asumir la responsabilidad es \u00e9l, ya que no se puede ser el centro de atenci\u00f3n para las cosas buenas y \u201cno saber\u201d de las desgracias.<\/p>\n<p>Aunado a que es sabido que en un pa\u00eds democr\u00e1tico las fuerzas armadas no se gobiernan por s\u00ed mismas, sino que act\u00faan por mandato de las autoridades civiles y en M\u00e9xico esa funci\u00f3n corresponde al Presidente de la Rep\u00fablica y por ello es que se entiende que \u00e9l dio la orden de iniciar el operativo e igualmente la posterior capitulaci\u00f3n, dejando incluso fuera de las decisiones a los mandos militares y navales del pa\u00eds, ya que es inexplicablemente que en otros a\u00f1os y bajo otras administraciones estos operativos no fallaban y eran ejecutados por las mismas fuerzas armadas.<\/p>\n<p>Otra lecci\u00f3n y la \u00faltima que incluiremos en este dossier es que el gobierno de L\u00f3pez es muy valiente para someter a quienes son sus opositores pol\u00edticos y que acatan las leyes, tal\u00a0 y como aconteci\u00f3 con los alcaldes gaseados a las puertas de Palacio Nacional o con los organismos aut\u00f3nomos y dem\u00e1s v\u00edctimas de persecuciones pol\u00edticas mas es un cobarde frente a quienes no act\u00faan sometidos a su ley, lo que se demuestra con\u00a0 su rendici\u00f3n primero ante Trump con los indocumentados y ahora, y mucho m\u00e1s grave, ante los delincuentes que tienen asolado el pa\u00eds.<\/p>\n<p><a href=\"mailto:felfebas@gmail.com\">felfebas@gmail.com<\/a><\/p>\n<p>Twitter: @FelipeFBasilio<\/p>\n","protected":false},"excerpt":{"rendered":"<p>Felipe de Jes\u00fas Fern\u00e1ndez Basilio Desde a Janela Un dossier es una palabra de origen galo cuyo significado entre otras cosas es un legajo o expediente que re\u00fane diversos documentos para respaldar o informar acerca de una persona o acontecimiento. Resultando pertinente el uso de esa palabra en esta ocasi\u00f3n debido a que a una [&hellip;]<\/p>\n","protected":false},"author":2,"featured_media":50362,"comment_status":"open","ping_status":"open","sticky":false,"template":"","format":"standard","meta":{"_jetpack_newsletter_access":"","_jetpack_dont_email_post_to_subs":false,"_jetpack_newsletter_tier_id":0,"_jetpack_memberships_contains_paywalled_content":false,"_jetpack_memberships_contains_paid_content":false,"footnotes":""},"categories":[70],"tags":[15490,6393,12710],"class_list":["post-50361","post","type-post","status-publish","format-standard","has-post-thumbnail","hentry","category-de-opinion","tag-culiacan","tag-delincuencia-organizada","tag-felipe-de-jesus-fernandez-basilio"],"jetpack_featured_media_url":"https:\/\/lospoliticosveracruz.com.mx\/wp-content\/uploads\/2019\/10\/Culiac\u00e1n.jpg","jetpack_sharing_enabled":true,"jetpack_shortlink":"https:\/\/wp.me\/p4Qcd3-d6h","_links":{"self":[{"href":"https:\/\/lospoliticosveracruz.com.mx\/index.php?rest_route=\/wp\/v2\/posts\/50361","targetHints":{"allow":["GET"]}}],"collection":[{"href":"https:\/\/lospoliticosveracruz.com.mx\/index.php?rest_route=\/wp\/v2\/posts"}],"about":[{"href":"https:\/\/lospoliticosveracruz.com.mx\/index.php?rest_route=\/wp\/v2\/types\/post"}],"author":[{"embeddable":true,"href":"https:\/\/lospoliticosveracruz.com.mx\/index.php?rest_route=\/wp\/v2\/users\/2"}],"replies":[{"embeddable":true,"href":"https:\/\/lospoliticosveracruz.com.mx\/index.php?rest_route=%2Fwp%2Fv2%2Fcomments&post=50361"}],"version-history":[{"count":1,"href":"https:\/\/lospoliticosveracruz.com.mx\/index.php?rest_route=\/wp\/v2\/posts\/50361\/revisions"}],"predecessor-version":[{"id":50363,"href":"https:\/\/lospoliticosveracruz.com.mx\/index.php?rest_route=\/wp\/v2\/posts\/50361\/revisions\/50363"}],"wp:featuredmedia":[{"embeddable":true,"href":"https:\/\/lospoliticosveracruz.com.mx\/index.php?rest_route=\/wp\/v2\/media\/50362"}],"wp:attachment":[{"href":"https:\/\/lospoliticosveracruz.com.mx\/index.php?rest_route=%2Fwp%2Fv2%2Fmedia&parent=50361"}],"wp:term":[{"taxonomy":"category","embeddable":true,"href":"https:\/\/lospoliticosveracruz.com.mx\/index.php?rest_route=%2Fwp%2Fv2%2Fcategories&post=50361"},{"taxonomy":"post_tag","embeddable":true,"href":"https:\/\/lospoliticosveracruz.com.mx\/index.php?rest_route=%2Fwp%2Fv2%2Ftags&post=50361"}],"curies":[{"name":"wp","href":"https:\/\/api.w.org\/{rel}","templated":true}]}}