{"id":50438,"date":"2019-10-29T07:39:42","date_gmt":"2019-10-29T13:39:42","guid":{"rendered":"http:\/\/www.lospoliticosveracruz.com.mx\/?p=50438"},"modified":"2019-10-29T07:39:42","modified_gmt":"2019-10-29T13:39:42","slug":"taxistas-vulnerables-tendran-app","status":"publish","type":"post","link":"https:\/\/lospoliticosveracruz.com.mx\/?p=50438","title":{"rendered":"Taxistas, vulnerables; tendr\u00e1n App"},"content":{"rendered":"<p><strong>Enrique Yasser Pompeyo<\/strong><\/p>\n<p><em>Mesa de Redacci\u00f3n<\/em><\/p>\n<p>La ola de asaltos y asesinatos en contra de taxistas en el estado de Veracruz est\u00e1 imparable.<\/p>\n<p>Pese a las reiteradas denuncias del gremio y la solicitud de apoyo a las autoridades, poco se ha hecho.<\/p>\n<p>Para la Federaci\u00f3n Estatal de Transportistas del Estado de Veracruz (FETEV), la inseguridad para el sector se da pr\u00e1cticamente en todo el territorio, es decir, el foco rojo es la entidad completa.<\/p>\n<p>Ante la pasividad y desidia del gobierno, los taxistas se organizan para buscar alternativas que les brinden mayor seguridad.<\/p>\n<p>Una medida que buscan implementar es la aplicaci\u00f3n para celular denominada Tappxi, la cual se est\u00e1 afinando y se dar\u00e1 a conocer m\u00e1s adelante.<\/p>\n<p>La aplicaci\u00f3n no ser\u00e1 muy diferente a otras que ya existen.<\/p>\n<p>El usuario, al solicitar el servicio de transporte, sabr\u00e1, adem\u00e1s del n\u00famero de la unidad, el nombre de la persona que la conduce, incluso, se busca que el taxista pueda ver la imagen de quien pide el traslado.<\/p>\n<p>El objetivo es doble: que los ciudadanos reciban un servicio seguro y de calidad, adem\u00e1s de que los choferes tambi\u00e9n tengan la certeza de que no ser\u00e1n v\u00edctimas de delincuentes.<\/p>\n<p>La violencia e inseguridad en Veracruz prevalecen y todos los habitantes est\u00e1n a merced de los criminales, por lo que estas acciones coadyuvan a la protecci\u00f3n.<\/p>\n<p>FORO SOBRE LA ACTUACI\u00d3N POLICIAL<\/p>\n<p>La Comisi\u00f3n de Gobernaci\u00f3n del Congreso del Estado y el Ayuntamiento de Xalapa, a trav\u00e9s de la Direcci\u00f3n de Seguridad Ciudadana y Tr\u00e1nsito Municipal invitan al Foro: \u201cLa Actuaci\u00f3n Policial en la Implementaci\u00f3n del Uso Leg\u00edtimo de la Fuerza\u201d. Se llevar\u00e1 a cabo el d\u00eda 30 de octubre a las 9:00 horas en el Auditorio Sebasti\u00e1n Lerdo de Tejada del Congreso del Estado.<\/p>\n<p>enriquepompeyo@hotmail.com<\/p>\n","protected":false},"excerpt":{"rendered":"<p>Enrique Yasser Pompeyo Mesa de Redacci\u00f3n La ola de asaltos y asesinatos en contra de taxistas en el estado de Veracruz est\u00e1 imparable. Pese a las reiteradas denuncias del gremio y la solicitud de apoyo a las autoridades, poco se ha hecho. Para la Federaci\u00f3n Estatal de Transportistas del Estado de Veracruz (FETEV), la inseguridad [&hellip;]<\/p>\n","protected":false},"author":2,"featured_media":50439,"comment_status":"open","ping_status":"open","sticky":false,"template":"","format":"standard","meta":{"_jetpack_newsletter_access":"","_jetpack_dont_email_post_to_subs":false,"_jetpack_newsletter_tier_id":0,"_jetpack_memberships_contains_paywalled_content":false,"_jetpack_memberships_contains_paid_content":false,"footnotes":""},"categories":[70],"tags":[15477,15611,15612,11644,195],"class_list":["post-50438","post","type-post","status-publish","format-standard","has-post-thumbnail","hentry","category-de-opinion","tag-enrique-yasser-pompeyo","tag-fetev","tag-tappxi","tag-transportistas-del-estado","tag-veracruz"],"jetpack_featured_media_url":"https:\/\/lospoliticosveracruz.com.mx\/wp-content\/uploads\/2019\/10\/App.jpg","jetpack_sharing_enabled":true,"jetpack_shortlink":"https:\/\/wp.me\/p4Qcd3-d7w","_links":{"self":[{"href":"https:\/\/lospoliticosveracruz.com.mx\/index.php?rest_route=\/wp\/v2\/posts\/50438","targetHints":{"allow":["GET"]}}],"collection":[{"href":"https:\/\/lospoliticosveracruz.com.mx\/index.php?rest_route=\/wp\/v2\/posts"}],"about":[{"href":"https:\/\/lospoliticosveracruz.com.mx\/index.php?rest_route=\/wp\/v2\/types\/post"}],"author":[{"embeddable":true,"href":"https:\/\/lospoliticosveracruz.com.mx\/index.php?rest_route=\/wp\/v2\/users\/2"}],"replies":[{"embeddable":true,"href":"https:\/\/lospoliticosveracruz.com.mx\/index.php?rest_route=%2Fwp%2Fv2%2Fcomments&post=50438"}],"version-history":[{"count":1,"href":"https:\/\/lospoliticosveracruz.com.mx\/index.php?rest_route=\/wp\/v2\/posts\/50438\/revisions"}],"predecessor-version":[{"id":50440,"href":"https:\/\/lospoliticosveracruz.com.mx\/index.php?rest_route=\/wp\/v2\/posts\/50438\/revisions\/50440"}],"wp:featuredmedia":[{"embeddable":true,"href":"https:\/\/lospoliticosveracruz.com.mx\/index.php?rest_route=\/wp\/v2\/media\/50439"}],"wp:attachment":[{"href":"https:\/\/lospoliticosveracruz.com.mx\/index.php?rest_route=%2Fwp%2Fv2%2Fmedia&parent=50438"}],"wp:term":[{"taxonomy":"category","embeddable":true,"href":"https:\/\/lospoliticosveracruz.com.mx\/index.php?rest_route=%2Fwp%2Fv2%2Fcategories&post=50438"},{"taxonomy":"post_tag","embeddable":true,"href":"https:\/\/lospoliticosveracruz.com.mx\/index.php?rest_route=%2Fwp%2Fv2%2Ftags&post=50438"}],"curies":[{"name":"wp","href":"https:\/\/api.w.org\/{rel}","templated":true}]}}