{"id":50453,"date":"2019-10-29T09:44:03","date_gmt":"2019-10-29T15:44:03","guid":{"rendered":"http:\/\/www.lospoliticosveracruz.com.mx\/?p=50453"},"modified":"2019-10-29T09:44:03","modified_gmt":"2019-10-29T15:44:03","slug":"ataques-sexuales-en-la-zona-conurbada","status":"publish","type":"post","link":"https:\/\/lospoliticosveracruz.com.mx\/?p=50453","title":{"rendered":"Ataques sexuales en la zona conurbada"},"content":{"rendered":"<p><strong>Ricardo Ch\u00faa<\/strong><\/p>\n<p><em>Sale y Vale<\/em><\/p>\n<p>AGRESIONES&#8230; Algo tendr\u00e1 que hacer el gobierno de Cuitl\u00e1huac Garc\u00eda porque adem\u00e1s de la violencia que ya le desbord\u00f3 el gobierno&#8230; Ahora hay agresiones sexuales contra mujeres en la zona Veracruz y Boca del R\u00edo, a todo lo que da&#8230; NO EXAGERAMOS pero en ning\u00fan gobierno estatal liberal o conservador del pasado, se presentaron tantos casos en un lapso corto de tiempo y que el gobierno estatal, Secretar\u00eda de Seguridad P\u00fablica o Fiscal\u00eda de Veracruz no lo resolvieran.. OJO gobernador esto no es pol\u00edtico.. Es un asunto de seguridad&#8230;<\/p>\n<p>Ayer por la noche casi no se vio a mujeres realizando actividades f\u00edsicas por el bulevar o en las zonas donde hacen \u00abzumba\u00bb por temor a los ataques&#8230; Las que fueron iban acompa\u00f1adas por el temor de ser atacadas o molestadas&#8230; De nuevo, el miedo invade a la regi\u00f3n de Veracruz-Boca del R\u00edo&#8230; Pero aqu\u00ed en estos municipios, no se ve presencia de la SSP de Hugo Guti\u00e9rrez o de elementos de la Guardia Nacional&#8230; OJO GOBERNADOR son 4 mujeres las atacadas en el lapso de una semana&#8230; Hay psicosis y con justa raz\u00f3n&#8230; No las est\u00e1n asaltando&#8230;<\/p>\n<p>Si esto contin\u00faa as\u00ed&#8230; La critica por un suceso tan delicado como ataques sexuales a una mujer, ser\u00e1 una \u00abbola de nieve\u00bb que podr\u00e1 hacer \u00abtambalear\u00bb a funcionarios estatales&#8230; Ni modo que a las protestas que realizar\u00edan para pedir un alto a este tipo de violencia contra la mujer, sean reprimidas con gas lacrimogeno o con la macana de los elementos de la SSP&#8230; Esto ya est\u00e1 tomando una ruta muy peligrosa que si no se atiende a tiempo&#8230; Le va a explotar en las manos al gobernador, no al Fiscal o a otro m\u00e1s&#8230; Ser\u00e1 directamente a \u00e9l&#8230;<\/p>\n<p>Aqu\u00ed se pone a prueba la eficiencia de la Fiscal temporal, Ver\u00f3nica Hern\u00e1ndez&#8230; Aqu\u00ed no puede decir que \u00abCon Winckler est\u00e1bamos peor\u00bb&#8230; Ella tambi\u00e9n es mujer y sabe lo dif\u00edcil que es para una dama este tipo de actos&#8230; Si no resuelve pronto el tema y de manera transparente&#8230; Su actuaci\u00f3n quedara BAJO SOSPECHA&#8230; Se supone que los gobiernos de MORENA son defensores de las clases vulnerables y el sector femenino es uno de ellos en estas agresiones&#8230; El gobierno de Cuitl\u00e1huac esta a prueba con este tema&#8230;.<\/p>\n<p>Ya s\u00f3lo esperamos que no vayan a salir con el argumento que es culpa de las autoridades municipales del PAN o que el propio Cutl\u00e1huac lo vuelva pol\u00edtico porque aqu\u00ed gobierna un Yunes&#8230; Con eso no se juega&#8230; Podr\u00e1 el gobernador no ser un pol\u00edtico de experiencia, pero debe ser una persona sensata, que no puede dejarse llevar por la \u00abguerra\u00bb contra el PAN para atender este problema con su polic\u00eda para prevenir este tipo de agresiones contra las mujeres en esta regi\u00f3n y m\u00e1s cuando se\u00f1alan que las v\u00edctimas son menores de edad&#8230;<\/p>\n<p>La imagen del gobierno estatal est\u00e1 en juego con estos casos.. Hasta ahora eso son los \u00fanicos que han trascendido en la zona conurbada&#8230; No se sabe si hay m\u00e1s eventos no reportados&#8230; El propio Cuitl\u00e1huac hizo p\u00fablico que van 41 agresores sexuales detenidos en la entidad, y que 3 de ellos fueron aprehendidos el fin de semana en Las Choapas y Minatitl\u00e1n&#8230; Pero los de la conurbaci\u00f3n Veracruz-Boca del R\u00edo, que son tambi\u00e9n de alto impacto&#8230; \u00bfCu\u00e1ndo?&#8230; El resultado tiene que ser pronto&#8230; Si no quiere que esto se le salga de las manos&#8230;<\/p>\n<p>IMPRESIONANTI NAHLE&#8230; Se le inunda el terreno donde se construye la refiner\u00eda \u00abDos Bocas\u00bb a Rocio Nahle&#8230; Y en Veracruz, del mismo partido MORENA, diputados locales y altos funcionarios del Gobierno del Estado, son los que estuvieron promoviendo los \u00abmameyazos\u00bb en su contra en redes sociales&#8230; Y desde luego, ninguno de todos aquellos compadres o pol\u00edticos beneficiados, ayudados o apoyados por ella, meti\u00f3 las manos por defenderla&#8230; La dejaron sola&#8230; A veces as\u00ed de miserable es el ejercicio pol\u00edtico&#8230;<\/p>\n<p>Si hay algo que reconocerle a la Se\u00f1ora Nahle, es que al menos ella si \u00abha metido las manos al fuego\u00bb por compa\u00f1eros de su gabinete o sus aliados en Veracruz&#8230; Los defiende a morir&#8230; Pero ayer la dejaron sola&#8230; La \u00abmadrina\u00bb por este suceso fue brutal por las \u00abbenditas\u00bb redes sociales, le dieron con todo&#8230; Para el colmo, se le cay\u00f3 la producci\u00f3n de crudo en PEMEX en un 6.7 por ciento de julio a septiembre&#8230; Que d\u00eda para do\u00f1a Rocio&#8230; \u00abCr\u00edo cuervos\u00bb en Veracruz y \u00abya le est\u00e1n sacando los ojos\u00bb&#8230; PALABRA DEL SE\u00d1OR&#8230;<\/p>\n<p>LA ALIANZA JUECES Y MORENA&#8230; Dentro del poder judicial de Veracruz, ese que dice P-Edel no est\u00e1 de \u00abrodillas\u00bb al servicio del gobierno del Estado, pero puede que tenga alianzas con los Morenos en el poder&#8230; Nos cuentan, el caso de Isabel In\u00e9s Romero Cruz, que fue juez en Misantla y el Consejo de la Judicatura le notific\u00f3 que quedaba fuera de la funci\u00f3n judicial por contar con m\u00e1s de 65 a\u00f1os, edad m\u00e1xima para ser juzgador&#8230; Hasta ah\u00ed nada raro&#8230; Todo bien&#8230;<\/p>\n<p>Pero lo que los trabajadores del poder judicial no se explican es c\u00f3mo est\u00e1 juez casi en retiro&#8230; Lleg\u00f3 al cargo de Magistrada, si la personaje en cuesti\u00f3n, se encuentra bajo tratamiento m\u00e9dico&#8230; Que al parecer puede perjudicar su funci\u00f3n&#8230; La ley marca que solo puedes estar hasta los 70 a\u00f1os como magistrado.. Lo que deja en evidencia que hay un arreglo pol\u00edtico entre funcionarios de MORENA y miembros del TSJE, ya que ser\u00e1 magistrada durante el gobierno de Cuitl\u00e1huac Garc\u00eda&#8230; Pero P-Edel dice que no est\u00e1n de \u00abrodillas\u00bb&#8230; BAJO SOSPECHA&#8230;<\/p>\n<p>DE LA RED SOCIAL DEL T\u00cdO FLA&#8230; El ex gobernador de Veracruz, Flavino R\u00edos Alvarado escribi\u00f3 este texto en su red social de Facebook: El ITESCO ( Instituto Tecnol\u00f3gico Superior de Coatzacoalcos) del cual han egresado excelentes profesionistas, lo construy\u00f3 Miguel Alem\u00e1n Velasco. Honor a quien honor merece, saludos y \u00e9xitos a los maestros y a los alumnos de esta importante instituci\u00f3n educativa del sur de nuestro Estado&#8230;. Despu\u00e9s del reconocimiento que ha sido objeto&#8230; T\u00edo Fla tiene raz\u00f3n: \u00abHonor a quien honor merece\u00bb&#8230; AMEN&#8230;<\/p>\n","protected":false},"excerpt":{"rendered":"<p>Ricardo Ch\u00faa Sale y Vale AGRESIONES&#8230; Algo tendr\u00e1 que hacer el gobierno de Cuitl\u00e1huac Garc\u00eda porque adem\u00e1s de la violencia que ya le desbord\u00f3 el gobierno&#8230; Ahora hay agresiones sexuales contra mujeres en la zona Veracruz y Boca del R\u00edo, a todo lo que da&#8230; NO EXAGERAMOS pero en ning\u00fan gobierno estatal liberal o conservador [&hellip;]<\/p>\n","protected":false},"author":2,"featured_media":0,"comment_status":"open","ping_status":"open","sticky":false,"template":"","format":"standard","meta":{"_jetpack_newsletter_access":"","_jetpack_dont_email_post_to_subs":false,"_jetpack_newsletter_tier_id":0,"_jetpack_memberships_contains_paywalled_content":false,"_jetpack_memberships_contains_paid_content":false,"footnotes":""},"categories":[70],"tags":[601,1681,14643,13379,343,13512,15619,15620,15621,3628,1800,373,201,1026,2305,266,13604,3578,4555,195],"class_list":["post-50453","post","type-post","status-publish","format-standard","hentry","category-de-opinion","tag-boca-del-rio","tag-cuitlahuac-garcia","tag-dos-bocas","tag-fiscalia-de-veracruz","tag-flavino-rios-alvarado","tag-guardia-nacional","tag-hugo-gutierrez","tag-isabel-ines-romero-cruz","tag-itesco","tag-las-choapas","tag-miguel-aleman-velasco","tag-minatitlan","tag-misantla","tag-morena","tag-mujeres","tag-pan","tag-ricardo-chua","tag-rocio-nahle","tag-secretaria-de-seguridad-publica","tag-veracruz"],"jetpack_featured_media_url":"","jetpack_sharing_enabled":true,"jetpack_shortlink":"https:\/\/wp.me\/p4Qcd3-d7L","_links":{"self":[{"href":"https:\/\/lospoliticosveracruz.com.mx\/index.php?rest_route=\/wp\/v2\/posts\/50453","targetHints":{"allow":["GET"]}}],"collection":[{"href":"https:\/\/lospoliticosveracruz.com.mx\/index.php?rest_route=\/wp\/v2\/posts"}],"about":[{"href":"https:\/\/lospoliticosveracruz.com.mx\/index.php?rest_route=\/wp\/v2\/types\/post"}],"author":[{"embeddable":true,"href":"https:\/\/lospoliticosveracruz.com.mx\/index.php?rest_route=\/wp\/v2\/users\/2"}],"replies":[{"embeddable":true,"href":"https:\/\/lospoliticosveracruz.com.mx\/index.php?rest_route=%2Fwp%2Fv2%2Fcomments&post=50453"}],"version-history":[{"count":1,"href":"https:\/\/lospoliticosveracruz.com.mx\/index.php?rest_route=\/wp\/v2\/posts\/50453\/revisions"}],"predecessor-version":[{"id":50454,"href":"https:\/\/lospoliticosveracruz.com.mx\/index.php?rest_route=\/wp\/v2\/posts\/50453\/revisions\/50454"}],"wp:attachment":[{"href":"https:\/\/lospoliticosveracruz.com.mx\/index.php?rest_route=%2Fwp%2Fv2%2Fmedia&parent=50453"}],"wp:term":[{"taxonomy":"category","embeddable":true,"href":"https:\/\/lospoliticosveracruz.com.mx\/index.php?rest_route=%2Fwp%2Fv2%2Fcategories&post=50453"},{"taxonomy":"post_tag","embeddable":true,"href":"https:\/\/lospoliticosveracruz.com.mx\/index.php?rest_route=%2Fwp%2Fv2%2Ftags&post=50453"}],"curies":[{"name":"wp","href":"https:\/\/api.w.org\/{rel}","templated":true}]}}