{"id":50510,"date":"2019-10-30T23:00:57","date_gmt":"2019-10-31T05:00:57","guid":{"rendered":"http:\/\/www.lospoliticosveracruz.com.mx\/?p=50510"},"modified":"2019-10-30T20:35:04","modified_gmt":"2019-10-31T02:35:04","slug":"gomez-cazarin-y-la-cuenta-publica","status":"publish","type":"post","link":"https:\/\/lospoliticosveracruz.com.mx\/?p=50510","title":{"rendered":"G\u00f3mez Cazar\u00edn y la Cuenta P\u00fablica"},"content":{"rendered":"<p><strong>Salvador Mu\u00f1oz<\/strong><\/p>\n<p><em>Los Pol\u00edticos<\/em><\/p>\n<p><span style=\"font-weight: 400;\">Tres puntos pol\u00e9micos de Juan Javier \u201cEl Car\u00f3n\u201d G\u00f3mez Cazar\u00edn, en menos de una semana.<\/span><\/p>\n<p><span style=\"font-weight: 400;\">1.- Asegurar que el caf\u00e9 de la regi\u00f3n de los Tuxtlas es el mejor\u2026 yo tengo mis dudas, m\u00e1s cuando nunca he probado el arom\u00e1tico de esa zona. Y mis dudas se ampl\u00edan cuando no me decido si decir que el de C\u00f3rdoba sea el mejor, o el de Huatusco, quiz\u00e1s el de Coatepec, aunque prob\u00e9 uno de la regi\u00f3n de Juchique que me agrad\u00f3 bastante\u2026 pero tambi\u00e9n saboree uno de Naolinco que no le ped\u00eda nada al resto de los citados\u2026 \u00bfel de los Tuxtlas? \u00a1Ni idea!<\/span><\/p>\n<p><span style=\"font-weight: 400;\">2.- Cerca de las dos de la ma\u00f1ana de este jueves, G\u00f3mez Cazar\u00edn sube desde los pasillos del Congreso local, un video donde hace un anuncio que se resume de forma simple: la bancada de Morena y la Comisi\u00f3n de Vigilancia (encabezada por morenos) no aprobar\u00e1n la cuenta p\u00fablica 2018.<\/span><\/p>\n<p><span style=\"font-weight: 400;\">En t\u00e9rminos llanos, el no aprobarla es ponerle \u201cperos\u201d al \u00faltimo a\u00f1o de Gobierno de Miguel \u00c1ngel Yunes Linares, o como dijera Paco Licona, la \u00faltima gran oportunidad de la administraci\u00f3n de Cuitl\u00e1huac Garc\u00eda Jim\u00e9nez de \u201ctrabar\u201d al chole\u00f1o.<\/span><\/p>\n<p><span style=\"font-weight: 400;\">El asunto es que al rechazar los resultados de la Cuenta P\u00fablica 2018 se llevan entre las patas la imagen de Lorenzo Antonio Portilla V\u00e1squez\u2026 porque no creemos que la t\u00e1ctica de negarse a aprobar la CP2018 sea contra el ex titular del Orfis\u2026 aunque dicho sea de paso, hay que recordar que El Car\u00f3n no ve\u00eda con buenos ojos la reelecci\u00f3n del Contador\u2026<\/span><\/p>\n<p><span style=\"font-weight: 400;\">Ahora, cuando Juan Javier dice \u201cNones\u201d a la Cuenta P\u00fablica 2018, en s\u00ed, imagino que se ha de referir a todo lo que concierne al Gobierno estatal dejando de lado a los entes aut\u00f3nomos (casi a todos\u2026 la Fiscal\u00eda de Winckler, por ejemplo, no creemos que le den el VoBo) as\u00ed como a los municipios (casi a todos\u2026 el ayuntamiento de Boca del R\u00edo, por ejemplo, no creemos que le den el VoBo).<\/span><\/p>\n<p><span style=\"font-weight: 400;\">No recuerdo alg\u00fan caso similar como el que anuncia Juan Javier G\u00f3mez Cazar\u00edn y es normal, porque la alternancia no era algo com\u00fan y en tan poco tiempo, en Veracruz\u2026 aunque en las cuentas p\u00fablicas del 2015 y 2016, hubo casos interesantes:<\/span><\/p>\n<p><span style=\"font-weight: 400;\">En el 2016, el Congreso aprob\u00f3 el informe de resultados de la Cuenta P\u00fablica 2015, pero se hablaba de un da\u00f1o patrimonial de m\u00e1s de 16 mil millones de pesos, y ya sal\u00edan a relucir las empresas fantasma. Para esas fechas, ya era Gobernador interino Flavino R\u00edos Alvarado y el entonces diputado Julen Rementer\u00eda calificaba la sesi\u00f3n de hist\u00f3rica, \u201cporque el Congreso por primera vez elabor\u00f3 un Dictamen que refleja el desorden administrativo\u201d. La mayor\u00eda era pri\u00edsta y se le iba con todo a Duarte.<\/span><\/p>\n<p><span style=\"font-weight: 400;\">En el 2017, de acuerdo a bolet\u00edn del Congreso, se aprueba la Cuenta P\u00fablica del 2016. Juan Manuel de Unanue Abascal, en ese entonces Presidente de la Comisi\u00f3n de Vigilancia del Congreso local, anunci\u00f3 la detecci\u00f3n de un presunto da\u00f1o patrimonial por un importe mayor a 12 mil 493 millones de pesos. \u201cA nombre de la Comisi\u00f3n de Vigilancia, el diputado solicit\u00f3 al Pleno del Congreso instruir al Orfis para que presente ante la Fiscal\u00eda General del Estado (FGE) las denuncias correspondientes contra los servidores o ex servidores p\u00fablicos responsables del presunto da\u00f1o patrimonial\u201d.<\/span><\/p>\n<p><span style=\"font-weight: 400;\">Hoy, al parecer, la alternancia pinta otra forma de ver las Cuentas P\u00fablicas\u2026 no s\u00e9 si al rechazar el trabajo del Orfis de Lorenzo Antonio Portilla V\u00e1squez se est\u00e9 pidiendo que toda la labor de despachos externos as\u00ed como de la base del \u00d3rgano de Fiscalizaci\u00f3n haya valido un cacahuate y pongan a trabajar horas extra a Delia Gonz\u00e1lez Cobos, para darle su bienvenida, su remoj\u00f3n\u2026 el asunto es que si la Fiscalizadora encontrara algo que en la Cuenta P\u00fablica de Portilla V\u00e1squez no viene, habr\u00e1 de dos:<\/span><\/p>\n<p><span style=\"font-weight: 400;\">O ten\u00edamos un Contador tapadera\u2026<\/span><\/p>\n<p><span style=\"font-weight: 400;\">O tenemos una Fiscalizadora carnala\u2026<\/span><\/p>\n<p><span style=\"font-weight: 400;\">\u00a1Ah! \u00bfY cu\u00e1l es el tercer caso pol\u00e9mico de G\u00f3mez Cazar\u00edn?<\/span><\/p>\n<p><span style=\"font-weight: 400;\">3.- Con el video que subi\u00f3 pasada la una de la ma\u00f1ana de este mi\u00e9rcoles, desde los pasillos del Palacio Legislativo, al titular de la Junta de Coordinaci\u00f3n Pol\u00edtica le encontraron una nueva chamba: \u00a1Ya es velador del Congreso!<\/span><\/p>\n<p><span style=\"font-weight: 400;\">Bueno, \u00e9l dice que es velador de los intereses de los veracruzanos&#8230;<\/span><\/p>\n<p>&nbsp;<\/p>\n<p><span style=\"font-weight: 400;\">smcainito@gmail.com<\/span><\/p>\n<p>&nbsp;<\/p>\n","protected":false},"excerpt":{"rendered":"<p>Salvador Mu\u00f1oz Los Pol\u00edticos Tres puntos pol\u00e9micos de Juan Javier \u201cEl Car\u00f3n\u201d G\u00f3mez Cazar\u00edn, en menos de una semana. 1.- Asegurar que el caf\u00e9 de la regi\u00f3n de los Tuxtlas es el mejor\u2026 yo tengo mis dudas, m\u00e1s cuando nunca he probado el arom\u00e1tico de esa zona. Y mis dudas se ampl\u00edan cuando no me [&hellip;]<\/p>\n","protected":false},"author":2,"featured_media":50511,"comment_status":"open","ping_status":"open","sticky":false,"template":"","format":"standard","meta":{"_jetpack_newsletter_access":"","_jetpack_dont_email_post_to_subs":false,"_jetpack_newsletter_tier_id":0,"_jetpack_memberships_contains_paywalled_content":false,"_jetpack_memberships_contains_paid_content":false,"footnotes":""},"categories":[70],"tags":[14822,15181,12698,343,260,12695,6732,1130,6866,428,1026,135],"class_list":["post-50510","post","type-post","status-publish","format-standard","has-post-thumbnail","hentry","category-de-opinion","tag-cuenta-publica-2018","tag-delia-gonzalez-cobos","tag-el-caron","tag-flavino-rios-alvarado","tag-javier-duarte-de-ochoa","tag-juan-javier-gomez-cazarin","tag-juan-manuel-de-unanue","tag-julen-rementeria","tag-lorenzo-antonio-portilla-vasquez","tag-miguel-angel-yunes-linares","tag-morena","tag-orfis"],"jetpack_featured_media_url":"https:\/\/lospoliticosveracruz.com.mx\/wp-content\/uploads\/2019\/10\/Caron1.jpg","jetpack_sharing_enabled":true,"jetpack_shortlink":"https:\/\/wp.me\/p4Qcd3-d8G","_links":{"self":[{"href":"https:\/\/lospoliticosveracruz.com.mx\/index.php?rest_route=\/wp\/v2\/posts\/50510","targetHints":{"allow":["GET"]}}],"collection":[{"href":"https:\/\/lospoliticosveracruz.com.mx\/index.php?rest_route=\/wp\/v2\/posts"}],"about":[{"href":"https:\/\/lospoliticosveracruz.com.mx\/index.php?rest_route=\/wp\/v2\/types\/post"}],"author":[{"embeddable":true,"href":"https:\/\/lospoliticosveracruz.com.mx\/index.php?rest_route=\/wp\/v2\/users\/2"}],"replies":[{"embeddable":true,"href":"https:\/\/lospoliticosveracruz.com.mx\/index.php?rest_route=%2Fwp%2Fv2%2Fcomments&post=50510"}],"version-history":[{"count":1,"href":"https:\/\/lospoliticosveracruz.com.mx\/index.php?rest_route=\/wp\/v2\/posts\/50510\/revisions"}],"predecessor-version":[{"id":50512,"href":"https:\/\/lospoliticosveracruz.com.mx\/index.php?rest_route=\/wp\/v2\/posts\/50510\/revisions\/50512"}],"wp:featuredmedia":[{"embeddable":true,"href":"https:\/\/lospoliticosveracruz.com.mx\/index.php?rest_route=\/wp\/v2\/media\/50511"}],"wp:attachment":[{"href":"https:\/\/lospoliticosveracruz.com.mx\/index.php?rest_route=%2Fwp%2Fv2%2Fmedia&parent=50510"}],"wp:term":[{"taxonomy":"category","embeddable":true,"href":"https:\/\/lospoliticosveracruz.com.mx\/index.php?rest_route=%2Fwp%2Fv2%2Fcategories&post=50510"},{"taxonomy":"post_tag","embeddable":true,"href":"https:\/\/lospoliticosveracruz.com.mx\/index.php?rest_route=%2Fwp%2Fv2%2Ftags&post=50510"}],"curies":[{"name":"wp","href":"https:\/\/api.w.org\/{rel}","templated":true}]}}