{"id":50636,"date":"2019-11-07T16:56:30","date_gmt":"2019-11-07T22:56:30","guid":{"rendered":"http:\/\/www.lospoliticosveracruz.com.mx\/?p=50636"},"modified":"2019-11-07T16:56:30","modified_gmt":"2019-11-07T22:56:30","slug":"no-compre-problemas","status":"publish","type":"post","link":"https:\/\/lospoliticosveracruz.com.mx\/?p=50636","title":{"rendered":"\u00a1No compre problemas!"},"content":{"rendered":"<p><strong>Teresa Carbajal<\/strong><\/p>\n<p><em>Debo no niego; pago lo justo<\/em><\/p>\n<p>Recuerda haber visto hace algunos a\u00f1os los letreros que ostentaban algunas casas, \u00a0en donde se le\u00eda: Esta propiedad est\u00e1 protegida por el Barz\u00f3n, \u00a1no compre problemas!<\/p>\n<p>Seguramente recordar\u00e1 tambi\u00e9n que este hecho coincidi\u00f3 con la crisis econ\u00f3mica del 94\u2019 durante la cual las personas ya no pod\u00edan pagar sus viviendas adquiridas mediante cr\u00e9ditos hipotecarios, o peor a\u00fan pagar alg\u00fan pr\u00e9stamo obtenido al hipotecar su casa.<\/p>\n<p>Y ante el impago los deudores eran llevados a juicios en los que despu\u00e9s de obtener la sentencia de pago con exorbitantes intereses, no hab\u00eda de d\u00f3nde, ni con qu\u00e9 pagar, y entonces las viviendas eran sacadas a subasta p\u00fablica.<\/p>\n<p>Abri\u00e9ndose un importante mercado para quienes la hicieron de \u2018inversionistas\u2019 pues compraban barato para revender y as\u00ed hacerse de jugosas ganancias aparentemente r\u00e1pidas.<\/p>\n<p>Pero, \u00bfc\u00f3mo se enteran estos cazadores de oportunidades de los remates?, pues a trav\u00e9s de avisos o anuncios, llamados Edictos que son publicados por disposici\u00f3n de la ley en sitios p\u00fablicos como el palacio municipal, las oficinas de la hacienda p\u00fablica, los estrados del juzgado, la gaceta oficial del estado, y en los diarios de mayor circulaci\u00f3n en la entidad en donde ubica el bien inmueble.<\/p>\n<p>De este modo, quienes buscan obtener una propiedad en tales condiciones dan seguimiento a dichos anuncios, los que para el resto pasan desapercibidos pues, \u00bfqui\u00e9n se detiene a leer esos mini anuncios con letra tama\u00f1o de hormiga?<\/p>\n<p>En fin que es cierto que los precios en los que se anuncia la venta de dichas propiedades son muy bajos, pero \u00bfsabe por qu\u00e9?, porque en la mayor\u00eda de los casos los demandados por falta de recursos, de asesor\u00eda legal adecuada, e incluso porque nunca se enteraron legalmente que hab\u00edan sido demandados, no participaron al momento de llevar a cabo la valuaci\u00f3n del inmueble para que a su propiedad se le asignara un precio justo de venta.<\/p>\n<p>Dejando al acreedor en plena libertad de asignar el precio m\u00e1s bajo posible para poder adjudicarse la propiedad como pago de la deuda.<\/p>\n<p>Pero desde el momento en el que un deudor presenta una eficaz defensa de su patrimonio, las cosas se complican para aquellos postores que en ocasiones, no solo no se quedan con el bien sino que tardan hasta 3 a\u00f1os en recuperar su dinero, de ah\u00ed la advertencia de no comprar problemas.<\/p>\n<p>Aparte de estos inconvenientes legales porque finalmente se est\u00e1 comprando un problema, estas ventas judiciales no deben ser vistas como una oportunidad, m\u00e1s bien valdr\u00eda la pena reflexionar sobre aquella familia que podr\u00eda quedarse sin techo por no poder pagar, o a quien quiz\u00e1 no se le dio la oportunidad de negociar un precio justo, y el dolor que le significa la sola posibilidad de perder su casa.<\/p>\n<p>Atendamos al principio que dice, lo que no proh\u00edba el derecho que lo proh\u00edba la moral.<\/p>\n<p>\u00a1Si tiene deudas y desea exponer su caso llame al 2281148502!<\/p>\n<p>Visite\u00a0 <a href=\"http:\/\/www.elbarzonrc.org\/\">www.elbarzonrc.org<\/a> Contacte <a href=\"mailto:elbarzonrc@yahoo.com.mx\">elbarzonrc@yahoo.com.mx<\/a>, O s\u00edgame en @terecarbajal<\/p>\n","protected":false},"excerpt":{"rendered":"<p>Teresa Carbajal Debo no niego; pago lo justo Recuerda haber visto hace algunos a\u00f1os los letreros que ostentaban algunas casas, \u00a0en donde se le\u00eda: Esta propiedad est\u00e1 protegida por el Barz\u00f3n, \u00a1no compre problemas! Seguramente recordar\u00e1 tambi\u00e9n que este hecho coincidi\u00f3 con la crisis econ\u00f3mica del 94\u2019 durante la cual las personas ya no pod\u00edan [&hellip;]<\/p>\n","protected":false},"author":2,"featured_media":50637,"comment_status":"open","ping_status":"open","sticky":false,"template":"","format":"standard","meta":{"_jetpack_newsletter_access":"","_jetpack_dont_email_post_to_subs":false,"_jetpack_newsletter_tier_id":0,"_jetpack_memberships_contains_paywalled_content":false,"_jetpack_memberships_contains_paid_content":false,"footnotes":""},"categories":[70],"tags":[15677,15676,15678,15570],"class_list":["post-50636","post","type-post","status-publish","format-standard","has-post-thumbnail","hentry","category-de-opinion","tag-edictos","tag-el-barzon","tag-pago-de-la-deuda","tag-teresa-carbajal"],"jetpack_featured_media_url":"https:\/\/lospoliticosveracruz.com.mx\/wp-content\/uploads\/2019\/11\/Barzon.jpg","jetpack_sharing_enabled":true,"jetpack_shortlink":"https:\/\/wp.me\/p4Qcd3-daI","_links":{"self":[{"href":"https:\/\/lospoliticosveracruz.com.mx\/index.php?rest_route=\/wp\/v2\/posts\/50636","targetHints":{"allow":["GET"]}}],"collection":[{"href":"https:\/\/lospoliticosveracruz.com.mx\/index.php?rest_route=\/wp\/v2\/posts"}],"about":[{"href":"https:\/\/lospoliticosveracruz.com.mx\/index.php?rest_route=\/wp\/v2\/types\/post"}],"author":[{"embeddable":true,"href":"https:\/\/lospoliticosveracruz.com.mx\/index.php?rest_route=\/wp\/v2\/users\/2"}],"replies":[{"embeddable":true,"href":"https:\/\/lospoliticosveracruz.com.mx\/index.php?rest_route=%2Fwp%2Fv2%2Fcomments&post=50636"}],"version-history":[{"count":1,"href":"https:\/\/lospoliticosveracruz.com.mx\/index.php?rest_route=\/wp\/v2\/posts\/50636\/revisions"}],"predecessor-version":[{"id":50638,"href":"https:\/\/lospoliticosveracruz.com.mx\/index.php?rest_route=\/wp\/v2\/posts\/50636\/revisions\/50638"}],"wp:featuredmedia":[{"embeddable":true,"href":"https:\/\/lospoliticosveracruz.com.mx\/index.php?rest_route=\/wp\/v2\/media\/50637"}],"wp:attachment":[{"href":"https:\/\/lospoliticosveracruz.com.mx\/index.php?rest_route=%2Fwp%2Fv2%2Fmedia&parent=50636"}],"wp:term":[{"taxonomy":"category","embeddable":true,"href":"https:\/\/lospoliticosveracruz.com.mx\/index.php?rest_route=%2Fwp%2Fv2%2Fcategories&post=50636"},{"taxonomy":"post_tag","embeddable":true,"href":"https:\/\/lospoliticosveracruz.com.mx\/index.php?rest_route=%2Fwp%2Fv2%2Ftags&post=50636"}],"curies":[{"name":"wp","href":"https:\/\/api.w.org\/{rel}","templated":true}]}}