{"id":50735,"date":"2019-11-11T14:50:56","date_gmt":"2019-11-11T20:50:56","guid":{"rendered":"http:\/\/www.lospoliticosveracruz.com.mx\/?p=50735"},"modified":"2019-11-11T14:50:56","modified_gmt":"2019-11-11T20:50:56","slug":"juan-carlos-molina","status":"publish","type":"post","link":"https:\/\/lospoliticosveracruz.com.mx\/?p=50735","title":{"rendered":"Juan Carlos Molina"},"content":{"rendered":"<p><strong>Juan Javier G\u00f3mez Cazar\u00edn<\/strong><\/p>\n<p><em>Parlamento Veracruz<\/em><\/p>\n<p>Coincid\u00ed con Juan Carlos Molina Palacios en el Congreso del Estado un a\u00f1o y d\u00edas. Se excus\u00f3 de asistir a la sesi\u00f3n del 5 de noviembre, cuando iniciamos el Segundo A\u00f1o del Periodo Constitucional. As\u00ed que no recuerdo exactamente cu\u00e1ndo lo salud\u00e9 por \u00faltima vez. Seguramente eso es porque, como siempre ocurre, lo salud\u00e9 sin tener la menor idea de que nos est\u00e1bamos viendo por \u00faltima vez.<\/p>\n<p>\u00bfQui\u00e9n podr\u00eda imaginar otra cosa? Un hombre sano, joven, con la energ\u00eda desbordante de la gente de campo, con dos a\u00f1os de encargo Legislativo por delante y una galaxia de proyectos personales y pol\u00edticos.<\/p>\n<p>El s\u00e1bado estaba yo en Coatzacoalcos a punto de participar en un acto de entrega de escrituras cuando todo Veracruz se sacudi\u00f3 con la noticia: criminales cobardes le arrebataron la vida a Juan Carlos a las puertas de su casa.<br \/>\nQuiero hacer una precisi\u00f3n que a la vez dibuja una convicci\u00f3n personal: el crimen de Juan Carlos no nos duele porque era Diputado. Su crimen nos agravia porque era un ser humano, como cualquiera, que no merec\u00eda, como nadie merece, morir a manos criminales.<\/p>\n<p>Tampoco nuestra exigencia de justicia obedece a su investidura. De nuevo: todos los cr\u00edmenes, de cualquier persona, en cualquier circunstancia, merecen ser aclarados. Ninguna v\u00edctima -ni sus deudos- puede descansar en paz mientras la justicia no alcance a sus victimarios.<\/p>\n<p>Puntualizado lo anterior, subrayo: estamos agraviados y queremos justicia.<br \/>\nEl a\u00f1o que Juan Carlos estuvo entre nosotros dej\u00f3 una huella muy grata en el Congreso. La suya era una voz valiente y poderosa en la tribuna. Y fuera de la tribuna tampoco era precisamente inadvertido. Su actitud franca y sin vueltas, su saludo de frente, le gan\u00f3 simpat\u00edas entre las diputadas y diputados de todos los partidos.<\/p>\n<p>Fue f\u00e1cil volverme amigo de Juan Carlos: \u00e9l de la Cuenca y un servidor sure\u00f1o, ambos con profunda identificaci\u00f3n con el campo, en m\u00e1s de una ocasi\u00f3n defendimos posturas coincidentes. Habl\u00e1bamos el mismo lenguaje.<\/p>\n<p>Juan Carlos era un hombre de familia, orgulloso de sus or\u00edgenes en el campo y cuyos logros ganaderos llevaron su nombre y el de Veracruz a palestra de los concursos internacionales. Veo sus fotograf\u00edas en redes sociales. Lo veo as\u00ed: con su ganado obteniendo premios, disfrutando con su familia, recorriendo la Cuenca del Papaloapan -que conoc\u00eda perfectamente- conviviendo afectuoso con su gente.<\/p>\n<p>Me queda claro que somos incontables los que lo vamos a extra\u00f1ar. Que la tierra le sea leve.<\/p>\n<p>Diputado local. Presidente de la Junta de Coordinaci\u00f3n Pol\u00edtica del Congreso del Estado.<\/p>\n","protected":false},"excerpt":{"rendered":"<p>Juan Javier G\u00f3mez Cazar\u00edn Parlamento Veracruz Coincid\u00ed con Juan Carlos Molina Palacios en el Congreso del Estado un a\u00f1o y d\u00edas. Se excus\u00f3 de asistir a la sesi\u00f3n del 5 de noviembre, cuando iniciamos el Segundo A\u00f1o del Periodo Constitucional. As\u00ed que no recuerdo exactamente cu\u00e1ndo lo salud\u00e9 por \u00faltima vez. Seguramente eso es porque, [&hellip;]<\/p>\n","protected":false},"author":2,"featured_media":50736,"comment_status":"open","ping_status":"open","sticky":false,"template":"","format":"standard","meta":{"_jetpack_newsletter_access":"","_jetpack_dont_email_post_to_subs":false,"_jetpack_newsletter_tier_id":0,"_jetpack_memberships_contains_paywalled_content":false,"_jetpack_memberships_contains_paid_content":false,"footnotes":""},"categories":[70],"tags":[3256,12695],"class_list":["post-50735","post","type-post","status-publish","format-standard","has-post-thumbnail","hentry","category-de-opinion","tag-juan-carlos-molina-palacios","tag-juan-javier-gomez-cazarin"],"jetpack_featured_media_url":"https:\/\/lospoliticosveracruz.com.mx\/wp-content\/uploads\/2019\/11\/Cazarin-Molina.jpeg","jetpack_sharing_enabled":true,"jetpack_shortlink":"https:\/\/wp.me\/p4Qcd3-dcj","_links":{"self":[{"href":"https:\/\/lospoliticosveracruz.com.mx\/index.php?rest_route=\/wp\/v2\/posts\/50735","targetHints":{"allow":["GET"]}}],"collection":[{"href":"https:\/\/lospoliticosveracruz.com.mx\/index.php?rest_route=\/wp\/v2\/posts"}],"about":[{"href":"https:\/\/lospoliticosveracruz.com.mx\/index.php?rest_route=\/wp\/v2\/types\/post"}],"author":[{"embeddable":true,"href":"https:\/\/lospoliticosveracruz.com.mx\/index.php?rest_route=\/wp\/v2\/users\/2"}],"replies":[{"embeddable":true,"href":"https:\/\/lospoliticosveracruz.com.mx\/index.php?rest_route=%2Fwp%2Fv2%2Fcomments&post=50735"}],"version-history":[{"count":1,"href":"https:\/\/lospoliticosveracruz.com.mx\/index.php?rest_route=\/wp\/v2\/posts\/50735\/revisions"}],"predecessor-version":[{"id":50737,"href":"https:\/\/lospoliticosveracruz.com.mx\/index.php?rest_route=\/wp\/v2\/posts\/50735\/revisions\/50737"}],"wp:featuredmedia":[{"embeddable":true,"href":"https:\/\/lospoliticosveracruz.com.mx\/index.php?rest_route=\/wp\/v2\/media\/50736"}],"wp:attachment":[{"href":"https:\/\/lospoliticosveracruz.com.mx\/index.php?rest_route=%2Fwp%2Fv2%2Fmedia&parent=50735"}],"wp:term":[{"taxonomy":"category","embeddable":true,"href":"https:\/\/lospoliticosveracruz.com.mx\/index.php?rest_route=%2Fwp%2Fv2%2Fcategories&post=50735"},{"taxonomy":"post_tag","embeddable":true,"href":"https:\/\/lospoliticosveracruz.com.mx\/index.php?rest_route=%2Fwp%2Fv2%2Ftags&post=50735"}],"curies":[{"name":"wp","href":"https:\/\/api.w.org\/{rel}","templated":true}]}}