{"id":50777,"date":"2019-11-13T10:50:53","date_gmt":"2019-11-13T16:50:53","guid":{"rendered":"http:\/\/www.lospoliticosveracruz.com.mx\/?p=50777"},"modified":"2019-11-13T10:51:07","modified_gmt":"2019-11-13T16:51:07","slug":"evo-y-amlo-la-division","status":"publish","type":"post","link":"https:\/\/lospoliticosveracruz.com.mx\/?p=50777","title":{"rendered":"Evo y AMLO, la divisi\u00f3n"},"content":{"rendered":"<p><strong>Sergio Gonz\u00e1lez Levet<\/strong><\/p>\n<p><em>Sin tacto<\/em><\/p>\n<p>El asilo pol\u00edtico que brind\u00f3 el Gobierno de M\u00e9xico al presidente dimitido de Bolivia Evo Morales ha polarizado las opiniones de los conciudadanos que se expresan a trav\u00e9s de las redes sociales.<\/p>\n<p>Tal vez con una ligera ventaja de quienes se manifiestan en contra, casi mitad y mitad opinan de manera diferente en cuanto a esta decisi\u00f3n del presidente Andr\u00e9s Manuel L\u00f3pez Obrador, operada magistralmente -hay que reconocerlo- por Marcelo Ebrard (y conste que a\u00fan no es mi gallo para la lejana sucesi\u00f3n de 2024).<\/p>\n<p>Lleg\u00f3 Evo con su derrota y su cauda de sospechas, y la opini\u00f3n p\u00fablica se dividi\u00f3 en dos partes. Medio pa\u00eds aplaudi\u00f3 a AMLO porque sigui\u00f3 la tradici\u00f3n de M\u00e9xico como una naci\u00f3n que ha acogido siempre a quienes son perseguidos por sus ideas y\/o sus acciones pol\u00edticas. Y la otra mitad le reconviene al l\u00edder espiritual y real de Morena el que, en plena austeridad, est\u00e9 gastando dinero para traer, favorecer y sustentar a su correligionario ideol\u00f3gico.<\/p>\n<p>Un amigo periodista que vivi\u00f3 de cerca los a\u00f1os del arribo del poder de Hugo Ch\u00e1vez en Venezuela me contaba que a medida que transcurri\u00f3 su mandato, el pa\u00eds se fue dividiendo en dos mitades: una menos uno y la otra m\u00e1s uno, y que \u00e9sta \u00faltima era la de los seguidores de quien se estaba eternizando en el puesto. As\u00ed que Ch\u00e1vez ganaba las elecciones, incluso hasta limpiamente -si eso es posible- pero mandaba sobre una enorme cantidad de venezolanos que no estaban de acuerdo con \u00e9l y sus posturas.<\/p>\n<p>A Evo Morales le sucedi\u00f3 algo similar, porque en las tres primeras elecciones de sus sendos mandatos gan\u00f3 con un margen de unos cuantos puntos porcentuales por sobre la mitad, y ese margen se fue reduciendo, mientras pasaba el tiempo, al grado que para la de este a\u00f1o las mediciones de las encuestas dec\u00edan que por fin perder\u00eda la votaci\u00f3n. De ah\u00ed que mal decidiera hacer un fraude para garantizar su permanencia en el poder.<\/p>\n<p>E hicieron tan mal el cochupo electoral que todo el mundo lo not\u00f3, incluso la delegaci\u00f3n de observadores de la OEA, que exhibi\u00f3 las irregularidades que cometi\u00f3 el gobierno Evo\u00edsta, y fue una gota m\u00e1s que termin\u00f3 derramando el vaso de la paciencia ciudadana.<\/p>\n<p>De ah\u00ed vinieron las manifestaciones masivas y la ira ciudadana contra el presidente defraudador de la voluntad popular.<\/p>\n<p>Llega Evo a nuestro pa\u00eds como un asilado pol\u00edtico y, al igual que en otros grandes temas, M\u00e9xico tambi\u00e9n se empieza a dividir en dos grandes partes encontradas, despu\u00e9s de que en las elecciones de 2018 hubo un consenso de facto en favor de L\u00f3pez Obrador y sus propuestas en contra de la corrupci\u00f3n.<\/p>\n<p>Al igual que Hugo Ch\u00e1vez en su momento y que el propio Evo Morales, Andr\u00e9s Manuel ha visto que su popularidad y su aceptaci\u00f3n han ido bajando y que la c\u00f3moda ventaja de que disfrut\u00f3 Morena ahora se est\u00e1 convirtiendo en una lucha encarnizada por el peque\u00f1o margen despu\u00e9s del 50%.<\/p>\n<p>En 2021, con las elecciones intermedias, veremos qu\u00e9 tanto se ha mantenido la enorme aceptaci\u00f3n que tuvo Morena hace un a\u00f1o.<\/p>\n<p>Seguro que habr\u00e1 grandes sorpresas.<\/p>\n<p>&nbsp;<\/p>\n<p><a href=\"mailto:sglevet@gmail.com\">sglevet@gmail.com<\/a><\/p>\n","protected":false},"excerpt":{"rendered":"<p>Sergio Gonz\u00e1lez Levet Sin tacto El asilo pol\u00edtico que brind\u00f3 el Gobierno de M\u00e9xico al presidente dimitido de Bolivia Evo Morales ha polarizado las opiniones de los conciudadanos que se expresan a trav\u00e9s de las redes sociales. Tal vez con una ligera ventaja de quienes se manifiestan en contra, casi mitad y mitad opinan de [&hellip;]<\/p>\n","protected":false},"author":2,"featured_media":50778,"comment_status":"open","ping_status":"open","sticky":false,"template":"","format":"standard","meta":{"_jetpack_newsletter_access":"","_jetpack_dont_email_post_to_subs":false,"_jetpack_newsletter_tier_id":0,"_jetpack_memberships_contains_paywalled_content":false,"_jetpack_memberships_contains_paid_content":false,"footnotes":""},"categories":[70],"tags":[618,13257,1313,15735,11559,395,1282],"class_list":["post-50777","post","type-post","status-publish","format-standard","has-post-thumbnail","hentry","category-de-opinion","tag-andres-manuel-lopez-obrador","tag-bolivia","tag-evo-morales","tag-gobierno-de-mexico","tag-hugo-chavez","tag-mexico","tag-sergio-gonzalez-levet"],"jetpack_featured_media_url":"https:\/\/lospoliticosveracruz.com.mx\/wp-content\/uploads\/2019\/11\/Evo-AMLO.jpg","jetpack_sharing_enabled":true,"jetpack_shortlink":"https:\/\/wp.me\/p4Qcd3-dcZ","_links":{"self":[{"href":"https:\/\/lospoliticosveracruz.com.mx\/index.php?rest_route=\/wp\/v2\/posts\/50777","targetHints":{"allow":["GET"]}}],"collection":[{"href":"https:\/\/lospoliticosveracruz.com.mx\/index.php?rest_route=\/wp\/v2\/posts"}],"about":[{"href":"https:\/\/lospoliticosveracruz.com.mx\/index.php?rest_route=\/wp\/v2\/types\/post"}],"author":[{"embeddable":true,"href":"https:\/\/lospoliticosveracruz.com.mx\/index.php?rest_route=\/wp\/v2\/users\/2"}],"replies":[{"embeddable":true,"href":"https:\/\/lospoliticosveracruz.com.mx\/index.php?rest_route=%2Fwp%2Fv2%2Fcomments&post=50777"}],"version-history":[{"count":2,"href":"https:\/\/lospoliticosveracruz.com.mx\/index.php?rest_route=\/wp\/v2\/posts\/50777\/revisions"}],"predecessor-version":[{"id":50780,"href":"https:\/\/lospoliticosveracruz.com.mx\/index.php?rest_route=\/wp\/v2\/posts\/50777\/revisions\/50780"}],"wp:featuredmedia":[{"embeddable":true,"href":"https:\/\/lospoliticosveracruz.com.mx\/index.php?rest_route=\/wp\/v2\/media\/50778"}],"wp:attachment":[{"href":"https:\/\/lospoliticosveracruz.com.mx\/index.php?rest_route=%2Fwp%2Fv2%2Fmedia&parent=50777"}],"wp:term":[{"taxonomy":"category","embeddable":true,"href":"https:\/\/lospoliticosveracruz.com.mx\/index.php?rest_route=%2Fwp%2Fv2%2Fcategories&post=50777"},{"taxonomy":"post_tag","embeddable":true,"href":"https:\/\/lospoliticosveracruz.com.mx\/index.php?rest_route=%2Fwp%2Fv2%2Ftags&post=50777"}],"curies":[{"name":"wp","href":"https:\/\/api.w.org\/{rel}","templated":true}]}}