{"id":50838,"date":"2019-11-15T11:37:49","date_gmt":"2019-11-15T17:37:49","guid":{"rendered":"http:\/\/www.lospoliticosveracruz.com.mx\/?p=50838"},"modified":"2019-11-15T11:37:49","modified_gmt":"2019-11-15T17:37:49","slug":"pan-gana-morena-pierde-la-sociedad","status":"publish","type":"post","link":"https:\/\/lospoliticosveracruz.com.mx\/?p=50838","title":{"rendered":"PAN: gana MORENA, pierde la sociedad"},"content":{"rendered":"<p><b>Enrique\u00a0Yasser Pompeyo<\/b><\/p>\n<p><i>Mesa de Redacci\u00f3n<\/i><\/p>\n<p>Con la divisi\u00f3n del PAN en el estado y la fragmentaci\u00f3n de su Grupo Legislativo en el Congreso, el que gana es el Gobierno de MORENA, pero quien pierde es la sociedad.<\/p>\n<p>Si como se observa, Acci\u00f3n Nacional es el \u00fanico partido pol\u00edtico que podr\u00eda dar batalla en las elecciones de 2021 y 2024 en Veracruz, con esa lucha interna, sus oportunidades de triunfo disminuyen.<\/p>\n<p>Queda claro que la conformaci\u00f3n del Grupo Legislativo Mixto de Acci\u00f3n Nacional-Veracruz es una manera de presionar al nuevo dirigente estatal, Joaqu\u00edn Rosendo Guzm\u00e1n Avil\u00e9s para sentarse a negociar.<\/p>\n<p>De la bancada legislativa inicial conformada por 13 diputados, con esta fragmentaci\u00f3n, el nuevo grupo se queda con ocho: Montserrat Ortega Ruiz, Mar\u00eda de Jes\u00fas Mart\u00ednez D\u00edaz, Mar\u00eda Graciela Hern\u00e1ndez \u00cd\u00f1iguez, Mar\u00eda Josefina Gamboa Torales, Judith Pineda Andrade, Sergio Hern\u00e1ndez Hern\u00e1ndez, Ricardo Arturo Serna Barajas y Juan Manuel de Un\u00e1nue Abascal.<\/p>\n<p>La otra bancada tendr\u00e1 solamente cinco legisladores: Nora Jessica Lagunes, Omar Miranda Romero, Bingen Rementer\u00eda Molina, Enrique Cambranis Torres y Rodrigo Garc\u00eda Escalante.<\/p>\n<p>Con esta acci\u00f3n, Miguel \u00c1ngel Yunes Linares y Jos\u00e9 de Jes\u00fas Mancha Alarc\u00f3n buscan mantener presencia y pretenden sacar el mayor provecho con miras a las elecciones intermedias de 2021, pues est\u00e1n en juego las 212 alcald\u00edas, as\u00ed como la C\u00e1mara de Diputados y el Congreso del Estado.<\/p>\n<p>Sin embargo, el mensaje que dan los panistas hacia el exterior, a los veracruzanos, es el de un partido dividido por las pugnas para mantener el control del instituto pol\u00edtico.<\/p>\n<p>Medir fuerzas s\u00f3lo los llevar\u00e1 a una polarizaci\u00f3n que incidir\u00e1 en un desgaste y que mermar\u00e1 posibles triunfos en las urnas.<\/p>\n<p>El riesgo radica en que si no hay una oposici\u00f3n fuerte y unida, que represente una opci\u00f3n real para los ciudadanos, no habr\u00e1 posibilidades de una alternancia en el poder.<\/p>\n<p>Morena podr\u00eda, de esta manera, continuar con el control de los poderes Ejecutivo, Legislativo y hasta Judicial, as\u00ed como de los \u00f3rganos aut\u00f3nomos, principalmente la Fiscal\u00eda General del Estado.<\/p>\n<p>enriquepompeyo@hotmail.com<\/p>\n","protected":false},"excerpt":{"rendered":"<p>Enrique\u00a0Yasser Pompeyo Mesa de Redacci\u00f3n Con la divisi\u00f3n del PAN en el estado y la fragmentaci\u00f3n de su Grupo Legislativo en el Congreso, el que gana es el Gobierno de MORENA, pero quien pierde es la sociedad. Si como se observa, Acci\u00f3n Nacional es el \u00fanico partido pol\u00edtico que podr\u00eda dar batalla en las elecciones [&hellip;]<\/p>\n","protected":false},"author":2,"featured_media":50839,"comment_status":"open","ping_status":"open","sticky":false,"template":"","format":"standard","meta":{"_jetpack_newsletter_access":"","_jetpack_dont_email_post_to_subs":false,"_jetpack_newsletter_tier_id":0,"_jetpack_memberships_contains_paywalled_content":false,"_jetpack_memberships_contains_paid_content":false,"footnotes":""},"categories":[70],"tags":[11832,10989,14166,6923,10402,15742,6481],"class_list":["post-50838","post","type-post","status-publish","format-standard","has-post-thumbnail","hentry","category-de-opinion","tag-judith-pineda-andrade","tag-maria-de-jesus-martinez-diaz","tag-maria-graciela-hernandez-iniguez","tag-maria-josefina-gamboa-torales","tag-montserrat-ortega-ruiz","tag-ricardo-arturo-serna-barajas-y-juan-manuel-de-unanue-abascal","tag-sergio-hernandez-hernandez"],"jetpack_featured_media_url":"https:\/\/lospoliticosveracruz.com.mx\/wp-content\/uploads\/2019\/11\/D54B70BC-16D3-4FDB-9B9A-3F960116B456.jpeg","jetpack_sharing_enabled":true,"jetpack_shortlink":"https:\/\/wp.me\/p4Qcd3-ddY","_links":{"self":[{"href":"https:\/\/lospoliticosveracruz.com.mx\/index.php?rest_route=\/wp\/v2\/posts\/50838","targetHints":{"allow":["GET"]}}],"collection":[{"href":"https:\/\/lospoliticosveracruz.com.mx\/index.php?rest_route=\/wp\/v2\/posts"}],"about":[{"href":"https:\/\/lospoliticosveracruz.com.mx\/index.php?rest_route=\/wp\/v2\/types\/post"}],"author":[{"embeddable":true,"href":"https:\/\/lospoliticosveracruz.com.mx\/index.php?rest_route=\/wp\/v2\/users\/2"}],"replies":[{"embeddable":true,"href":"https:\/\/lospoliticosveracruz.com.mx\/index.php?rest_route=%2Fwp%2Fv2%2Fcomments&post=50838"}],"version-history":[{"count":1,"href":"https:\/\/lospoliticosveracruz.com.mx\/index.php?rest_route=\/wp\/v2\/posts\/50838\/revisions"}],"predecessor-version":[{"id":50840,"href":"https:\/\/lospoliticosveracruz.com.mx\/index.php?rest_route=\/wp\/v2\/posts\/50838\/revisions\/50840"}],"wp:featuredmedia":[{"embeddable":true,"href":"https:\/\/lospoliticosveracruz.com.mx\/index.php?rest_route=\/wp\/v2\/media\/50839"}],"wp:attachment":[{"href":"https:\/\/lospoliticosveracruz.com.mx\/index.php?rest_route=%2Fwp%2Fv2%2Fmedia&parent=50838"}],"wp:term":[{"taxonomy":"category","embeddable":true,"href":"https:\/\/lospoliticosveracruz.com.mx\/index.php?rest_route=%2Fwp%2Fv2%2Fcategories&post=50838"},{"taxonomy":"post_tag","embeddable":true,"href":"https:\/\/lospoliticosveracruz.com.mx\/index.php?rest_route=%2Fwp%2Fv2%2Ftags&post=50838"}],"curies":[{"name":"wp","href":"https:\/\/api.w.org\/{rel}","templated":true}]}}