{"id":50939,"date":"2019-11-20T23:00:53","date_gmt":"2019-11-21T05:00:53","guid":{"rendered":"http:\/\/www.lospoliticosveracruz.com.mx\/?p=50939"},"modified":"2019-11-20T14:28:08","modified_gmt":"2019-11-20T20:28:08","slug":"hernan-lopez","status":"publish","type":"post","link":"https:\/\/lospoliticosveracruz.com.mx\/?p=50939","title":{"rendered":"\u201cHern\u00e1n L\u00f3pez\u201d"},"content":{"rendered":"<p><strong>Salvador Mu\u00f1oz<\/strong><\/p>\n<p><em>Los Pol\u00edticos<\/em><\/p>\n<p><span style=\"font-weight: 400;\">Sin duda, Andr\u00e9s Manuel L\u00f3pez Obrador es un excelente seductor\u2026 con sus palabras. Bien pudiera parecer un tipo con un lenguaje reducido, coloquial, pobre, pero sin duda, sus comentarios tienen el mismo efecto en la poblaci\u00f3n y en los medios con la misma precisi\u00f3n y repercusi\u00f3n que alguna de las frases del Perro Berm\u00fadez o Martinoli, Campos y Garc\u00eda. Una sola palabra, un comentario, una frase de AMLO es capaz de hacer agenda pol\u00edtica y medi\u00e1tica, tanto a nivel nacional o internacional\u2026 \u00a1vamos! \u00a1Hasta uno hace l\u00edneas sobre ello!<\/span><\/p>\n<p><span style=\"font-weight: 400;\">Independientemente de la presentaci\u00f3n de su libro \u201cHacia una Econom\u00eda Moral\u201d (rengl\u00f3n aparte merece citar esa leyenda que habla de que reprob\u00f3 tres veces la materia de Econom\u00eda en la Universidad), es el pasaje que cita sobre Hern\u00e1n Cort\u00e9s y el primer fraude cometido en el \u201cNuevo Continente\u201d al autoproclamarse alcalde de la Villa Rica el que hizo ruido. Por supuesto, no pretendo explicar la estrategia pol\u00edtica que lleva al Conquistador a fundar el primer ayuntamiento de las nuevas tierras a colonizar, pero s\u00ed platicar que as\u00ed como es de ocurrente L\u00f3pez Obrador, trataremos explicar algunos pasajes de la historia \u201cporque tenemos otros datos\u201d, pero que podr\u00edan ayudarnos a entender nuestro hoy o al menos, re\u00edrnos un poco&#8230;<\/span><\/p>\n<p><span style=\"font-weight: 400;\">1.- Ca\u00edn cometi\u00f3 el primer homicidio en la tierra, pero lo perdon\u00f3 su mamacita y no pis\u00f3 la c\u00e1rcel porque do\u00f1a Eva amenaz\u00f3 con tomar el Para\u00edso y bajarse todas las manzanas del \u00e1rbol\u2026 \u00a1qu\u00e9 bueno que no fueron guayabas! As\u00ed que fue dejado en libertad.<\/span><\/p>\n<p><span style=\"font-weight: 400;\">\u00a1Ah chingao! Creo que me fui muy atr\u00e1s en la historia\u2026 \u00a1va de nuez!<\/span><\/p>\n<p><span style=\"font-weight: 400;\">2.- Antes que Andr\u00e9s Manuel se pasara del PRI al PRD y luego a Morena, hubo otro pol\u00edtico, o m\u00e1s bien una pol\u00edtica, que se pas\u00f3 del Partido Maya al Partido Espa\u00f1ol: La Malinche\u2026 \u00bfla primera chaquetera?<\/span><\/p>\n<p><span style=\"font-weight: 400;\">3.- Al igual que Hern\u00e1n Cort\u00e9s se autonombr\u00f3 alcalde de la Villa Rica, hay que recordar que en el 2006, L\u00f3pez Obrador se autoproclam\u00f3 Presidente Leg\u00edtimo de M\u00e9xico\u2026 \u00bfvale como fraude?<\/span><\/p>\n<p><span style=\"font-weight: 400;\">4.- As\u00ed como los totonacas se unieron a Hern\u00e1n Cort\u00e9s para derrocar a los mexicas, los \u201ctotochairos\u201d se aliaron al Conquistador L\u00f3pez para derrocar a los neoliberales\u2026 \u00bfHablamos de alianzas?<\/span><\/p>\n<p><span style=\"font-weight: 400;\">5.- El gobernador de Cuba, Diego Vel\u00e1zquez, tuvo serios conflictos con Hern\u00e1n Cort\u00e9s, precisamente como los tiene ahora el dirigente del PAN, Joaqu\u00edn Guzm\u00e1n Avil\u00e9s con sus rebeldes diputados\u2026 \u00bflibertad de pensamiento al interior de la democracia?<\/span><\/p>\n<p><span style=\"font-weight: 400;\">6.- Como en las cl\u00e1sicas ma\u00f1aneras, Moctezuma sali\u00f3 a pedir a los ciudadanos que \u201cle bajaran tres rayitas\u201d a los ataques contra los espa\u00f1oles y fue recibido con una piedra en la frente\u2026 en estos tiempos modernos, \u00bflas encuestas son las pedradas\u2026?<\/span><\/p>\n<p><span style=\"font-weight: 400;\">7.- Del mismo modo como Moctezuma Xocoyotzin crey\u00f3 que Hern\u00e1n Cort\u00e9s era Quetzalcoatl, millones de mexicanos creen que AMLO es el Mes\u00edas\u2026 \u00bfles cuento el final de la historia?<\/span><\/p>\n<p><span style=\"font-weight: 400;\">La bandera que maneja L\u00f3pez Obrador y muchos de nuestros pol\u00edticos, est\u00e9n en el poder o en la oposici\u00f3n, sigue siendo la Corrupci\u00f3n como la madre de todos los males que aquejan a nuestro M\u00e9xico\u2026 es posible que de cierto modo tenga raz\u00f3n el escritor Andr\u00e9s Manuel, aunque a estas alturas, donde diversos mecanismos permiten exponer al corrupto de una y mil formas, se pudiera decir que la Corrupci\u00f3n ya no es el problema principal que los mexicanos sufrimos\u2026 pensemos mejor en la Impunidad&#8230; en la Impunidad de quienes matan a soldados, polic\u00edas, guardias nacionales, a mujeres y ni\u00f1os, o esos pol\u00edticos que gozan de privilegios desde su c\u00e1rcel\u2026 o los otros que viven sus romances utilizando las mismas cremas que sus conquistas\u2026 s\u00ed, \u00e9sos que a pesar de ser corruptos son intocables, porque es m\u00e1s f\u00e1cil atacar a los \u201cneoliberales\u201d o \u201cfif\u00eds\u201d y brindar \u201cabrazos y no balazos\u201d a los que realmente lastiman a M\u00e9xico que ir sobre la Mafia del Poder que tanto se critic\u00f3 a sabiendas de que acabas siendo lo que m\u00e1s criticaste.\u00a0<\/span><\/p>\n<p><span style=\"font-weight: 400;\">Si Hern\u00e1n Cort\u00e9s fue el primer fraude en estas nuevas tierras, con su actuaci\u00f3n hasta el momento, pudi\u00e9ramos decir entonces que L\u00f3pez Obrador es el fiasco m\u00e1s terrible en la historia moderna de M\u00e9xico, superando con creces a Vicente Fox\u2026 o sea, nuestro \u201cHern\u00e1n L\u00f3pez\u201d de hoy.<\/span><\/p>\n<p>&nbsp;<\/p>\n<p><span style=\"font-weight: 400;\">smcainito@gmail.com<\/span><\/p>\n","protected":false},"excerpt":{"rendered":"<p>Salvador Mu\u00f1oz Los Pol\u00edticos Sin duda, Andr\u00e9s Manuel L\u00f3pez Obrador es un excelente seductor\u2026 con sus palabras. Bien pudiera parecer un tipo con un lenguaje reducido, coloquial, pobre, pero sin duda, sus comentarios tienen el mismo efecto en la poblaci\u00f3n y en los medios con la misma precisi\u00f3n y repercusi\u00f3n que alguna de las frases [&hellip;]<\/p>\n","protected":false},"author":2,"featured_media":50944,"comment_status":"open","ping_status":"open","sticky":false,"template":"","format":"standard","meta":{"_jetpack_newsletter_access":"","_jetpack_dont_email_post_to_subs":false,"_jetpack_newsletter_tier_id":0,"_jetpack_memberships_contains_paywalled_content":false,"_jetpack_memberships_contains_paid_content":false,"footnotes":""},"categories":[70],"tags":[618,15774,3506,13549,2646],"class_list":["post-50939","post","type-post","status-publish","format-standard","has-post-thumbnail","hentry","category-de-opinion","tag-andres-manuel-lopez-obrador","tag-hacia-una-economia-moral","tag-hernan-cortes","tag-perro-bermudez","tag-salvador-munoz"],"jetpack_featured_media_url":"https:\/\/lospoliticosveracruz.com.mx\/wp-content\/uploads\/2019\/11\/AMLO-Cort\u00e9s.jpeg","jetpack_sharing_enabled":true,"jetpack_shortlink":"https:\/\/wp.me\/p4Qcd3-dfB","_links":{"self":[{"href":"https:\/\/lospoliticosveracruz.com.mx\/index.php?rest_route=\/wp\/v2\/posts\/50939","targetHints":{"allow":["GET"]}}],"collection":[{"href":"https:\/\/lospoliticosveracruz.com.mx\/index.php?rest_route=\/wp\/v2\/posts"}],"about":[{"href":"https:\/\/lospoliticosveracruz.com.mx\/index.php?rest_route=\/wp\/v2\/types\/post"}],"author":[{"embeddable":true,"href":"https:\/\/lospoliticosveracruz.com.mx\/index.php?rest_route=\/wp\/v2\/users\/2"}],"replies":[{"embeddable":true,"href":"https:\/\/lospoliticosveracruz.com.mx\/index.php?rest_route=%2Fwp%2Fv2%2Fcomments&post=50939"}],"version-history":[{"count":2,"href":"https:\/\/lospoliticosveracruz.com.mx\/index.php?rest_route=\/wp\/v2\/posts\/50939\/revisions"}],"predecessor-version":[{"id":50945,"href":"https:\/\/lospoliticosveracruz.com.mx\/index.php?rest_route=\/wp\/v2\/posts\/50939\/revisions\/50945"}],"wp:featuredmedia":[{"embeddable":true,"href":"https:\/\/lospoliticosveracruz.com.mx\/index.php?rest_route=\/wp\/v2\/media\/50944"}],"wp:attachment":[{"href":"https:\/\/lospoliticosveracruz.com.mx\/index.php?rest_route=%2Fwp%2Fv2%2Fmedia&parent=50939"}],"wp:term":[{"taxonomy":"category","embeddable":true,"href":"https:\/\/lospoliticosveracruz.com.mx\/index.php?rest_route=%2Fwp%2Fv2%2Fcategories&post=50939"},{"taxonomy":"post_tag","embeddable":true,"href":"https:\/\/lospoliticosveracruz.com.mx\/index.php?rest_route=%2Fwp%2Fv2%2Ftags&post=50939"}],"curies":[{"name":"wp","href":"https:\/\/api.w.org\/{rel}","templated":true}]}}