{"id":51054,"date":"2019-11-26T23:00:56","date_gmt":"2019-11-27T05:00:56","guid":{"rendered":"http:\/\/www.lospoliticosveracruz.com.mx\/?p=51054"},"modified":"2019-11-26T18:41:22","modified_gmt":"2019-11-27T00:41:22","slug":"veracruz-emergencia-nacional","status":"publish","type":"post","link":"https:\/\/lospoliticosveracruz.com.mx\/?p=51054","title":{"rendered":"Veracruz: Emergencia Nacional"},"content":{"rendered":"<p><strong>Brenda Caballero<\/strong><\/p>\n<p><span style=\"font-weight: 400;\"><em>N\u00fameros Rojos<\/em>\u00a0<\/span><\/p>\n<p><span style=\"font-weight: 400;\">\u00a1Ch\u00e9cate la Encuesta de Feminicidios! \u00a1Xalapa est\u00e1 en sexto lugar! Me dice un amigo de la Ciudad de M\u00e9xico mientras me anexa el archivo sobre la Informaci\u00f3n sobre violencia contra las Mujeres del Secretariado Ejecutivo del Sistema Nacional de Seguridad P\u00fablica con corte al 31 de octubre de 2019.<\/span><\/p>\n<p><span style=\"font-weight: 400;\">El documento de 98 p\u00e1ginas relaciona la dimensi\u00f3n de la incidencia delictiva total en el pa\u00eds, los delitos y las llamadas de emergencia al 911 de\u00a0 mujeres que sufrieron determinado tipo de violencia, ya sea acoso, hostigamiento, violaci\u00f3n, violencia de pareja o violencia familiar.<\/span><\/p>\n<p><span style=\"font-weight: 400;\">Para poder hacer este documento se necesitan los datos de las denuncias ante el ministerio p\u00fablico de las 32 entidades federativas e incluye diversos delitos que sufren las mujeres (entre ellos el feminicidio) y las llamadas que provienen de los 194 Centros de Atenci\u00f3n de Llamadas de Emergencia.<\/span><\/p>\n<p><span style=\"font-weight: 400;\">Desde febrero de 2018, este informe se publica el 25 de cada mes, el D\u00eda que conocemos como D\u00eda Naranja y se llevan acciones para combatir la violencia contra las mujeres.<\/span><\/p>\n<p><span style=\"font-weight: 400;\">Es interesante entender lo que dice el documento, ya que las variaciones que muestra pueden ser por la reclasificaci\u00f3n del delito sin que signifique una variaci\u00f3n de la incidencia delictiva total, sino eventualmente es por la reclasificaci\u00f3n de la informaci\u00f3n. Es por ello que pudieran variar con respecto a los meses anteriores y no como muchas veces decimos que los \u201cfeminicidios bajaron\u201d.<\/span><\/p>\n<p><span style=\"font-weight: 400;\">Ahora bien, con respecto a las estad\u00edsticas de Llamadas, en el pa\u00eds, en orden descendente, se tienen las de violencia familiar seguido de violencia de pareja, violencia contra la mujer, acoso u hostigamiento sexual, abuso sexual y en \u00faltimo lugar, las de violaci\u00f3n. Con estos datos que si bien apenas representan una muestra m\u00ednima nos hace entender que las mujeres ni en su casa est\u00e1n seguras. \u00bfC\u00f3mo protegerlas en su propio hogar? \u00bfPuede el estado hacerlo? En realidad lo \u00fanico que puede hacer el gobierno es mandar lo m\u00e1s pronto posible apoyo a su domicilio, tal vez una patrulla; sin embargo, es la propia mujer la que debe primero aceptar que es v\u00edctima de violencia familiar o de pareja y posteriormente denunciar a su agresor, ahora s\u00ed, para que el estado pueda intervenir.<\/span><\/p>\n<p><span style=\"font-weight: 400;\">Lo que s\u00ed me pone los pelos de punta es una gr\u00e1fica de barras titulada Presuntos Delitos de Feminicidio Estatal (Enero-Octubre 2019). En ella se aprecia al estado de Veracruz encabezar las 32 entidades con 147 casos. En el otro extremo de la gr\u00e1fica, aparece Baja California Sur con Cero casos.\u00a0 El ver la gr\u00e1fica me preocupa, \u00bfqu\u00e9 factores pueden hacer que las cifras se disparen de manera alarmante en comparaci\u00f3n con otros estados? Las cifras se han multiplicado en el estado, incluso la capital, Xalapa, aparece en sexto lugar de 100 municipios con presuntos delitos de feminicidio, le siguen Coatzacoalcos, C\u00f3rdoba, Veracruz, Emiliano Zapata, Minatitl\u00e1n, Tuxpan, Coatepec, Papantla, Tierra Blanca, Acayucan, Agua Dulce, Huatusco, Mart\u00ednez de la Torre, Poza Rica, R\u00edo Blanco y Tihuatl\u00e1n.<\/span><\/p>\n<p><span style=\"font-weight: 400;\">Creo que lo que est\u00e1 pasando en Veracruz debe ser un foco roj\u00edsimo para el gobierno federal, pues si bien no deber\u00edamos normalizar las cifras de los feminicidios, s\u00ed deber\u00eda atenderse esa cifra abismal de diferencia entre los otros estados. Tal pareciera que el promedio ha sido rebasado.<\/span><\/p>\n<p><span style=\"font-weight: 400;\">Es verdad, el gobierno ha llevado a cabo acciones para tratar de frenar los asesinatos de mujeres, sin embargo no es suficiente; si bien se dan talleres, conferencias, pl\u00e1ticas para erradicar la violencia y concientizar a la poblaci\u00f3n, debe tomarse en cuenta que son los mismos los que siempre asisten a este tipo de eventos. Es necesario implementar acciones que lleguen a otros sectores de la poblaci\u00f3n, a una poblaci\u00f3n diferente.<\/span><\/p>\n<p><span style=\"font-weight: 400;\">Vuelvo a ver la gr\u00e1fica. Y pienso \u00bfQu\u00e9 factores pueden hacer que las cifras se disparen de manera alarmante en el estado? Habr\u00eda que voltear a ver el incremento de la pornograf\u00eda en internet, el consumo de drogas y hasta las posibles redes de trata de blancas. Posiblemente tengan una relaci\u00f3n, pero de que hay una Emergencia Nacional en Veracruz por Feminicidios, la hay.<\/span><\/p>\n<p>&nbsp;<\/p>\n<p><span style=\"font-weight: 400;\">NumerosRojos_BC<\/span><\/p>\n<p><span style=\"font-weight: 400;\">caballero_brenda@hotmail.com<\/span><\/p>\n<p>&nbsp;<\/p>\n","protected":false},"excerpt":{"rendered":"<p>Brenda Caballero N\u00fameros Rojos\u00a0 \u00a1Ch\u00e9cate la Encuesta de Feminicidios! \u00a1Xalapa est\u00e1 en sexto lugar! Me dice un amigo de la Ciudad de M\u00e9xico mientras me anexa el archivo sobre la Informaci\u00f3n sobre violencia contra las Mujeres del Secretariado Ejecutivo del Sistema Nacional de Seguridad P\u00fablica con corte al 31 de octubre de 2019. El documento [&hellip;]<\/p>\n","protected":false},"author":2,"featured_media":51055,"comment_status":"open","ping_status":"open","sticky":false,"template":"","format":"standard","meta":{"_jetpack_newsletter_access":"","_jetpack_dont_email_post_to_subs":false,"_jetpack_newsletter_tier_id":0,"_jetpack_memberships_contains_paywalled_content":false,"_jetpack_memberships_contains_paid_content":false,"footnotes":""},"categories":[70],"tags":[103,2687,277,371,751,12232,469,826,2398,15813,963,373,3315,1267,15816,4445,1056,3198,4153,203,195,96],"class_list":["post-51054","post","type-post","status-publish","format-standard","has-post-thumbnail","hentry","category-de-opinion","tag-acayucan","tag-brenda-caballero","tag-coatepec","tag-coatzacoalcos","tag-cordoba","tag-dia-naranja","tag-emiliano-zapata","tag-feminicidios","tag-huatusco","tag-llamadas-de-emergencia","tag-martinez-de-la-torre","tag-minatitlan","tag-papantla","tag-poza-rica","tag-presuntos-delitos-de-feminicidio-estatal","tag-rio-blanco","tag-sistema-nacional-de-seguridad-publica","tag-tierra-blanca","tag-tihuatlan","tag-tuxpan","tag-veracruz","tag-xalapa"],"jetpack_featured_media_url":"https:\/\/lospoliticosveracruz.com.mx\/wp-content\/uploads\/2019\/11\/Feminicidios.jpg","jetpack_sharing_enabled":true,"jetpack_shortlink":"https:\/\/wp.me\/p4Qcd3-dhs","_links":{"self":[{"href":"https:\/\/lospoliticosveracruz.com.mx\/index.php?rest_route=\/wp\/v2\/posts\/51054","targetHints":{"allow":["GET"]}}],"collection":[{"href":"https:\/\/lospoliticosveracruz.com.mx\/index.php?rest_route=\/wp\/v2\/posts"}],"about":[{"href":"https:\/\/lospoliticosveracruz.com.mx\/index.php?rest_route=\/wp\/v2\/types\/post"}],"author":[{"embeddable":true,"href":"https:\/\/lospoliticosveracruz.com.mx\/index.php?rest_route=\/wp\/v2\/users\/2"}],"replies":[{"embeddable":true,"href":"https:\/\/lospoliticosveracruz.com.mx\/index.php?rest_route=%2Fwp%2Fv2%2Fcomments&post=51054"}],"version-history":[{"count":1,"href":"https:\/\/lospoliticosveracruz.com.mx\/index.php?rest_route=\/wp\/v2\/posts\/51054\/revisions"}],"predecessor-version":[{"id":51056,"href":"https:\/\/lospoliticosveracruz.com.mx\/index.php?rest_route=\/wp\/v2\/posts\/51054\/revisions\/51056"}],"wp:featuredmedia":[{"embeddable":true,"href":"https:\/\/lospoliticosveracruz.com.mx\/index.php?rest_route=\/wp\/v2\/media\/51055"}],"wp:attachment":[{"href":"https:\/\/lospoliticosveracruz.com.mx\/index.php?rest_route=%2Fwp%2Fv2%2Fmedia&parent=51054"}],"wp:term":[{"taxonomy":"category","embeddable":true,"href":"https:\/\/lospoliticosveracruz.com.mx\/index.php?rest_route=%2Fwp%2Fv2%2Fcategories&post=51054"},{"taxonomy":"post_tag","embeddable":true,"href":"https:\/\/lospoliticosveracruz.com.mx\/index.php?rest_route=%2Fwp%2Fv2%2Ftags&post=51054"}],"curies":[{"name":"wp","href":"https:\/\/api.w.org\/{rel}","templated":true}]}}