{"id":51156,"date":"2019-12-01T19:59:03","date_gmt":"2019-12-02T01:59:03","guid":{"rendered":"http:\/\/www.lospoliticosveracruz.com.mx\/?p=51156"},"modified":"2019-12-01T20:02:05","modified_gmt":"2019-12-02T02:02:05","slug":"en-cada-municipio-inconformidad-con-el-gobierno-de-amlo-marlon","status":"publish","type":"post","link":"https:\/\/lospoliticosveracruz.com.mx\/?p=51156","title":{"rendered":"En cada municipio visitado, inconformidad con el gobierno de AMLO: Marlon"},"content":{"rendered":"<p><b>*-Contin\u00faan las tomas de protesta de integrantes de Consejos Pol\u00edticos Municipales del PRI en Veracruz.*<\/b><\/p>\n<p>El presidente del Comit\u00e9 Directivo Estatal del PRI en Veracruz, Marlon Ram\u00edrez Mar\u00edn, manifest\u00f3 en Tehuipango\u00a0que el pa\u00eds necesita una oposici\u00f3n fuerte, estructurada y responsable, que se\u00f1ale, trabaje, defienda y proponga en favor de las y los ciudadanos.<\/p>\n<p>En este sentido, indic\u00f3 que el PRI en la entidad, contin\u00faa fortaleciendo su estructura con la toma de protesta de los integrantes de los primeros Consejos Pol\u00edticos Municipales electos de manera directa por la militancia.<br \/>\nDurante gira de trabajo, agradeci\u00f3 la participaci\u00f3n de militantes y representantes de sectores y organizaciones que han participado en estos procesos de renovaci\u00f3n, este fin de semana en: Ixtaczoquitl\u00e1n, \u00c1lamo, Coxquihui, Perote, Coatzintla, R\u00edo Blanco, Coatepec, Maltrata, Puente Nacional, Poza Rica, entre otros.<\/p>\n<p>Por otra parte, reiter\u00f3 que la dirigencia estatal del CDE en Veracruz, se congratula con el trabajo realizado en los primeros cien d\u00edas de la dirigencia nacional del PRI, encabezada por Alejandro Moreno C\u00e1rdenas y Carolina Viggiano Austria, presidente y secretaria general, y que se contin\u00faa con un trabajo de cercan\u00eda a la gente, tal y como se prometi\u00f3 en campa\u00f1a.<\/p>\n<p>Marlon Ram\u00edrez manifest\u00f3 respecto al primer a\u00f1o de gobierno federal encabezado por Andr\u00e9s Manuel L\u00f3pez Obrador, que a nivel nacional son m\u00e1s de las 20 mil personas de las que salieron a marchar hoy en el paseo de la Reforma, las que est\u00e1n en contra de las decisiones que ha tomado y que esto se nota en cada municipio y localidad de la entidad veracruzana que visita.<\/p>\n","protected":false},"excerpt":{"rendered":"<p>*-Contin\u00faan las tomas de protesta de integrantes de Consejos Pol\u00edticos Municipales del PRI en Veracruz.* El presidente del Comit\u00e9 Directivo Estatal del PRI en Veracruz, Marlon Ram\u00edrez Mar\u00edn, manifest\u00f3 en Tehuipango\u00a0que el pa\u00eds necesita una oposici\u00f3n fuerte, estructurada y responsable, que se\u00f1ale, trabaje, defienda y proponga en favor de las y los ciudadanos. En este [&hellip;]<\/p>\n","protected":false},"author":2,"featured_media":51157,"comment_status":"open","ping_status":"open","sticky":false,"template":"","format":"standard","meta":{"_jetpack_newsletter_access":"","_jetpack_dont_email_post_to_subs":false,"_jetpack_newsletter_tier_id":0,"_jetpack_memberships_contains_paywalled_content":false,"_jetpack_memberships_contains_paid_content":false,"footnotes":""},"categories":[73],"tags":[618,2908,251,195],"class_list":["post-51156","post","type-post","status-publish","format-standard","has-post-thumbnail","hentry","category-de-boleto","tag-andres-manuel-lopez-obrador","tag-marlon-ramirez-marin","tag-pri","tag-veracruz"],"jetpack_featured_media_url":"https:\/\/lospoliticosveracruz.com.mx\/wp-content\/uploads\/2019\/12\/24694915-2BC8-48ED-A9A9-3F602F3A197B.jpeg","jetpack_sharing_enabled":true,"jetpack_shortlink":"https:\/\/wp.me\/p4Qcd3-dj6","_links":{"self":[{"href":"https:\/\/lospoliticosveracruz.com.mx\/index.php?rest_route=\/wp\/v2\/posts\/51156","targetHints":{"allow":["GET"]}}],"collection":[{"href":"https:\/\/lospoliticosveracruz.com.mx\/index.php?rest_route=\/wp\/v2\/posts"}],"about":[{"href":"https:\/\/lospoliticosveracruz.com.mx\/index.php?rest_route=\/wp\/v2\/types\/post"}],"author":[{"embeddable":true,"href":"https:\/\/lospoliticosveracruz.com.mx\/index.php?rest_route=\/wp\/v2\/users\/2"}],"replies":[{"embeddable":true,"href":"https:\/\/lospoliticosveracruz.com.mx\/index.php?rest_route=%2Fwp%2Fv2%2Fcomments&post=51156"}],"version-history":[{"count":3,"href":"https:\/\/lospoliticosveracruz.com.mx\/index.php?rest_route=\/wp\/v2\/posts\/51156\/revisions"}],"predecessor-version":[{"id":51160,"href":"https:\/\/lospoliticosveracruz.com.mx\/index.php?rest_route=\/wp\/v2\/posts\/51156\/revisions\/51160"}],"wp:featuredmedia":[{"embeddable":true,"href":"https:\/\/lospoliticosveracruz.com.mx\/index.php?rest_route=\/wp\/v2\/media\/51157"}],"wp:attachment":[{"href":"https:\/\/lospoliticosveracruz.com.mx\/index.php?rest_route=%2Fwp%2Fv2%2Fmedia&parent=51156"}],"wp:term":[{"taxonomy":"category","embeddable":true,"href":"https:\/\/lospoliticosveracruz.com.mx\/index.php?rest_route=%2Fwp%2Fv2%2Fcategories&post=51156"},{"taxonomy":"post_tag","embeddable":true,"href":"https:\/\/lospoliticosveracruz.com.mx\/index.php?rest_route=%2Fwp%2Fv2%2Ftags&post=51156"}],"curies":[{"name":"wp","href":"https:\/\/api.w.org\/{rel}","templated":true}]}}