{"id":51161,"date":"2019-12-01T20:21:02","date_gmt":"2019-12-02T02:21:02","guid":{"rendered":"http:\/\/www.lospoliticosveracruz.com.mx\/?p=51161"},"modified":"2019-12-01T20:21:02","modified_gmt":"2019-12-02T02:21:02","slug":"la-seguridad-en-coatepec","status":"publish","type":"post","link":"https:\/\/lospoliticosveracruz.com.mx\/?p=51161","title":{"rendered":"La seguridad en Coatepec"},"content":{"rendered":"<p><b>Enrique Yasser Pompeyo<\/b><\/p>\n<p><i>Mesa de Redacci\u00f3n<\/i><\/p>\n<p>Ante algunos hechos delincuenciales que se han registrado en Coatepec, las autoridades locales refuerzan las acciones para brindar certidumbre a los ciudadanos.<\/p>\n<p>Como resultado del trabajo de la Polic\u00eda municipal, los delitos del fuero com\u00fan han disminuido, pues en 2017, la cifra rebasaba los 100 y este a\u00f1o se redujeron aproximadamente 70 por ciento, de acuerdo con datos del Consejo Estatal de Seguridad P\u00fablica.<\/p>\n<p>Adem\u00e1s, la Polic\u00eda del Pueblo M\u00e1gico trabaja de manera coordinada con las dem\u00e1s corporaciones, tanto de la Federaci\u00f3n como las del Estado.<\/p>\n<p>El alcalde Enrique Fern\u00e1ndez Peredo sabe que la seguridad es fundamental, por lo que para ese rubro, la inversi\u00f3n tan s\u00f3lo en este a\u00f1o ha sido de m\u00e1s de treinta y cuatro millones de pesos.<\/p>\n<p>Recientemente, el presidente municipal hizo la entrega de equipamiento y uniformes, as\u00ed como equipo terrestre, armamento y municiones.<\/p>\n<p>Cabe destacar que Coatepec contar\u00e1 con un nuevo sistema de telecomunicaciones de \u00faltima generaci\u00f3n, con un monto aproximado de seis millones de pesos, con capacidad de enlazarse a la red nacional de datos y al C4 del Estado.<\/p>\n<p>De esta manera, el municipio va a tener una infraestructura propia casi al nivel del estado en materia de telecomunicaciones, no solamente radiocomunicaci\u00f3n y vigilancia, sino tambi\u00e9n para transmisi\u00f3n de datos.<\/p>\n<p>Aunado a ello, se podr\u00e1 disponer del sistema Plataforma M\u00e9xico, el cual permitir\u00e1 una acci\u00f3n reactiva y de identificaci\u00f3n de riesgos en los operativos que se realizan.<\/p>\n<p>Coatepec tambi\u00e9n ser\u00e1 uno de los primeros municipios de la entidad que cuente con polic\u00edas certificados, con Clave \u00danica Policial CUP y Licencia Oficial Colectiva.<\/p>\n<p>Todas estas acciones tienen como objetivo brindar confianza a los habitantes, pero tambi\u00e9n a los turistas y a los inversionistas, de manera que el Pueblo M\u00e1gico siga siendo referencia en el estado de Veracruz.<\/p>\n<p>enriquepompeyo@hotmail.com<\/p>\n","protected":false},"excerpt":{"rendered":"<p>Enrique Yasser Pompeyo Mesa de Redacci\u00f3n Ante algunos hechos delincuenciales que se han registrado en Coatepec, las autoridades locales refuerzan las acciones para brindar certidumbre a los ciudadanos. Como resultado del trabajo de la Polic\u00eda municipal, los delitos del fuero com\u00fan han disminuido, pues en 2017, la cifra rebasaba los 100 y este a\u00f1o se [&hellip;]<\/p>\n","protected":false},"author":2,"featured_media":51162,"comment_status":"open","ping_status":"open","sticky":false,"template":"","format":"standard","meta":{"_jetpack_newsletter_access":"","_jetpack_dont_email_post_to_subs":false,"_jetpack_newsletter_tier_id":0,"_jetpack_memberships_contains_paywalled_content":false,"_jetpack_memberships_contains_paid_content":false,"footnotes":""},"categories":[1],"tags":[277,360],"class_list":["post-51161","post","type-post","status-publish","format-standard","has-post-thumbnail","hentry","category-sin-categoria","tag-coatepec","tag-seguridad"],"jetpack_featured_media_url":"https:\/\/lospoliticosveracruz.com.mx\/wp-content\/uploads\/2019\/12\/E3A0CE9E-705F-4FF8-A258-E82AC4B250CA.jpeg","jetpack_sharing_enabled":true,"jetpack_shortlink":"https:\/\/wp.me\/p4Qcd3-djb","_links":{"self":[{"href":"https:\/\/lospoliticosveracruz.com.mx\/index.php?rest_route=\/wp\/v2\/posts\/51161","targetHints":{"allow":["GET"]}}],"collection":[{"href":"https:\/\/lospoliticosveracruz.com.mx\/index.php?rest_route=\/wp\/v2\/posts"}],"about":[{"href":"https:\/\/lospoliticosveracruz.com.mx\/index.php?rest_route=\/wp\/v2\/types\/post"}],"author":[{"embeddable":true,"href":"https:\/\/lospoliticosveracruz.com.mx\/index.php?rest_route=\/wp\/v2\/users\/2"}],"replies":[{"embeddable":true,"href":"https:\/\/lospoliticosveracruz.com.mx\/index.php?rest_route=%2Fwp%2Fv2%2Fcomments&post=51161"}],"version-history":[{"count":1,"href":"https:\/\/lospoliticosveracruz.com.mx\/index.php?rest_route=\/wp\/v2\/posts\/51161\/revisions"}],"predecessor-version":[{"id":51163,"href":"https:\/\/lospoliticosveracruz.com.mx\/index.php?rest_route=\/wp\/v2\/posts\/51161\/revisions\/51163"}],"wp:featuredmedia":[{"embeddable":true,"href":"https:\/\/lospoliticosveracruz.com.mx\/index.php?rest_route=\/wp\/v2\/media\/51162"}],"wp:attachment":[{"href":"https:\/\/lospoliticosveracruz.com.mx\/index.php?rest_route=%2Fwp%2Fv2%2Fmedia&parent=51161"}],"wp:term":[{"taxonomy":"category","embeddable":true,"href":"https:\/\/lospoliticosveracruz.com.mx\/index.php?rest_route=%2Fwp%2Fv2%2Fcategories&post=51161"},{"taxonomy":"post_tag","embeddable":true,"href":"https:\/\/lospoliticosveracruz.com.mx\/index.php?rest_route=%2Fwp%2Fv2%2Ftags&post=51161"}],"curies":[{"name":"wp","href":"https:\/\/api.w.org\/{rel}","templated":true}]}}