{"id":51168,"date":"2019-12-02T09:09:37","date_gmt":"2019-12-02T15:09:37","guid":{"rendered":"http:\/\/www.lospoliticosveracruz.com.mx\/?p=51168"},"modified":"2019-12-02T09:09:37","modified_gmt":"2019-12-02T15:09:37","slug":"su-primer-ano-envuelto-en-sangre","status":"publish","type":"post","link":"https:\/\/lospoliticosveracruz.com.mx\/?p=51168","title":{"rendered":"Su primer a\u00f1o, envuelto en sangre"},"content":{"rendered":"<p><strong>Ricardo Ch\u00faa<\/strong><\/p>\n<p><em>Sale y Vale<\/em><\/p>\n<p>OJO&#8230; A un a\u00f1o de haber tomado posesi\u00f3n como gobernador a Cuitl\u00e1huac Garc\u00eda Jim\u00e9nez, el tema de los feminicidios no lo deja dormir, descansar o gobernar&#8230; La violencia ya es un LEGADO DE SU ADMINISTRACI\u00d3N porque lleva m\u00e1s de 365 d\u00edas en el poder y las cosas est\u00e1n peor que con Duarte o Yunes&#8230; Casi llegan a los 200 cr\u00edmenes de mujeres en su gobierno&#8230; Y ayer le \u00abcelebraron\u00bb su a\u00f1o con otro caso m\u00e1s en Coatzacoalcos&#8230; Una v\u00edctima asesinada presuntamente a pu\u00f1aladas&#8230; Parte de su \u00abfestejo\u00bb de su \u00abprimer aniversario\u00bb..<\/p>\n<p>Para acabarla en este domingo de su PRIMER A\u00d1O de gobernador&#8230; La propia Secretar\u00eda de Gobernaci\u00f3n le \u00abreceta\u00bb que en Veracruz las v\u00edctimas de VIOLENCIA FAMILIAR, al menos, 9 de cada 10 son mujeres, y que estos casos crecen cada vez m\u00e1s&#8230; Y, no hay para cuando detenerla&#8230; Y para acabar el d\u00eda, adem\u00e1s de baleados en Xalapa&#8230;. Le dejaron otro cuerpo \u00abembolsado\u00bb del sexo masculino en el municipio de Atzalan&#8230; La violencia no cesa&#8230;Y \u00e9l como mandatario est\u00e1 m\u00e1s que rebasado&#8230; Eso es evidente&#8230;<\/p>\n<p>As\u00ed como dicen en las reuniones cuando hablan de temas de violencia en Veracruz, que al igual que M\u00e9xico&#8230; Mientras que gobierno federal o estatal no resuelvan el asunto de inseguridad&#8230; No habr\u00e1 Cuarta Tranformaci\u00f3n, ni en Veracruz, mucho menos en el pa\u00eds&#8230; Los n\u00fameros son contundentes, por eso la ca\u00edda de Andr\u00e9s Manuel L\u00f3pez Obrador en la percepci\u00f3n p\u00fablica en esta materia y el por qu\u00e9 est\u00e1 \u00abreprobado\u00bb Cuitl\u00e1huac Garc\u00eda en esta \u00e1rea&#8230; El ciudadano no ve avances y ya lleva un a\u00f1o&#8230; \u00bfEs el principio del fin?&#8230; AMEN&#8230;<\/p>\n<p>CUITL\u00c1HUAC \u00bfEL FESTEJO?&#8230; Ayer domingo celebr\u00f3 Cuitl\u00e1huac Garc\u00eda haber llegado al gobierno de Veracruz&#8230; Lo hizo en CDMX acompa\u00f1ando al personaje que lo hizo gobernador: Andr\u00e9s Manuel L\u00f3pez Obrador&#8230; Y si bien es cierto, \u00e9l tiene todo el derecho a irse a celebrar en d\u00eda no laborable, y hacerlo en donde le plazca&#8230; Tambi\u00e9n es una realidad que en Veracruz, la aceptaci\u00f3n para su administraci\u00f3n no es como la de AMLO&#8230; Su gobierno no ha cumplido las expectativas esperadas y para el colm\u00f3 ya lo \u00abtachan\u00bb como un pol\u00edtico DEMAGOGO&#8230;<\/p>\n<p>Ya que tanto critico las pr\u00e1cticas del \u00abacarreo\u00bb priista y panista durante a\u00f1os&#8230; Y se tienen informes que PRESUNTAMENTE su administraci\u00f3n llev\u00f3 m\u00e1s de 100 camiones del servicio p\u00fablico de Veracruz a CDMX para ir al Z\u00f3calo a festejar a L\u00f3pez Obrador&#8230; Lo cual hace surgir la duda: \u00bfQui\u00e9n pag\u00f3 ese transporte de las personas?, que seg\u00fan c\u00e1lculos gastaron m\u00e1s de 5 millones de pesos en apoyos, comidas, combustible y para el \u00abrefresco\u00bb&#8230;. \u00bfAcaso lo pag\u00f3 el gobierno de Veracruz?&#8230;<\/p>\n<p>Si bien es cierto Cuitl\u00e1huac Garc\u00eda tiene un sueldo decoroso (gana m\u00e1s de lo que ganaba que Yunes Linares) que le permitir\u00eda a \u00e9l, pagarse un boleto de avi\u00f3n y estar all\u00e1 en CDMX temprano para festejar \u00abal jefe\u00bb&#8230; Entonces qui\u00e9n fue el \u00abmecenas\u00bb que pag\u00f3 el viaje de los militantes de MORENA para que se fueran a la capital del pa\u00eds&#8230; Ya que los dem\u00e1s funcionarios tienen suficiente dinero para sufragar sus gastos.. Pero los militantes y simpatizantes que viajaron en cami\u00f3n, no&#8230; Qui\u00e9n fue \u00e9l que los pag\u00f3&#8230;<\/p>\n<p>Se supone que toda esos \u00abviajeros\u00bb que fueron \u00abpor gusto\u00bb al z\u00f3calo.. Son militantes de MORENA, simpatizantes de AMLO y bur\u00f3cratas del gobierno estatal que asistieron porque quisieron, no porque fueran \u00abobligados\u00bb por altos funcionarios estatales&#8230; Y que los camiones que los transportaron \u00ablos pagaron\u00bb ellos porque en MORENA y el gobierno de Veracruz NO SE GASTA para estos actos&#8230;. Ya que ser\u00eda DESVIAR RECURSOS y aqu\u00ed con Cuitl\u00e1huac Garc\u00eda TODOS SON HONESTOS, MENOS LOS DEM\u00c1S&#8230;<\/p>\n<p>Es por eso la duda&#8230; Qui\u00e9n pag\u00f3 el transporte&#8230; Ya que la burocracia en general no tiene los \u00abaltos salarios\u00bb que ten\u00edan en gobiernos priistas y panistas que antecedieron a MORENA&#8230; Por lo tanto, si a duras penas les alcanza para cubrir gastos personales&#8230; No tienen lo suficiente para la \u00abcoperacha\u00bb para pagar el cami\u00f3n&#8230; As\u00ed que ese argumento, de qu\u00e9 lo pagaron ellos&#8230; Es pura falacia&#8230; Si los funcionarios y simpatizantes de MORENA viven en \u00abpobreza Franciscana\u00bb con qu\u00e9 canijos lo hacen&#8230; Ni modo que puedan ahorrar para eso&#8230;<\/p>\n<p>As\u00ed que Cuitl\u00e1huac Garc\u00eda como gobernador podr\u00e1 \u00abdecir misa\u00bb pero es evidente que ALGUIEN les pag\u00f3 este traslado&#8230; Si bien a lo mejor, no fueron con recursos p\u00fablicos sacados de las \u00abarcas\u00bb de Sefiplan&#8230; Si fueron los \u00abMOCHES\u00bb a los salarios de funcionarios estatales, como presuntamente, tiene la costumbre de hacer en esta administraci\u00f3n de MORENA cuando tienen que sufragar este tipo de actos o eventos&#8230; Y el \u00abmoche\u00bb es presuntamente parejo sin consulta o acuerdo&#8230; Se los aplican a la de \u00abLa Ley de Herodes\u00bb donde te chingas o te jodes&#8230;<\/p>\n<p>De esa manera, por m\u00e1s \u00abfestejos\u00bb por el a\u00f1o de gobierno que haga MORENA&#8230; Los pendientes que tiene con la sociedad son m\u00e1s recordados que su toma de protesta&#8230; La justicia social y la seguridad son hechos que no ha cumplido&#8230; Veracruz est\u00e1 con econom\u00eda estancada y sin crecimiento por parte de la iniciativa privada&#8230; No hay gobernabilidad&#8230; Y el gasto p\u00fablico est\u00e1 otorgado a programa \u00abclientelares\u00bb y con las evidencias de \u00abacarreo\u00bb para ir a un evento de AMLO en CDMX, sin saber de d\u00f3nde sali\u00f3 el pago de camiones&#8230; Al menos, en este momento, el gobierno de Cuitl\u00e1huac Garc\u00eda ESTA BAJO SOSPECHA&#8230; CONSUMATUM EST&#8230;<\/p>\n","protected":false},"excerpt":{"rendered":"<p>Ricardo Ch\u00faa Sale y Vale OJO&#8230; A un a\u00f1o de haber tomado posesi\u00f3n como gobernador a Cuitl\u00e1huac Garc\u00eda Jim\u00e9nez, el tema de los feminicidios no lo deja dormir, descansar o gobernar&#8230; La violencia ya es un LEGADO DE SU ADMINISTRACI\u00d3N porque lleva m\u00e1s de 365 d\u00edas en el poder y las cosas est\u00e1n peor que [&hellip;]<\/p>\n","protected":false},"author":2,"featured_media":0,"comment_status":"open","ping_status":"open","sticky":false,"template":"","format":"standard","meta":{"_jetpack_newsletter_access":"","_jetpack_dont_email_post_to_subs":false,"_jetpack_newsletter_tier_id":0,"_jetpack_memberships_contains_paywalled_content":false,"_jetpack_memberships_contains_paid_content":false,"footnotes":""},"categories":[70],"tags":[2118,371,1563,826,13604,3020],"class_list":["post-51168","post","type-post","status-publish","format-standard","hentry","category-de-opinion","tag-atzalan","tag-coatzacoalcos","tag-cuitlahuac-garcia-jimenez","tag-feminicidios","tag-ricardo-chua","tag-secretaria-de-gobernacion"],"jetpack_featured_media_url":"","jetpack_sharing_enabled":true,"jetpack_shortlink":"https:\/\/wp.me\/p4Qcd3-dji","_links":{"self":[{"href":"https:\/\/lospoliticosveracruz.com.mx\/index.php?rest_route=\/wp\/v2\/posts\/51168","targetHints":{"allow":["GET"]}}],"collection":[{"href":"https:\/\/lospoliticosveracruz.com.mx\/index.php?rest_route=\/wp\/v2\/posts"}],"about":[{"href":"https:\/\/lospoliticosveracruz.com.mx\/index.php?rest_route=\/wp\/v2\/types\/post"}],"author":[{"embeddable":true,"href":"https:\/\/lospoliticosveracruz.com.mx\/index.php?rest_route=\/wp\/v2\/users\/2"}],"replies":[{"embeddable":true,"href":"https:\/\/lospoliticosveracruz.com.mx\/index.php?rest_route=%2Fwp%2Fv2%2Fcomments&post=51168"}],"version-history":[{"count":1,"href":"https:\/\/lospoliticosveracruz.com.mx\/index.php?rest_route=\/wp\/v2\/posts\/51168\/revisions"}],"predecessor-version":[{"id":51169,"href":"https:\/\/lospoliticosveracruz.com.mx\/index.php?rest_route=\/wp\/v2\/posts\/51168\/revisions\/51169"}],"wp:attachment":[{"href":"https:\/\/lospoliticosveracruz.com.mx\/index.php?rest_route=%2Fwp%2Fv2%2Fmedia&parent=51168"}],"wp:term":[{"taxonomy":"category","embeddable":true,"href":"https:\/\/lospoliticosveracruz.com.mx\/index.php?rest_route=%2Fwp%2Fv2%2Fcategories&post=51168"},{"taxonomy":"post_tag","embeddable":true,"href":"https:\/\/lospoliticosveracruz.com.mx\/index.php?rest_route=%2Fwp%2Fv2%2Ftags&post=51168"}],"curies":[{"name":"wp","href":"https:\/\/api.w.org\/{rel}","templated":true}]}}