{"id":51170,"date":"2019-12-02T09:23:03","date_gmt":"2019-12-02T15:23:03","guid":{"rendered":"http:\/\/www.lospoliticosveracruz.com.mx\/?p=51170"},"modified":"2019-12-02T09:23:03","modified_gmt":"2019-12-02T15:23:03","slug":"cambiar-para-mejorar-2","status":"publish","type":"post","link":"https:\/\/lospoliticosveracruz.com.mx\/?p=51170","title":{"rendered":"Cambiar para mejorar"},"content":{"rendered":"<p><strong> Rafael Arias Hern\u00e1ndez<\/strong><\/p>\n<p><em>Mutatis mutandis<\/em><\/p>\n<p>El intento apenas empieza. A un a\u00f1o, el cambio gubernamental \u00a0sigue su proceso. Como la vida misma,\u00a0 no se detiene. Enfrenta numerosos obst\u00e1culos y no pocas resistencias. No es ni ser\u00e1 f\u00e1cil y seguro, r\u00e1pido y tranquilo; tampoco est\u00e1, ni estar\u00e1 exento de errores y defectos.<\/p>\n<p>Obligados siempre, a evaluar todo tipo de datos y estad\u00edsticas oficiales, empezando por\u00a0 los supuestos informes anuales, de un a\u00f1o fiscal que todav\u00eda no termina. Fundamental identificar dichos de hechos, suposiciones de realidades.<\/p>\n<p>Toda informaci\u00f3n gubernamental debe ser disponible y accesible, constatable y evaluable, para probar y comprobar si se cumple con obligaciones legales, compromisos institucionales y promesas electorales.<\/p>\n<p>Lo importante es identificar logros y avances, tanto como pendientes y retrocesos. No todo es lo bueno que dicen, ni todo es lo malo que acusan.<\/p>\n<p>Preciso tener siempre presente, que el cambio lo promueven, apoyan y realizan seres humanos que, en las coincidencias y diferencias, en sus libertades y derechos, se unen al esfuerzo general, para intentar m\u00e1s y mejor calidad de vida para todos; en particular para las mayor\u00edas, los olvidados y marginados de siempre, que \u00a0generaci\u00f3n tras generaci\u00f3n, suman m\u00e1s y m\u00e1s, millones y millones.<\/p>\n<p>As\u00ed que, para los correspondientes efectos,\u00a0 debe tenerse siempre presente, que gobernantes, funcionarios y servidores p\u00fablicos son, de principio a fin, simples seres humanos, ni inmaculados ni perfectos, que se comprometieron a servir y no servirse del puesto, representaci\u00f3n o cargo que ostentan.<\/p>\n<p>Evaluar es obligatorio para evitar malos y peores gobiernos.<\/p>\n<p>En m\u00faltiples aspectos se prueba y comprueba, que el cambio nuestro, es propio de nuestras costumbres, culturas, capacidades y limitaciones. No es el cambio importado, \u00a0limitado o trasplantado.<\/p>\n<p>Lo intentamos, porque as\u00ed lo decidimos en la \u00faltima expresi\u00f3n democr\u00e1tica electoral. Cambiar para mejorar.<\/p>\n<p>Bien se sabe que la decisi\u00f3n de transformar, inevitablemente abarcar\u00e1 y repercutir\u00e1 en casi todo, porque lo impulsa y sostiene el deseo y derecho a la supervivencia y convivencia, a la vida misma.<\/p>\n<p>Importante entender que lo que se intenta, es un cambio que origina muchos cambios; y que es indiscutible que sobresale y se\u00f1ala, con mayor frecuencia, lo pol\u00edtico y gubernamental, as\u00ed como lo econ\u00f3mico-financiero y de bienestar social.<\/p>\n<p>El cambio en s\u00ed, se define por nuestra forma existencial, de aspiraciones y expectativas propias. Sus expresiones transformadoras o conservadoras, \u00a0provienen de diferentes fuentes que socavan la obsoleta y anquilosada estructura de poder y representaci\u00f3n p\u00fablica, caracter\u00edsticos de nuestra tradicional y ancestral cultura.<\/p>\n<p>Por lo tanto, en principio, afecta a las instituciones p\u00fablicas y, al hacerlo, trasciende a los \u00e1mbitos individuales y colectivos.<\/p>\n<p>Consecuentemente, la transformaci\u00f3n abarca innumerables aspectos de la vida cotidiana. Cuando en alguno se inicia, se dejan sentir r\u00e1pidamente las reacciones en muchos otros.<\/p>\n<p>En este contexto es notorio y hasta normal, que todav\u00eda se encuentren innumerables obst\u00e1culos y resistencias. Viejos y obsoletos aspectos son removidos y transformados por la revoluci\u00f3n tecnol\u00f3gica; por la fuerza de la liberaci\u00f3n y ejercicio de derechos humanos; y particularmente, por la fuerza y presencia de la creciente participaci\u00f3n y evaluaci\u00f3n \u00a0ciudadana y social. Mismas que, al mismo tiempo, intentan ubicar al servidor p\u00fablico en su contexto real, sin permitir\u00a0 abusos y conductas delictivas; y ponerlo en su lugar, para exigirle responsabilidades y obligaciones.<\/p>\n<p>As\u00ed el persistente esfuerzo de cambiar, no s\u00f3lo pone evidencia \u00a0estructuras, normas y funciones inapropiadas y obsoletas, tambi\u00e9n exhibe, destapa, o desenmascara\u00a0 privilegios, ventajas y beneficios, que durante mucho tiempo han favorecido o favorecen a unos cuantos, con sus socios y aliados. Usos y costumbres gubernamentales que, inocultablemente todav\u00eda en muchos casos, se defienden y sostienen por los indebidamente beneficiados.<\/p>\n<p>Muchas de esas situaciones sin duda, est\u00e1n basadas en abusos y conductas ilegales. La problem\u00e1tica aumenta y se complica, cuando \u00a0delincuencia, corrupci\u00f3n \u00a0e impunidad se permiten y alientan, ya que con frecuencia \u00a0aunque sean descubiertas y cuestionadas, no son \u00a0en verdad, atacadas y reducidas, prevaleciendo simulaci\u00f3n y distracci\u00f3n.<\/p>\n<p>En este contexto, no es raro que los beneficiarios de los privilegios y ventajas, se sientan afectados \u00a0en sus intereses y que, en principio, resistan y enfrenten el cambio.<\/p>\n<p>Algunos, m\u00e1s inteligentes, est\u00e1n atentos y con frecuencia pretenden desviarlo. O, ante la m\u00ednima oportunidad, pasan a se\u00f1alar y exagerar errores y defectos del cambio.<\/p>\n<p>Y tambi\u00e9n, no hay que ignorar ni minimizar, a quienes est\u00e1n dispuestos a promover y apoyar\u00a0 contrarreformas para limitar y anular la inminente transformaci\u00f3n.<\/p>\n<p>En fin. El esfuerzo, apenas empieza, frente a abundantes obst\u00e1culos y retos; as\u00ed como a viejos y nuevos problemas, apuntalados en ancestrales resistencias y repetidas incomprensiones.<\/p>\n<p>Necesarios di\u00e1logo y debate, respeto y tolerancia. Flexible y accesible, no significa ser d\u00e9bil y dominable. La paciencia requiere de mucha pr\u00e1ctica.<\/p>\n<p>Quien se atreve a entender e interactuar civilizadamente, se arriesga.<\/p>\n<p>Hacer lo que es necesario hacer, \u00a0es la esencia; simplemente, porque es importante o determinante\u00a0 hacerlo.<\/p>\n<p>Hoy por hoy, se comprueba que cambiar no es f\u00e1cil, ni r\u00e1pido.<\/p>\n<p>Imprescindible participar y evaluar.<\/p>\n<p>INDISPENSABLE GOBERNAR\u00a0 AL GOBIERNO<strong>.<\/strong><\/p>\n<p>Oportuno recordar que la democracia no es s\u00f3lo el gobierno de la mayor\u00eda. Si lo pensamos y entendemos bien, es m\u00e1s que eso.<\/p>\n<p>Partiendo de la igualdad de todos ante la ley, as\u00ed como de\u00a0 derechos y obligaciones establecidas, que hay que cumplir y hacer cumplir, la democracia es propiamente un autogobierno, que no puede reducirse al simple hecho de votar y\u00a0 elegir.<\/p>\n<p>En una verdadera Democracia, los representantes son electos \u00a0de entre iguales, para gobernar a todos; y a la vez, designados para gobernar sus actos, de acuerdo con principios de legalidad y legitimidad. Pero adem\u00e1s para atender y fortalecer, una participaci\u00f3n y evaluaci\u00f3n ciudadana y social, permanente y en aumento, que todo el tiempo, debe gobernar al gobierno.<\/p>\n<p>Una nueva generaci\u00f3n de ciudadanos est\u00e1 presente y con todos sus derechos y libertades, es m\u00e1s exigente, participativa y vigilante.<\/p>\n<p>\u201cSi la ciudadan\u00eda se invoca en defensa de sus derechos,- t\u00e9ngase presente que-, las obligaciones correspondientes de la misma ciudadan\u00eda, no pueden ser ignoradas\u201d (T. H. Marshall).<\/p>\n<p>Preciso insistir e insistir. Evaluar permanentemente, es obligatorio para evitar malos y peores gobiernos.<\/p>\n<p>-Academico.IIESESUV @RafaelAriasH,Facebook:VeracruzHoydeRafaelAriasH<\/p>\n","protected":false},"excerpt":{"rendered":"<p>Rafael Arias Hern\u00e1ndez Mutatis mutandis El intento apenas empieza. A un a\u00f1o, el cambio gubernamental \u00a0sigue su proceso. Como la vida misma,\u00a0 no se detiene. Enfrenta numerosos obst\u00e1culos y no pocas resistencias. No es ni ser\u00e1 f\u00e1cil y seguro, r\u00e1pido y tranquilo; tampoco est\u00e1, ni estar\u00e1 exento de errores y defectos. Obligados siempre, a evaluar [&hellip;]<\/p>\n","protected":false},"author":2,"featured_media":51171,"comment_status":"open","ping_status":"open","sticky":false,"template":"","format":"standard","meta":{"_jetpack_newsletter_access":"","_jetpack_dont_email_post_to_subs":false,"_jetpack_newsletter_tier_id":0,"_jetpack_memberships_contains_paywalled_content":false,"_jetpack_memberships_contains_paid_content":false,"footnotes":""},"categories":[70],"tags":[10974,8032],"class_list":["post-51170","post","type-post","status-publish","format-standard","has-post-thumbnail","hentry","category-de-opinion","tag-cambio","tag-rafael-arias-hernandez"],"jetpack_featured_media_url":"https:\/\/lospoliticosveracruz.com.mx\/wp-content\/uploads\/2019\/12\/Cambio.jpg","jetpack_sharing_enabled":true,"jetpack_shortlink":"https:\/\/wp.me\/p4Qcd3-djk","_links":{"self":[{"href":"https:\/\/lospoliticosveracruz.com.mx\/index.php?rest_route=\/wp\/v2\/posts\/51170","targetHints":{"allow":["GET"]}}],"collection":[{"href":"https:\/\/lospoliticosveracruz.com.mx\/index.php?rest_route=\/wp\/v2\/posts"}],"about":[{"href":"https:\/\/lospoliticosveracruz.com.mx\/index.php?rest_route=\/wp\/v2\/types\/post"}],"author":[{"embeddable":true,"href":"https:\/\/lospoliticosveracruz.com.mx\/index.php?rest_route=\/wp\/v2\/users\/2"}],"replies":[{"embeddable":true,"href":"https:\/\/lospoliticosveracruz.com.mx\/index.php?rest_route=%2Fwp%2Fv2%2Fcomments&post=51170"}],"version-history":[{"count":1,"href":"https:\/\/lospoliticosveracruz.com.mx\/index.php?rest_route=\/wp\/v2\/posts\/51170\/revisions"}],"predecessor-version":[{"id":51172,"href":"https:\/\/lospoliticosveracruz.com.mx\/index.php?rest_route=\/wp\/v2\/posts\/51170\/revisions\/51172"}],"wp:featuredmedia":[{"embeddable":true,"href":"https:\/\/lospoliticosveracruz.com.mx\/index.php?rest_route=\/wp\/v2\/media\/51171"}],"wp:attachment":[{"href":"https:\/\/lospoliticosveracruz.com.mx\/index.php?rest_route=%2Fwp%2Fv2%2Fmedia&parent=51170"}],"wp:term":[{"taxonomy":"category","embeddable":true,"href":"https:\/\/lospoliticosveracruz.com.mx\/index.php?rest_route=%2Fwp%2Fv2%2Fcategories&post=51170"},{"taxonomy":"post_tag","embeddable":true,"href":"https:\/\/lospoliticosveracruz.com.mx\/index.php?rest_route=%2Fwp%2Fv2%2Ftags&post=51170"}],"curies":[{"name":"wp","href":"https:\/\/api.w.org\/{rel}","templated":true}]}}