{"id":51173,"date":"2019-12-02T11:29:51","date_gmt":"2019-12-02T17:29:51","guid":{"rendered":"http:\/\/www.lospoliticosveracruz.com.mx\/?p=51173"},"modified":"2019-12-02T11:29:51","modified_gmt":"2019-12-02T17:29:51","slug":"dos-concentraciones","status":"publish","type":"post","link":"https:\/\/lospoliticosveracruz.com.mx\/?p=51173","title":{"rendered":"Dos concentraciones"},"content":{"rendered":"<p class=\"s3\"><b>Sergio Gonz\u00e1lez Levet<\/b><\/p>\n<p class=\"s3\"><i>Sin tacto<\/i><\/p>\n<p class=\"s3\"><span class=\"s6\"><span class=\"bumpedFont15\">En una fueron 70 mil y en la otra, 700 ciudadanos mexicanos, impulsados por razones y sentimientos encontrados.<\/span><\/span><\/p>\n<p class=\"s3\">\u200b<span class=\"s6\"><span class=\"bumpedFont15\">La del Z\u00f3calo, la de los miles, congreg\u00f3 a la corte en pleno de Morena y de sus gobiernos de<\/span><\/span> <span class=\"s6\"><span class=\"bumpedFont15\">los tres niveles, as\u00ed como a simpatizantes rabiosos en favor de Andr\u00e9s Manuel L\u00f3pez Obrador y en contra de \u201cla reacci\u00f3n\u201d, de \u201clos corruptos\u201d, de \u201clos conservadores\u201d<\/span><\/span><span class=\"s6\"><span class=\"bumpedFont15\">.<\/span><\/span><\/p>\n<p class=\"s3\">\u200b<span class=\"s6\"><span class=\"bumpedFont15\">Dicen que muchos de \u00e9sos fueron acarreados y llevados obligadamente a rendir pleites\u00eda al huey tlatoani (ojo, se\u00f1or corrector: puse \u201chuey\u201d, con \u201ch\u201d, que en n\u00e1huatl significa viejo, anciano) de la izquierda y de la cuarta transformaci\u00f3n.<\/span><\/span><\/p>\n<p class=\"s3\">\u200b<span class=\"s6\"><span class=\"bumpedFont15\">Dicen, por ejemplo, que los funcionarios del gobierno veracruzano de Cuitl\u00e1huac tuvieron que poner 200 o 450 pesos<\/span><\/span><span class=\"s6\"><span class=\"bumpedFont15\"> para el autob\u00fas<\/span><\/span><span class=\"s6\"><span class=\"bumpedFont15\">, seg\u00fan su nivel, lo que para sus sueldos exiguos debe haber sido una verdadera mochada, si adem\u00e1s a\u00f1adimos que al salario reducido no le pueden a\u00f1adir nada, como antes, cuando campeaba la corrupci\u00f3n.<\/span><\/span><\/p>\n<p class=\"s3\">\u200b<span class=\"s6\"><span class=\"bumpedFont15\">Bueno, como haya sido, \u00e9sos 70 mil que llegaron al Z\u00f3calo, al mismo \u201ccentro pol\u00edtico y social y cultural del pa\u00eds\u201d, mostraron su fervor<\/span><\/span><span class=\"s6\"><span class=\"bumpedFont15\"> con aplausos y consignas a favor del Presidente, seg\u00fan iba diciendo que ya no hab\u00eda corrupci\u00f3n; que millones de mexicanos que antes estaban en extrema pobreza ahora recib\u00edan que los 2,500 pesos bimestrales si eran ancianos, que los 3,600 pesos si hab\u00edan sido ninis (y ahora son ninis becados), que los 2 mil pesos si eran estudiantes de educaci\u00f3n superior, y as\u00ed hasta consumir una buena tajada del presupuesto, tal vez la mayor; que se van a construir el Tren Maya y la Refiner\u00eda de Dos Bocas en Para\u00edso, Tabasco (but of course).<\/span><\/span><\/p>\n<p class=\"s3\">\u200b<span class=\"s6\"><span class=\"bumpedFont15\">Y as\u00ed aguantaron los rayos del sol y las palabras llenas de triunfos de Andr\u00e9s <\/span><\/span><span class=\"s6\"><span class=\"bumpedFont15\">Manuel L\u00f3pez Obrador, que como iba leyendo su discurso, hablaba un poco m\u00e1s r\u00e1pido, un poco con menos espacios de silencio, as\u00ed que la pena sufrida (por el sol) fue menos que si hubiera improvisado (\u00a1Manuel, Presidente, tu pueblo est\u00e1 presente!).<\/span><\/span><\/p>\n<p class=\"s3\">\u200b<span class=\"s6\"><span class=\"bumpedFont15\">Y con tantas cosas logradas, con tantas buenas noticias para el pueblo bueno y honesto, el aplaus\u00f3metro se lo llev\u00f3 de calle don Jos\u00e9 Mujica, el admirado expresidente uruguayo, por quien el fervor se levant\u00f3 apenas fue mencionado por Andr\u00e9s Manuel.<\/span><\/span><\/p>\n<p class=\"s3\">\u200b<span class=\"s6\"><span class=\"bumpedFont15\">Y la otra reuni\u00f3n, la de los cientos, fue convocada por el PAN y el PRD, y sali\u00f3 del \u00c1ngel de la Independencia al Monumento a la Revoluci\u00f3n en la Ciudad de M\u00e9xico, a la misma hora en que el Presidente hac\u00eda las cuentas alegres de su primer a\u00f1o de mandato.<\/span><\/span><\/p>\n<p class=\"s3\">\u200b<span class=\"s6\"><span class=\"bumpedFont15\">Esa marcha no fue tan celebrada en los medios electr\u00f3nicos, pero logr\u00f3 una buena presencia en las redes, tan adictas a lo que sea cr\u00edtica, porque muchos siguieron y oyeron los gritos de \u201cFuera AMLO\u201d y \u201cFuera L\u00f3pez\u201d.<\/span><\/span><\/p>\n<p class=\"s3\">\u200b<span class=\"s6\"><span class=\"bumpedFont15\">Lo cierto entre tantas exageraciones que se dijeron, es que entre los miles hubo muchos que no estaban totalmente de acuerdo, pero fueron por garantizar la chamba, y entre los cientos todos estaban convencidos, porque fueron por su propio pie y con sus propios recursos.<\/span><\/span><\/p>\n<p class=\"s3\">\u200b<span class=\"s6\"><span class=\"bumpedFont15\">Dicen que unos cada vez ser\u00e1n menos y que los otros se volver\u00e1n legi\u00f3n.<\/span><\/span><\/p>\n<p><a href=\"mailto:sglevet@gmail.com\"><span class=\"s7\"><span class=\"bumpedFont15\">sglevet@gmail.com<\/span><\/span><\/a><\/p>\n","protected":false},"excerpt":{"rendered":"<p>Sergio Gonz\u00e1lez Levet Sin tacto En una fueron 70 mil y en la otra, 700 ciudadanos mexicanos, impulsados por razones y sentimientos encontrados. \u200bLa del Z\u00f3calo, la de los miles, congreg\u00f3 a la corte en pleno de Morena y de sus gobiernos de los tres niveles, as\u00ed como a simpatizantes rabiosos en favor de Andr\u00e9s [&hellip;]<\/p>\n","protected":false},"author":2,"featured_media":51175,"comment_status":"open","ping_status":"open","sticky":false,"template":"","format":"standard","meta":{"_jetpack_newsletter_access":"","_jetpack_dont_email_post_to_subs":false,"_jetpack_newsletter_tier_id":0,"_jetpack_memberships_contains_paywalled_content":false,"_jetpack_memberships_contains_paid_content":false,"footnotes":""},"categories":[70],"tags":[15848,3091,1282],"class_list":["post-51173","post","type-post","status-publish","format-standard","has-post-thumbnail","hentry","category-de-opinion","tag-concentraciones","tag-reforma","tag-sergio-gonzalez-levet"],"jetpack_featured_media_url":"https:\/\/lospoliticosveracruz.com.mx\/wp-content\/uploads\/2019\/12\/35F32A92-58A7-4935-9CE7-91FB7913704D.jpeg","jetpack_sharing_enabled":true,"jetpack_shortlink":"https:\/\/wp.me\/p4Qcd3-djn","_links":{"self":[{"href":"https:\/\/lospoliticosveracruz.com.mx\/index.php?rest_route=\/wp\/v2\/posts\/51173","targetHints":{"allow":["GET"]}}],"collection":[{"href":"https:\/\/lospoliticosveracruz.com.mx\/index.php?rest_route=\/wp\/v2\/posts"}],"about":[{"href":"https:\/\/lospoliticosveracruz.com.mx\/index.php?rest_route=\/wp\/v2\/types\/post"}],"author":[{"embeddable":true,"href":"https:\/\/lospoliticosveracruz.com.mx\/index.php?rest_route=\/wp\/v2\/users\/2"}],"replies":[{"embeddable":true,"href":"https:\/\/lospoliticosveracruz.com.mx\/index.php?rest_route=%2Fwp%2Fv2%2Fcomments&post=51173"}],"version-history":[{"count":1,"href":"https:\/\/lospoliticosveracruz.com.mx\/index.php?rest_route=\/wp\/v2\/posts\/51173\/revisions"}],"predecessor-version":[{"id":51174,"href":"https:\/\/lospoliticosveracruz.com.mx\/index.php?rest_route=\/wp\/v2\/posts\/51173\/revisions\/51174"}],"wp:featuredmedia":[{"embeddable":true,"href":"https:\/\/lospoliticosveracruz.com.mx\/index.php?rest_route=\/wp\/v2\/media\/51175"}],"wp:attachment":[{"href":"https:\/\/lospoliticosveracruz.com.mx\/index.php?rest_route=%2Fwp%2Fv2%2Fmedia&parent=51173"}],"wp:term":[{"taxonomy":"category","embeddable":true,"href":"https:\/\/lospoliticosveracruz.com.mx\/index.php?rest_route=%2Fwp%2Fv2%2Fcategories&post=51173"},{"taxonomy":"post_tag","embeddable":true,"href":"https:\/\/lospoliticosveracruz.com.mx\/index.php?rest_route=%2Fwp%2Fv2%2Ftags&post=51173"}],"curies":[{"name":"wp","href":"https:\/\/api.w.org\/{rel}","templated":true}]}}