{"id":51257,"date":"2019-12-05T23:00:47","date_gmt":"2019-12-06T05:00:47","guid":{"rendered":"http:\/\/www.lospoliticosveracruz.com.mx\/?p=51257"},"modified":"2019-12-05T19:47:51","modified_gmt":"2019-12-06T01:47:51","slug":"feminicidios-mejor-cantar","status":"publish","type":"post","link":"https:\/\/lospoliticosveracruz.com.mx\/?p=51257","title":{"rendered":"Feminicidios: Mejor cantar"},"content":{"rendered":"<p><strong>Salvador Mu\u00f1oz<\/strong><\/p>\n<p><em>Los Pol\u00edticos<\/em><\/p>\n<p><span style=\"font-weight: 400;\">La primera vez que la o\u00ed, ser\u00eda un ni\u00f1o pero se me qued\u00f3 grabado el acento, peculiar, tan alegre como el tropical, pero con algo diferente\u2026 muchos a\u00f1os despu\u00e9s descubrir\u00eda que era una rumba lo que hab\u00eda escuchado: <\/span><span style=\"font-weight: 400;\"><br \/>\n<\/span><span style=\"font-weight: 400;\">\u201c<\/span><span style=\"font-weight: 400;\">Y no estaba muerto \/ no, no \/ y no estaba muerto\u00a0 \/ no, no&#8230;<\/span><\/p>\n<p><span style=\"font-weight: 400;\">Y no estaba muerto \/ no, no \/ estaba tomando ca\u00f1as, lerelel\u00e9\u201d.<\/span><\/p>\n<p><span style=\"font-weight: 400;\">\u00bfSe acuerdan? La canci\u00f3n es colombiana y se llama \u201cEl muerto vivo\u201d pero alg\u00fan espa\u00f1ol la retom\u00f3 para darle el toque peculiar de la rumba catalana.<\/span><\/p>\n<p><span style=\"font-weight: 400;\">Hay quienes aseguran que Blanco Herrera, el personaje central de esta canci\u00f3n, existi\u00f3 y efectivamente, tras desaparecer, lo dieron por muerto, hechos seg\u00fan ocurridos en Antioquia, Colombia. Al cabo de un tiempo, regres\u00f3 a su casa cuando ya su familia \u201clo hab\u00eda enterrado\u201d y de ah\u00ed ese estribillo famoso:<\/span><\/p>\n<p><span style=\"font-weight: 400;\">\u201cNo estaba muerto \/ andaba de parranda\u2026<\/span><\/p>\n<p><span style=\"font-weight: 400;\">No estaba muerto \/ andaba de parranda\u2026\u201d<\/span><\/p>\n<p><span style=\"font-weight: 400;\">La canci\u00f3n \u201cEl muerto vivo\u201d viene a cuento por Karen, la joven que sacudi\u00f3 a la Ciudad de M\u00e9xico despu\u00e9s de que reportara a su madre haber abordado un taxi y comentara la actitud sospechosa del ruletero.<\/span><\/p>\n<p><span style=\"font-weight: 400;\">\u00bfEn qu\u00e9 acab\u00f3 esto? De acuerdo al video que Ciro G\u00f3mez Leyva expuso hace una noche en su noticiario, en una cosa simple: Karen minti\u00f3 para hacerme recordar otra canci\u00f3n, \u00e9sta de Mar\u00eda Conchita Alonso: \u201cUna noche de copas\u201d.<\/span><\/p>\n<p><span style=\"font-weight: 400;\">\u201cFue una noche de copas \/ una noche loca<\/span><\/p>\n<p><span style=\"font-weight: 400;\">Bes\u00e9 otro besos \/ olvid\u00e9 tu boca\u00a0<\/span><\/p>\n<p><span style=\"font-weight: 400;\">Manch\u00e9 tu imagen \/ Me perd\u00ed yo sola\u00a0\u00a0<\/span><\/p>\n<p><span style=\"font-weight: 400;\">Y esa es la historia\u2026\u201d<\/span><\/p>\n<p><span style=\"font-weight: 400;\">Claro que en idioma \u201cMijis\u201d, se traduce en que empez\u00f3 en \u201cpeda\u201d y acab\u00f3 en \u201ccruda\u2026 moral\u201d.<\/span><\/p>\n<p><span style=\"font-weight: 400;\">Tras descubrir la mentira de Karen, pasa al juicio de las redes que no perdonan. Si bien es lamentable la ocurrencia de Karen ante la situaci\u00f3n que se vive en muchos puntos del pa\u00eds con respecto a violencia hacia las mujeres, que van desde levantones, ataques sexuales y feminicidios, \u201cel caso Karen\u201d (el hecho, no ella) no debe ser excusa para bajar la guardia. Karen no debe ser la excusa para que si una madre, un padre, alguien reporta la desaparici\u00f3n de su hija, hermana, esposa, novia, se meng\u00fce la lucha por ayudar, por compartir, por retuitear\u2026<\/span><\/p>\n<p><span style=\"font-weight: 400;\">\u00a1Vamos! Ayer, mientras se hac\u00eda escarnio a la \u201cnoche de copas\u201d de Karen, en la Ciudad de M\u00e9xico se reportaba la muerte de tres mujeres con arma de fuego\u2026<\/span><\/p>\n<p><span style=\"font-weight: 400;\">Al final, m\u00e1s vale que cantemos \u201cNo estaba muerto \/ andaba de parranda\u201d, que llorar y lamentar que las mujeres sigan convirti\u00e9ndose en cifras para nuestras autoridades, y v\u00edctimas de depredadores que est\u00e1n al acecho de ellas.<\/span><\/p>\n<p>&nbsp;<\/p>\n<p><span style=\"font-weight: 400;\">smcainito@gmail.com<\/span><\/p>\n","protected":false},"excerpt":{"rendered":"<p>Salvador Mu\u00f1oz Los Pol\u00edticos La primera vez que la o\u00ed, ser\u00eda un ni\u00f1o pero se me qued\u00f3 grabado el acento, peculiar, tan alegre como el tropical, pero con algo diferente\u2026 muchos a\u00f1os despu\u00e9s descubrir\u00eda que era una rumba lo que hab\u00eda escuchado: \u201cY no estaba muerto \/ no, no \/ y no estaba muerto\u00a0 \/ [&hellip;]<\/p>\n","protected":false},"author":2,"featured_media":51258,"comment_status":"open","ping_status":"open","sticky":false,"template":"","format":"standard","meta":{"_jetpack_newsletter_access":"","_jetpack_dont_email_post_to_subs":false,"_jetpack_newsletter_tier_id":0,"_jetpack_memberships_contains_paywalled_content":false,"_jetpack_memberships_contains_paid_content":false,"footnotes":""},"categories":[70],"tags":[15876,15875],"class_list":["post-51257","post","type-post","status-publish","format-standard","has-post-thumbnail","hentry","category-de-opinion","tag-el-muerto-vivo","tag-karen"],"jetpack_featured_media_url":"https:\/\/lospoliticosveracruz.com.mx\/wp-content\/uploads\/2019\/12\/Karen.jpg","jetpack_sharing_enabled":true,"jetpack_shortlink":"https:\/\/wp.me\/p4Qcd3-dkJ","_links":{"self":[{"href":"https:\/\/lospoliticosveracruz.com.mx\/index.php?rest_route=\/wp\/v2\/posts\/51257","targetHints":{"allow":["GET"]}}],"collection":[{"href":"https:\/\/lospoliticosveracruz.com.mx\/index.php?rest_route=\/wp\/v2\/posts"}],"about":[{"href":"https:\/\/lospoliticosveracruz.com.mx\/index.php?rest_route=\/wp\/v2\/types\/post"}],"author":[{"embeddable":true,"href":"https:\/\/lospoliticosveracruz.com.mx\/index.php?rest_route=\/wp\/v2\/users\/2"}],"replies":[{"embeddable":true,"href":"https:\/\/lospoliticosveracruz.com.mx\/index.php?rest_route=%2Fwp%2Fv2%2Fcomments&post=51257"}],"version-history":[{"count":1,"href":"https:\/\/lospoliticosveracruz.com.mx\/index.php?rest_route=\/wp\/v2\/posts\/51257\/revisions"}],"predecessor-version":[{"id":51259,"href":"https:\/\/lospoliticosveracruz.com.mx\/index.php?rest_route=\/wp\/v2\/posts\/51257\/revisions\/51259"}],"wp:featuredmedia":[{"embeddable":true,"href":"https:\/\/lospoliticosveracruz.com.mx\/index.php?rest_route=\/wp\/v2\/media\/51258"}],"wp:attachment":[{"href":"https:\/\/lospoliticosveracruz.com.mx\/index.php?rest_route=%2Fwp%2Fv2%2Fmedia&parent=51257"}],"wp:term":[{"taxonomy":"category","embeddable":true,"href":"https:\/\/lospoliticosveracruz.com.mx\/index.php?rest_route=%2Fwp%2Fv2%2Fcategories&post=51257"},{"taxonomy":"post_tag","embeddable":true,"href":"https:\/\/lospoliticosveracruz.com.mx\/index.php?rest_route=%2Fwp%2Fv2%2Ftags&post=51257"}],"curies":[{"name":"wp","href":"https:\/\/api.w.org\/{rel}","templated":true}]}}