{"id":51285,"date":"2019-12-07T07:34:44","date_gmt":"2019-12-07T13:34:44","guid":{"rendered":"http:\/\/www.lospoliticosveracruz.com.mx\/?p=51285"},"modified":"2019-12-07T07:34:44","modified_gmt":"2019-12-07T13:34:44","slug":"las-cuestiones-del-caso-karen","status":"publish","type":"post","link":"https:\/\/lospoliticosveracruz.com.mx\/?p=51285","title":{"rendered":"Las cuestiones del caso Karen"},"content":{"rendered":"<p><b>Brenda Caballero<\/b><\/p>\n<p><em>N\u00fameros Rojos<\/em><\/p>\n<p>En su columna de ayer titulada \u201cFeminicidios: Mejor cantar\u201d, Salvador Mu\u00f1oz escrib\u00eda sobre las reacciones en redes sociales del caso de la joven Karen que sacudi\u00f3 a la Ciudad de M\u00e9xico al reportar a su madre mediante whatsapp, que el conductor del taxi que hab\u00eda abordado era grosero con ella y estaba en actitud sospechosa. Al final, resume lo que todos sabemos: ella minti\u00f3. Mediante videos exhibidos en el noticiario de Ciro G\u00f3mez Leyva se comprob\u00f3 que el tiempo que estuvo desaparecida en realidad estuvo divirti\u00e9ndose, logrando as\u00ed la burla y el escarnio de los usuarios de redes sociales.<\/p>\n<p>Llama mi atenci\u00f3n un comentario a su columna a trav\u00e9s de Facebook del usuario \u201cServicios Integrales de Psicolog\u00eda\u201d, que expres\u00f3 su percepci\u00f3n y la cual cito textualmente a continuaci\u00f3n:<\/p>\n<p>\u201cDentro de mi exacerbado cerebro alimentado por tantos a\u00f1os de gobiernos demag\u00f3gicos, me hace elucubrar un cuestionamiento, hasta cierto punto aventurado.<\/p>\n<p>\u201cY si el \u2018caso Karen\u2019 fue s\u00f3lo una mec\u00e1nica de desintegraci\u00f3n de los movimientos feministas que estaban proliferando de manera viral en toda la Rep\u00fablica.<\/p>\n<p>\u201cA m\u00ed se me hace muy sospechoso que la reacci\u00f3n de respuesta por parte del Gobierno de la Ciudad de M\u00e9xico haya sido tan inmediata, como si hubieran estado \u2018en sus marcas, listos, fuera\u2019 todos y todas las entidades que integran el Consejo de Seguridad, en espera de un \u2018\u00e9ntrenle\u2019, si como todos hemos observado, siempre se han caracterizado por la lentitud de respuesta.<\/p>\n<p>\u201cCuriosamente, independientemente de las redes sociales, los medios de comunicaci\u00f3n convencionales le dieron una pronta y r\u00e1pida cobertura a la \u2018aparici\u00f3n\u2019, en estado no muy normal, por llamarlo de alguna manera, m\u00e1s que a su misma desaparici\u00f3n.<\/p>\n<p>\u201cY curiosamente, o coincidentemente, la viralizaci\u00f3n del \u2018la culpa no fue m\u00eda, ni d\u00f3nde estaba, ni c\u00f3mo vest\u00eda\u2019, de repente dej\u00f3 de ser reproducida en los medios y redes sociales y empez\u00f3 la burla y se\u00f1alamiento hacia Karen.<\/p>\n<p>\u201cA m\u00ed se me ocurre que satanizando a Karen, haci\u00e9ndola pasar como una mujer irresponsable, mala madre, mala hija, mala ciudadana, fue m\u00e1s una herramienta de desintegraci\u00f3n de un movimiento social, orquestado desde el Estado y lamentablente, con la participaci\u00f3n de la protagonista de esta Historia. S\u00f3lo es mi percepci\u00f3n, aclaro\u201d.<\/p>\n<p>Si bien pareciera un comentario muy personal, muy particular, no lo debemos de pasar por alto, pues mucho lo que cita ocurri\u00f3: Punto n\u00famero uno: Una viralizaci\u00f3n de la desaparici\u00f3n de Karen a trav\u00e9s de redes sociales impresionante, al grado que se convirti\u00f3 en trending topic en tiempo r\u00e9cord. Punto n\u00famero dos: una inmediata atenci\u00f3n a su caso por parte de las autoridades, pues recordemos que hab\u00eda otras mujeres desaparecidas, apareciendo incluso una joven muerta en una cajuela casi al mismo tiempo; Punto n\u00famero tres: Efectivamente dej\u00f3 de sonar el tema \u201cUn violador en tu camino\u201d. Y punto n\u00famero cuatro y tal vez el m\u00e1s preocupante: Se empez\u00f3 a denostar a la persona de Karen a trav\u00e9s de las mismas redes que ayudaron a encontrarla, haci\u00e9ndola ver como la mala de la historia, cuando en realidad termina siendo la v\u00edctima, \u201chaiga sido, como haiga sido\u201d.<\/p>\n<p>@NumerosRojos_BC<\/p>\n<p><a href=\"mailto:caballero_brenda@hotmail.com\" target=\"_blank\">caballero_brenda@hotmail.com<\/a><\/p>\n","protected":false},"excerpt":{"rendered":"<p>Brenda Caballero N\u00fameros Rojos En su columna de ayer titulada \u201cFeminicidios: Mejor cantar\u201d, Salvador Mu\u00f1oz escrib\u00eda sobre las reacciones en redes sociales del caso de la joven Karen que sacudi\u00f3 a la Ciudad de M\u00e9xico al reportar a su madre mediante whatsapp, que el conductor del taxi que hab\u00eda abordado era grosero con ella y [&hellip;]<\/p>\n","protected":false},"author":2,"featured_media":51286,"comment_status":"open","ping_status":"open","sticky":false,"template":"","format":"standard","meta":{"_jetpack_newsletter_access":"","_jetpack_dont_email_post_to_subs":false,"_jetpack_newsletter_tier_id":0,"_jetpack_memberships_contains_paywalled_content":false,"_jetpack_memberships_contains_paid_content":false,"footnotes":""},"categories":[70],"tags":[2687,3021,826,15875,2646,1106,15895],"class_list":["post-51285","post","type-post","status-publish","format-standard","has-post-thumbnail","hentry","category-de-opinion","tag-brenda-caballero","tag-ciro-gomez-leyva","tag-feminicidios","tag-karen","tag-salvador-munoz","tag-trending-topic","tag-un-violador-en-tu-camino"],"jetpack_featured_media_url":"https:\/\/lospoliticosveracruz.com.mx\/wp-content\/uploads\/2019\/12\/karen-espindola-entrevista-medium.png","jetpack_sharing_enabled":true,"jetpack_shortlink":"https:\/\/wp.me\/p4Qcd3-dlb","_links":{"self":[{"href":"https:\/\/lospoliticosveracruz.com.mx\/index.php?rest_route=\/wp\/v2\/posts\/51285","targetHints":{"allow":["GET"]}}],"collection":[{"href":"https:\/\/lospoliticosveracruz.com.mx\/index.php?rest_route=\/wp\/v2\/posts"}],"about":[{"href":"https:\/\/lospoliticosveracruz.com.mx\/index.php?rest_route=\/wp\/v2\/types\/post"}],"author":[{"embeddable":true,"href":"https:\/\/lospoliticosveracruz.com.mx\/index.php?rest_route=\/wp\/v2\/users\/2"}],"replies":[{"embeddable":true,"href":"https:\/\/lospoliticosveracruz.com.mx\/index.php?rest_route=%2Fwp%2Fv2%2Fcomments&post=51285"}],"version-history":[{"count":1,"href":"https:\/\/lospoliticosveracruz.com.mx\/index.php?rest_route=\/wp\/v2\/posts\/51285\/revisions"}],"predecessor-version":[{"id":51287,"href":"https:\/\/lospoliticosveracruz.com.mx\/index.php?rest_route=\/wp\/v2\/posts\/51285\/revisions\/51287"}],"wp:featuredmedia":[{"embeddable":true,"href":"https:\/\/lospoliticosveracruz.com.mx\/index.php?rest_route=\/wp\/v2\/media\/51286"}],"wp:attachment":[{"href":"https:\/\/lospoliticosveracruz.com.mx\/index.php?rest_route=%2Fwp%2Fv2%2Fmedia&parent=51285"}],"wp:term":[{"taxonomy":"category","embeddable":true,"href":"https:\/\/lospoliticosveracruz.com.mx\/index.php?rest_route=%2Fwp%2Fv2%2Fcategories&post=51285"},{"taxonomy":"post_tag","embeddable":true,"href":"https:\/\/lospoliticosveracruz.com.mx\/index.php?rest_route=%2Fwp%2Fv2%2Ftags&post=51285"}],"curies":[{"name":"wp","href":"https:\/\/api.w.org\/{rel}","templated":true}]}}