{"id":51324,"date":"2019-12-09T09:54:04","date_gmt":"2019-12-09T15:54:04","guid":{"rendered":"http:\/\/www.lospoliticosveracruz.com.mx\/?p=51324"},"modified":"2019-12-09T09:54:04","modified_gmt":"2019-12-09T15:54:04","slug":"el-waterloo-de-cuitlahuac","status":"publish","type":"post","link":"https:\/\/lospoliticosveracruz.com.mx\/?p=51324","title":{"rendered":"El \u00abWaterloo\u00bb de Cuitl\u00e1huac"},"content":{"rendered":"<p><strong>Ricardo Ch\u00faa<\/strong><\/p>\n<p><em>Sale y Vale<\/em><\/p>\n<p>VERACRUZ, ESTADO FALLIDO&#8230; Si el tema de los j\u00f3venes desaparecidos en Tierra Blanca hace 4 a\u00f1os fue el \u00abWaterloo\u00bb de Javier Duarte y su administraci\u00f3n, que a la larga deriv\u00f3 que fuera derrotado por el PAN en 2016&#8230; Este caso de los 3 j\u00f3venes desaparecidos en Veracruz-Boca del R\u00edo desde el viernes pasado&#8230; As\u00ed como de la ni\u00f1a de 12 a\u00f1os que tampoco encuentran desde ese d\u00eda y cuyo hecho sucedi\u00f3 en la colonia Villa Rica de la ciudad boque\u00f1a&#8230;. Puede generar el \u00abWaterloo\u00bb de Cuitl\u00e1huac&#8230;<\/p>\n<p>Para nadie es un secreto, seg\u00fan los expertos en materia de seguridad&#8230; De que Veracruz en este asunto ya es un \u00abEstado Fallido\u00bb&#8230; As\u00ed de directo el tema&#8230; Lo dicho desde hace tiempo, sin seguridad no habr\u00e1 Cuarta Transformaci\u00f3n en Veracruz&#8230; Y en eso el gobernador y su gabinete est\u00e1n fallando de manera grave&#8230; Ya que la inseguridad sigue teniendo \u00abpresa\u00bb a la sociedad veracruzana y sigue rebasando al gobierno de Cuitl\u00e1huac&#8230;<\/p>\n<p>Ya que Cuitl\u00e1huac como Gobernador, no s\u00f3lo tiene a los municipios de MORENA como Coatzacoalcos, Minatitlan (Donde han ocurrido MASACRES como la del Bar -Caballo Blanco- y de la Colonia Obrera) y Xalapa como los menos seguros de la entidad&#8230; Sino que este problema, lo tiene en las urbes m\u00e1s representativas del Estado como: Veracruz-Boca del R\u00edo&#8230; Ya que en esta zona primero se presentaron las agresiones sexuales a mujeres a plena luz del d\u00eda y ahora con la desaparici\u00f3n de 3 j\u00f3venes y una ni\u00f1a, esto ya es grave&#8230;<\/p>\n<p>Lo \u00faltimo que se sabe seg\u00fan La Fuente, es que presuntamente los 3 j\u00f3venes iban en un mismo taxi cuando desaparecieron&#8230; Pero se desconoce si se conoc\u00edan entre si o no&#8230;. Al menos es una de las versiones que se saben&#8230; Lo de la ni\u00f1a se tienen informes que la \u00faltima vez que se le vio fue en la colonia Villa Rica,.. A la hora de escribir la columna aun no se ten\u00edan informes de ninguno de ellos&#8230; Ojal\u00e1 a la hora de leerla, ya se tengan buenas noticias.. Nadie quiere otro tipo de desenlace&#8230;<\/p>\n<p>Finalmente esto ya es una informaci\u00f3n a nivel nacional porque las redes sociales y medios de comunicaci\u00f3n est\u00e1n apoyando para encontrar a estos desaparecidos&#8230; Lo grave es que el gobierno de Veracruz no da informes de nada&#8230; Lo cual hace suponer que no hay avances en el paradero de estas personas&#8230; Por eso esperamos que Astrid Carolina, David y Cristian sean encontrados con bien y que la ni\u00f1a Airam tambi\u00e9n tenga un desenlace feliz para ella y su familia&#8230;<\/p>\n<p>Abordar m\u00e1s del tema en estos momentos&#8230; No es conveniente para las v\u00edctimas&#8230; Tampoco entrar en especulaciones&#8230; La presi\u00f3n ser\u00e1 para las autoridades para encontrarlos con bien, sanos y salvos&#8230; Lo grave es que ya Veracruz-Boca del R\u00edo no es seguro para transitar por sus calles&#8230; Ese \u00aboasis\u00bb en comparaci\u00f3n con Coatzacoalcos o Minatitlan est\u00e1 empezando a terminar&#8230; Y tambi\u00e9n aqu\u00ed somos \u00abpresas\u00bb de la inseguridad&#8230; Y, dif\u00edcilmente, el gobierno estatal lo podr\u00e1 garantizar&#8230; Estamos m\u00e1s que \u00abjodidos\u00bb&#8230; DIOS NOS BENDIGA&#8230;<\/p>\n<p>EXCLUSIVA&#8230; Se espera que antes de que termine el a\u00f1o&#8230; La mayor\u00eda de los 60 alcaldes panistas en Veracruz&#8230; Hagan un pronunciamiento en conjunto por las acciones del gobierno de Cuitl\u00e1huac Garc\u00eda y su desinter\u00e9s por otorgar beneficios a sus municipios&#8230; Los alcaldes anda \u00abenvalentonados\u00bb ahora que su comit\u00e9 nacional del PAN les entreg\u00f3 unos resultados de encuestas sobre la valoraci\u00f3n del gobierno de Veracruz&#8230; Y, no sali\u00f3 bien parado&#8230; Lo ven d\u00e9bil y van a aprovechar para hacer esc\u00e1ndalo&#8230;. Finalmente es pol\u00edtica, no \u00abmatetena\u00bb&#8230;<\/p>\n<p>Seguro ser\u00e1 un discurso duro sobre el gobernador&#8230; Aprovechando que controlan los municipios m\u00e1s grandes de Veracruz&#8230; Pero tambi\u00e9n los distritos que fueron ganados por el \u00abtsunami\u00bb L\u00f3pez Obrador&#8230; Que este a\u00f1o venidero no participar\u00e1 electoralmente y saben que a partir de septiembre pr\u00f3ximo empiezan los comicios para la elecci\u00f3n del 2021&#8230; No le van a dar \u00abtregua\u00bb al gobierno estatal&#8230; Y van a impugnar cualquier tipo de cambios a la Constituci\u00f3n Local&#8230; Saben que MORENA s\u00f3lo controla 19 ayuntamientos..<\/p>\n<p>OJO&#8230; Pero no s\u00f3lo ir\u00e1n sobre el gobierno de MORENA en Veracruz sino que tambi\u00e9n pedir\u00e1n \u00abmesura\u00bb al comit\u00e9 estatal de su partido&#8230; Saben que el gobierno de Cuitl\u00e1huac tiene \u00abmaniatado\u00bb al \u00abChapito\u00bb Guzm\u00e1n Avil\u00e9s por la denuncia en su contra por desv\u00edo de recursos y que ya fue interpuesto ante la FGE, la acusaci\u00f3n fue cuando era el titular de SEDARPA en el gobierno de Yunes Linares, y fue interpuesta la semana pasada&#8230; Por ese motivo, le dar\u00e1n el mensaje a su presidente de partido, que deje ver y deje pasar&#8230;<\/p>\n<p>Los alcaldes \u00abazules\u00bb con los panistas aliados a los Yunes Azules, son los que tienen, el control de los delegados del Consejo Pol\u00edtico Estatal del PAN&#8230; Que con ello tambi\u00e9n los presidentes municipales \u00able atan\u00bb las manos al \u00abChapito\u00bb para que no se deje \u00abinfluenciar\u00bb por los \u00abecos\u00bb Morenos que le puedan llegar desde Palacio de Gobierno a su oficina en el CDE&#8230; De esa manera, PAN evitar\u00e1 de ser una \u00aboposici\u00f3n c\u00f3moda\u00bb para el gobierno estatal, Cuitl\u00e1huac y MORENA&#8230; As\u00ed que el anunci\u00f3 de los alcaldes azules va en serio&#8230; AMEN&#8230;<\/p>\n<p>EL DILEMA.. \u00bfA qui\u00e9n le tendr\u00e1 m\u00e1s temor el -Chap\u00edto- Guzm\u00e1n?&#8230; \u00bfA la denuncia de Cuitl\u00e1huac en su contra por presunto desvi\u00f3 de recursos? o \u00bfQue los Yunes azules junto con sus aliados alcaldes y delegados del PAN le quiten el poder de su presidencia estatal?&#8230; El \u00abChapito\u00bb est\u00e1 entre \u00abdos fuegos\u00bb porque no podr\u00e1 operar libremente, ni pa un lado, ni pa el otro&#8230; Como en su momento si pudo hacer P-Edel Alvarez Pe\u00f1a en la Presidencia del TSJE cuando se lo entreg\u00f3 a una magistrada de MORENA&#8230;<\/p>\n<p>El \u00abChapito\u00bb la tiene muy complicada porque \u00e9l no tiene la intenci\u00f3n de hacer \u00abalianza\u00bb de partidos para el 2021&#8230; MORENA intenta ocuparlo para \u00abpulverizar\u00bb el voto azul&#8230; Pero \u00e9l con el consejo estatal en contra no tendr\u00eda ese poder para \u00abmaniobrar\u00bb ese proceso&#8230; Y sabe que cada paso que d\u00e9 est\u00e1 \u00abvigilado\u00bb por los alcaldes panistas y los nuevos delegados&#8230; Por eso la denuncia en su contra poco va a funcionar para que opere con los Morenos&#8230; En pocas palabras, el Chapito ya es un estorbo m\u00e1s que una ayuda&#8230; TAN&#8230; TAN&#8230;<\/p>\n","protected":false},"excerpt":{"rendered":"<p>Ricardo Ch\u00faa Sale y Vale VERACRUZ, ESTADO FALLIDO&#8230; Si el tema de los j\u00f3venes desaparecidos en Tierra Blanca hace 4 a\u00f1os fue el \u00abWaterloo\u00bb de Javier Duarte y su administraci\u00f3n, que a la larga deriv\u00f3 que fuera derrotado por el PAN en 2016&#8230; Este caso de los 3 j\u00f3venes desaparecidos en Veracruz-Boca del R\u00edo desde [&hellip;]<\/p>\n","protected":false},"author":2,"featured_media":51325,"comment_status":"open","ping_status":"open","sticky":false,"template":"","format":"standard","meta":{"_jetpack_newsletter_access":"","_jetpack_dont_email_post_to_subs":false,"_jetpack_newsletter_tier_id":0,"_jetpack_memberships_contains_paywalled_content":false,"_jetpack_memberships_contains_paid_content":false,"footnotes":""},"categories":[70],"tags":[601,371,15902,12744,1563,1033,260,373,266,3198,195,96],"class_list":["post-51324","post","type-post","status-publish","format-standard","has-post-thumbnail","hentry","category-de-opinion","tag-boca-del-rio","tag-coatzacoalcos","tag-colonia-villa-rica","tag-cuarta-transformacion","tag-cuitlahuac-garcia-jimenez","tag-estado-fallido","tag-javier-duarte-de-ochoa","tag-minatitlan","tag-pan","tag-tierra-blanca","tag-veracruz","tag-xalapa"],"jetpack_featured_media_url":"https:\/\/lospoliticosveracruz.com.mx\/wp-content\/uploads\/2019\/12\/astrid-cirstian-david.jpg","jetpack_sharing_enabled":true,"jetpack_shortlink":"https:\/\/wp.me\/p4Qcd3-dlO","_links":{"self":[{"href":"https:\/\/lospoliticosveracruz.com.mx\/index.php?rest_route=\/wp\/v2\/posts\/51324","targetHints":{"allow":["GET"]}}],"collection":[{"href":"https:\/\/lospoliticosveracruz.com.mx\/index.php?rest_route=\/wp\/v2\/posts"}],"about":[{"href":"https:\/\/lospoliticosveracruz.com.mx\/index.php?rest_route=\/wp\/v2\/types\/post"}],"author":[{"embeddable":true,"href":"https:\/\/lospoliticosveracruz.com.mx\/index.php?rest_route=\/wp\/v2\/users\/2"}],"replies":[{"embeddable":true,"href":"https:\/\/lospoliticosveracruz.com.mx\/index.php?rest_route=%2Fwp%2Fv2%2Fcomments&post=51324"}],"version-history":[{"count":1,"href":"https:\/\/lospoliticosveracruz.com.mx\/index.php?rest_route=\/wp\/v2\/posts\/51324\/revisions"}],"predecessor-version":[{"id":51326,"href":"https:\/\/lospoliticosveracruz.com.mx\/index.php?rest_route=\/wp\/v2\/posts\/51324\/revisions\/51326"}],"wp:featuredmedia":[{"embeddable":true,"href":"https:\/\/lospoliticosveracruz.com.mx\/index.php?rest_route=\/wp\/v2\/media\/51325"}],"wp:attachment":[{"href":"https:\/\/lospoliticosveracruz.com.mx\/index.php?rest_route=%2Fwp%2Fv2%2Fmedia&parent=51324"}],"wp:term":[{"taxonomy":"category","embeddable":true,"href":"https:\/\/lospoliticosveracruz.com.mx\/index.php?rest_route=%2Fwp%2Fv2%2Fcategories&post=51324"},{"taxonomy":"post_tag","embeddable":true,"href":"https:\/\/lospoliticosveracruz.com.mx\/index.php?rest_route=%2Fwp%2Fv2%2Ftags&post=51324"}],"curies":[{"name":"wp","href":"https:\/\/api.w.org\/{rel}","templated":true}]}}