{"id":51335,"date":"2019-12-10T08:59:44","date_gmt":"2019-12-10T14:59:44","guid":{"rendered":"http:\/\/www.lospoliticosveracruz.com.mx\/?p=51335"},"modified":"2019-12-10T08:59:44","modified_gmt":"2019-12-10T14:59:44","slug":"perote-el-informe-municipal","status":"publish","type":"post","link":"https:\/\/lospoliticosveracruz.com.mx\/?p=51335","title":{"rendered":"Perote, el informe municipal"},"content":{"rendered":"<p><strong>Luis Alberto Romero<\/strong><\/p>\n<p><em>Hora cero<\/em><br \/>\nEn Perote, uno de los principales problemas para la poblaci\u00f3n es el relacionado con el abasto de agua.<br \/>\nDurante los meses recientes, el asunto del agua en este municipio, muy cercano a la capital veracruzana, se ha complicado, afectando a miles de personas.<br \/>\nEn su segundo informe de gobierno, el alcalde Juan Francisco Hervert Prado retom\u00f3 el tema y reconoci\u00f3 que se trata de \u201cun problema social que requiere atenci\u00f3n inmediata\u201d; y pidi\u00f3 a las autoridades estatales coordinaci\u00f3n para que suministrar de forma suficiente el l\u00edquido a los perote\u00f1os.<br \/>\nAsegur\u00f3 el edil que su administraci\u00f3n tiene la disposici\u00f3n de apoyar en la perforaci\u00f3n de un nuevo pozo que incremente el abasto.<br \/>\nComo parte de las acciones para contrarrestar los efectos negativos de la falta de agua, la autoridad municipal distribuy\u00f3 m\u00e1s de 21 millones de litros a las zonas que m\u00e1s lo requieren, esto durante 2019.<br \/>\nEn Perote, el servicio de agua entubada no corresponde al Ayuntamiento, sino a la Comisi\u00f3n estatal; precisamente por ello, la autoridad local explora la ruta de la municipalizaci\u00f3n del agua como una v\u00eda para la soluci\u00f3n del problema.<br \/>\nLo destacable es que el gobierno municipal no evade el tema ni arroja la papa caliente a la instancia estatal, sino que asume una posici\u00f3n autocr\u00edtica y plantea la necesidad de sumar esfuerzos para resolver uno de los grandes problemas en ese lugar.<br \/>\nCualquier otro edil se librar\u00eda de la cr\u00edtica culpando al gobierno estatal; el de Perote no lo hizo, sino que canaliz\u00f3 recursos para suministrar agua a la poblaci\u00f3n y plantear, como una posible soluci\u00f3n, hacerse cargo del abasto de manera formal, lo que implica el compromiso de canalizar importantes para las obras y los equipos necesarios.<br \/>\nEl alcalde rindi\u00f3 su segundo informe el pasado viernes; en ese marco, se refiri\u00f3 a la obra p\u00fablica y destac\u00f3 el esfuerzo para rescatar recursos pendientes de 2016, que permitieron la pavimentaci\u00f3n de 37 calles en la cabecera.<br \/>\nIndic\u00f3 que este a\u00f1o se realizaron 109 obras prioritarias con una inversi\u00f3n superior a 96 millones de pesos.<br \/>\nJuan Francisco Hervert Prado expuso que como nunca antes se utiliz\u00f3 el m\u00e1s alto porcentaje de recursos de todos los fondos para la mayor cantidad de obra p\u00fablica.<br \/>\nSon m\u00e1s de 67 mil metros cuadrados de pavimentaci\u00f3n, 12 mil metros lineales de guarniciones, mil 100 metros cuadrados de adoqu\u00edn, 4 mil 400 metros cuadrados de banquetas, 8 mil 300 metros lineales de tuber\u00edas de drenaje, y m\u00e1s de 5 mil metros de l\u00edneas de agua potable; sin duda, resultados sobresalientes en materia de obra p\u00fablica.<br \/>\nEl edil perote\u00f1o reconci\u00f3 al personal del sistema municipal para el Desarrollo Integral de la Familia, DIF, cuyo presidente, Juan Francisco Hervert Rivera, tambi\u00e9n rindi\u00f3 su informe en el mismo evento.<br \/>\nEl caso del DIF de Perote es un ejemplo de todo lo que se puede hacer en un organismo que se ha concentrado en la atenci\u00f3n a los grupos vulnerables.<br \/>\nDel trabajo en ese organismo se podr\u00eda citar el programa \u201cVer para avanzar\u201d, una campa\u00f1a de salud visual que entreg\u00f3 950 lentes y mil 250 m\u00e1s a estudiantes de nivel b\u00e1sico; y logr\u00f3 160 operaciones de cataratas.<br \/>\nEl DIF de Perote entreg\u00f3 este a\u00f1o 158 aparatos funcionales; casi dos mil cobertores en comunidades vulnerables; 2 mil 700 pares de zapatos para estudiantes; 23 mil medicamentos y casi diez mil consultas m\u00e9dicas; sin contar con los programas de apoyo a personas de la tercera edad, a ni\u00f1os y mujeres.<br \/>\nFueron, en s\u00edntesis, las cuentas de un ayuntamiento que a juzgar por el segundo informe, ha dado prioridad a la atenci\u00f3n de grupos vulnerables. @luisromero85<\/p>\n","protected":false},"excerpt":{"rendered":"<p>Luis Alberto Romero Hora cero En Perote, uno de los principales problemas para la poblaci\u00f3n es el relacionado con el abasto de agua. Durante los meses recientes, el asunto del agua en este municipio, muy cercano a la capital veracruzana, se ha complicado, afectando a miles de personas. En su segundo informe de gobierno, el [&hellip;]<\/p>\n","protected":false},"author":2,"featured_media":51336,"comment_status":"open","ping_status":"open","sticky":false,"template":"","format":"standard","meta":{"_jetpack_newsletter_access":"","_jetpack_dont_email_post_to_subs":false,"_jetpack_newsletter_tier_id":0,"_jetpack_memberships_contains_paywalled_content":false,"_jetpack_memberships_contains_paid_content":false,"footnotes":""},"categories":[70],"tags":[3739,7346,2669,148],"class_list":["post-51335","post","type-post","status-publish","format-standard","has-post-thumbnail","hentry","category-de-opinion","tag-caev","tag-juan-francisco-hervert-prado","tag-luis-alberto-romero","tag-perote"],"jetpack_featured_media_url":"https:\/\/lospoliticosveracruz.com.mx\/wp-content\/uploads\/2019\/12\/Perote.jpg","jetpack_sharing_enabled":true,"jetpack_shortlink":"https:\/\/wp.me\/p4Qcd3-dlZ","_links":{"self":[{"href":"https:\/\/lospoliticosveracruz.com.mx\/index.php?rest_route=\/wp\/v2\/posts\/51335","targetHints":{"allow":["GET"]}}],"collection":[{"href":"https:\/\/lospoliticosveracruz.com.mx\/index.php?rest_route=\/wp\/v2\/posts"}],"about":[{"href":"https:\/\/lospoliticosveracruz.com.mx\/index.php?rest_route=\/wp\/v2\/types\/post"}],"author":[{"embeddable":true,"href":"https:\/\/lospoliticosveracruz.com.mx\/index.php?rest_route=\/wp\/v2\/users\/2"}],"replies":[{"embeddable":true,"href":"https:\/\/lospoliticosveracruz.com.mx\/index.php?rest_route=%2Fwp%2Fv2%2Fcomments&post=51335"}],"version-history":[{"count":1,"href":"https:\/\/lospoliticosveracruz.com.mx\/index.php?rest_route=\/wp\/v2\/posts\/51335\/revisions"}],"predecessor-version":[{"id":51337,"href":"https:\/\/lospoliticosveracruz.com.mx\/index.php?rest_route=\/wp\/v2\/posts\/51335\/revisions\/51337"}],"wp:featuredmedia":[{"embeddable":true,"href":"https:\/\/lospoliticosveracruz.com.mx\/index.php?rest_route=\/wp\/v2\/media\/51336"}],"wp:attachment":[{"href":"https:\/\/lospoliticosveracruz.com.mx\/index.php?rest_route=%2Fwp%2Fv2%2Fmedia&parent=51335"}],"wp:term":[{"taxonomy":"category","embeddable":true,"href":"https:\/\/lospoliticosveracruz.com.mx\/index.php?rest_route=%2Fwp%2Fv2%2Fcategories&post=51335"},{"taxonomy":"post_tag","embeddable":true,"href":"https:\/\/lospoliticosveracruz.com.mx\/index.php?rest_route=%2Fwp%2Fv2%2Ftags&post=51335"}],"curies":[{"name":"wp","href":"https:\/\/api.w.org\/{rel}","templated":true}]}}