{"id":51338,"date":"2019-12-10T09:07:21","date_gmt":"2019-12-10T15:07:21","guid":{"rendered":"http:\/\/www.lospoliticosveracruz.com.mx\/?p=51338"},"modified":"2019-12-10T09:07:21","modified_gmt":"2019-12-10T15:07:21","slug":"coatepec-el-informe-municipal","status":"publish","type":"post","link":"https:\/\/lospoliticosveracruz.com.mx\/?p=51338","title":{"rendered":"Coatepec, el informe municipal"},"content":{"rendered":"<p><strong>Enrique Yasser Pompeyo<\/strong><\/p>\n<p><em>Mesa de Redacci\u00f3n<\/em><\/p>\n<p>En Coatepec, una de las mayores demandas de los ciudadanos es la obra p\u00fablica y los servicios b\u00e1sicos.<\/p>\n<p>El presidente municipal Enrique Fern\u00e1ndez Peredo, al presentar su Segundo Informe de Gobierno, adelant\u00f3 dos acciones para 2020 que beneficiar\u00e1n a miles de ciudadanos.<\/p>\n<p>Se rehabilitar\u00e1 totalmente la calle Xavier Mina, en el tramo conocido como \u201cLos Carriles\u201d. La obra incluye la introducci\u00f3n de drenaje pluvial, agua potable, alumbrado p\u00fablico, guarniciones, banquetas y pavimentaci\u00f3n con concreto hidr\u00e1ulico.<\/p>\n<p>El otro proyecto es la construcci\u00f3n de la cuarta etapa del sistema m\u00faltiple de agua en beneficio de 15 mil 135 habitantes de las congregaciones de El Grande, Las Lomas, Tuzamapan y la localidad de Puerto Rico, para lo cual se destinar\u00e1n m\u00e1s de 18 millones de pesos.<\/p>\n<p>El alcalde tambi\u00e9n anunci\u00f3 la inauguraci\u00f3n del Museo Interactivo del Agua, primero en su tipo a nivel estatal; brindar\u00e1 a la poblaci\u00f3n experiencias que le permitan conocer la situaci\u00f3n actual del agua en los contextos mundial, nacional y regional, mediante el uso de la tecnolog\u00eda y medios digitales.<\/p>\n<p>Enrique Fern\u00e1ndez tiene claro que el turismo es uno de los ejes para impulsar el desarrollo econ\u00f3mico por lo que con la participaci\u00f3n de la Iniciativa Privada y la sociedad civil se organizaron el Festival Internacional de la Orqu\u00eddea, el Festival Artesanal de la Cerveza, el Festival San Ger\u00f3nimo y el Festival Gastron\u00f3mico Puerta de los Sabores.<\/p>\n<p>2019 fue un gran a\u00f1o para el turismo en el Pueblo M\u00e1gico, ya que se cont\u00f3 con una afluencia de 195 mil visitantes que dejaron una derrama econ\u00f3mica superior a los 70 millones de pesos.<\/p>\n<p>En inversi\u00f3n p\u00fablica, el alcalde se\u00f1al\u00f3 que con recursos del Ramo 033 se hicieron obras de drenaje sanitario, agua potable, ampliaci\u00f3n de red el\u00e9ctrica y mejoramiento de aulas.<\/p>\n<p>En obras y acciones se invirtieron m\u00e1s de 51 millones de pesos del Fondo para la Infraestructura Social Municipal y Demarcaciones Territoriales del Distrito Federal (FISM-DF).<\/p>\n<p>Con una inversi\u00f3n de 21 millones de pesos se logr\u00f3 la realizaci\u00f3n de 69 obras prioritarias, ubicadas en las congregaciones de Cinco Palos, Isleta Grande, Las Lomas, Mahuixtl\u00e1n, Tuzamapan, y en las localidades de Puerto Rico, Tepeapulco, Vaquer\u00eda y en la cabecera municipal.<\/p>\n<p>Asimismo, se efectuaron 30 obras de ampliaci\u00f3n de la red de agua potable y drenaje sanitario con una longitud de m\u00e1s de 12 mil metros lineales; se realizaron 12 obras de ampliaci\u00f3n de red el\u00e9ctrica y se rehabilitaron 2 mil luminarias en 17 congregaciones y la cabecera municipal.<\/p>\n<p>Para garantizar la salud de la poblaci\u00f3n se puso en marcha la campa\u00f1a \u201cLava, Tapa, Voltea y Tira\u201d, mediante la que se efectuaron 39 acciones en siete congregaciones y la cabecera municipal.<\/p>\n<p>En educaci\u00f3n, Fern\u00e1ndez Peredo manifest\u00f3 que trav\u00e9s de la Direcci\u00f3n de Educaci\u00f3n, Cultura y Deporte se realizaron acciones de coordinaci\u00f3n con el Instituto Veracruzano de Educaci\u00f3n para los Adultos (IVEA) para la alfabetizaci\u00f3n de 300 adultos.<\/p>\n<p>Se beneficiaron 50 instituciones educativas de nivel b\u00e1sico, medio superior y superior con el apoyo de material did\u00e1ctico, ayuda econ\u00f3mica para viajes educativos, clausuras y conferencias en el auditorio municipal.<\/p>\n<p>Adem\u00e1s, se entregaron 600 becas del programa FORTAMUN para ni\u00f1os de bajos recursos que cursan el nivel b\u00e1sico en 63 escuelas del municipio, con una inversi\u00f3n de 600 mil pesos.<\/p>\n<p>El alcalde tiene claro que a\u00fan falta mucho por hacer, por lo que para el siguiente a\u00f1o se comprometi\u00f3 a entregar mejores resultados a los coatepecanos y dejar finanzas sanas a la siguiente administraci\u00f3n.<\/p>\n<p>enriquepompeyo@hotmail.com<\/p>\n","protected":false},"excerpt":{"rendered":"<p>Enrique Yasser Pompeyo Mesa de Redacci\u00f3n En Coatepec, una de las mayores demandas de los ciudadanos es la obra p\u00fablica y los servicios b\u00e1sicos. El presidente municipal Enrique Fern\u00e1ndez Peredo, al presentar su Segundo Informe de Gobierno, adelant\u00f3 dos acciones para 2020 que beneficiar\u00e1n a miles de ciudadanos. Se rehabilitar\u00e1 totalmente la calle Xavier Mina, [&hellip;]<\/p>\n","protected":false},"author":2,"featured_media":51339,"comment_status":"open","ping_status":"open","sticky":false,"template":"","format":"standard","meta":{"_jetpack_newsletter_access":"","_jetpack_dont_email_post_to_subs":false,"_jetpack_newsletter_tier_id":0,"_jetpack_memberships_contains_paywalled_content":false,"_jetpack_memberships_contains_paid_content":false,"footnotes":""},"categories":[70],"tags":[277,13635,15477,15904,15905],"class_list":["post-51338","post","type-post","status-publish","format-standard","has-post-thumbnail","hentry","category-de-opinion","tag-coatepec","tag-enrique-fernandez-peredo","tag-enrique-yasser-pompeyo","tag-los-carriles","tag-museo-interactivo-del-agua"],"jetpack_featured_media_url":"https:\/\/lospoliticosveracruz.com.mx\/wp-content\/uploads\/2019\/12\/Coatepec-alcalde.jpeg","jetpack_sharing_enabled":true,"jetpack_shortlink":"https:\/\/wp.me\/p4Qcd3-dm2","_links":{"self":[{"href":"https:\/\/lospoliticosveracruz.com.mx\/index.php?rest_route=\/wp\/v2\/posts\/51338","targetHints":{"allow":["GET"]}}],"collection":[{"href":"https:\/\/lospoliticosveracruz.com.mx\/index.php?rest_route=\/wp\/v2\/posts"}],"about":[{"href":"https:\/\/lospoliticosveracruz.com.mx\/index.php?rest_route=\/wp\/v2\/types\/post"}],"author":[{"embeddable":true,"href":"https:\/\/lospoliticosveracruz.com.mx\/index.php?rest_route=\/wp\/v2\/users\/2"}],"replies":[{"embeddable":true,"href":"https:\/\/lospoliticosveracruz.com.mx\/index.php?rest_route=%2Fwp%2Fv2%2Fcomments&post=51338"}],"version-history":[{"count":1,"href":"https:\/\/lospoliticosveracruz.com.mx\/index.php?rest_route=\/wp\/v2\/posts\/51338\/revisions"}],"predecessor-version":[{"id":51340,"href":"https:\/\/lospoliticosveracruz.com.mx\/index.php?rest_route=\/wp\/v2\/posts\/51338\/revisions\/51340"}],"wp:featuredmedia":[{"embeddable":true,"href":"https:\/\/lospoliticosveracruz.com.mx\/index.php?rest_route=\/wp\/v2\/media\/51339"}],"wp:attachment":[{"href":"https:\/\/lospoliticosveracruz.com.mx\/index.php?rest_route=%2Fwp%2Fv2%2Fmedia&parent=51338"}],"wp:term":[{"taxonomy":"category","embeddable":true,"href":"https:\/\/lospoliticosveracruz.com.mx\/index.php?rest_route=%2Fwp%2Fv2%2Fcategories&post=51338"},{"taxonomy":"post_tag","embeddable":true,"href":"https:\/\/lospoliticosveracruz.com.mx\/index.php?rest_route=%2Fwp%2Fv2%2Ftags&post=51338"}],"curies":[{"name":"wp","href":"https:\/\/api.w.org\/{rel}","templated":true}]}}