{"id":51347,"date":"2019-12-10T14:47:51","date_gmt":"2019-12-10T20:47:51","guid":{"rendered":"http:\/\/www.lospoliticosveracruz.com.mx\/?p=51347"},"modified":"2019-12-10T14:47:51","modified_gmt":"2019-12-10T20:47:51","slug":"primer-ano-de-cuitlahuac-entre-nepotismo-opacidad-y-la-inaccion-glpan","status":"publish","type":"post","link":"https:\/\/lospoliticosveracruz.com.mx\/?p=51347","title":{"rendered":"Primer\u00a0a\u00f1o de Cuitl\u00e1huac, entre nepotismo, opacidad y la inacci\u00f3n: GLPAN"},"content":{"rendered":"<p>El Grupo Legislativo del PAN se\u00f1al\u00f3 al gobierno de Cuitl\u00e1huac Garc\u00eda Jim\u00e9nez, por la inacci\u00f3n para hacer frente a los problemas de Veracruz, que tienen a la entidad entre los primeros lugares de inseguridad, desabasto de medicamentos, subejercicio del dinero p\u00fablico y opacidad.<\/p>\n<p>El coordinador de los diputados panistas, Omar Miranda, dijo que en este gobierno pareciera haber prisa por demoler lo que se construy\u00f3 en el pasado, sin una propuesta clara de c\u00f3mo reemplazarlo, aunado al p\u00e9simo desempe\u00f1o de los integrantes del gabinete estatal, a quienes demandaron un examen de conciencia para resultados.<\/p>\n<p>\u201cLos funcionarios que lo acompa\u00f1an en su gobierno, est\u00e1n lejos de ser ejemplo de un adecuado desempe\u00f1o del servicio p\u00fablico, pues durante las comparecencias tuvieron una constante: acudieron a leer un informe por escrito sin informar con certeza respecto a las dudas fundadas que expusimos. Por eso creemos urgente y necesario que haga un examen exhaustivo respecto al desempe\u00f1o de su gabinete, por su falta de capacidad\u201d<\/p>\n<p>Hizo un llamado al titular del Poder Ejecutivo para no intentar silenciar a la oposici\u00f3n, ya que en repetidas ocasiones los diputados del PAN pidieron la comparecencia del Secretario de Seguridad P\u00fablica, para analizar en conjunto la estrategia.<\/p>\n<p>\u201cAll\u00e1 afuera los ciudadanos y sobre todo las mujeres se sienten inseguras al salir de su casa, porque la percepci\u00f3n de seguridad es casi nula tras ocupar primeros lugares en feminicidios y secuestro de mujeres, as\u00ed como un aumento en los cr\u00edmenes de odio \u00bfQu\u00e9 est\u00e1 haciendo el Estado en materia de seguridad para reducir estos \u00edndices?\u201d<\/p>\n<p>Omar Miranda le dijo al Gobernador que hablando del pasado no se recupera la p\u00e9rdida de vidas por negligencia de servidores p\u00fablicos, ni se atienden ni se resuelven las movilizaciones ciudadanas por el desabasto de medicamentos en diversos hospitales p\u00fablicos de Veracruz.<\/p>\n<p>\u201cNos ofende la soberbia con la que se conduce su Secretario de Salud, quien asegur\u00f3: Que el primer lugar nacional en dengue, hab\u00eda sido una mentira creada por ciudadanos y periodistas; a quienes por cierto descalific\u00f3 con la frase \u201cNing\u00fan chile les embona\u201d ya que seg\u00fan el Secretario siempre preguntan lo mismo y se concentran en lo negativo. Lo cual resulta una verdadera pena que no haya respeto a los periodistas de Veracruz, un estado lastimado por la violencia ejercida contra los comunicadores\u201d<\/p>\n<p>El GLPAN dijo que no hay crecimiento econ\u00f3mico en el estado, pues la mediana y peque\u00f1a empresa se encuentran estancadas, sin dinero circulante y nula inversi\u00f3n p\u00fablica, toda vez que la econom\u00eda en Veracruz se colapsa y muchos ciudadanos se arrepienten de haber votado por MORENA.<\/p>\n<p>Omar Miranda asegur\u00f3 que el PAN exige una lucha aut\u00e9ntica contra la corrupci\u00f3n y que deje de ser utilizada con fines medi\u00e1ticos, porque a un a\u00f1o del gobierno estatal hay indicios de nepotismo, opacidad e inacci\u00f3n. Hizo un llamado para ya no transitar entre la ocurrencia y la justificaci\u00f3n, ya que descalificar el pasado no soluciona los problemas del presente.<\/p>\n<p>\u201cAtentar contra la autonom\u00eda de las instituciones, que constitucionalmente gozan de ella, es un retroceso para la democracia. En el Grupo Legislativo del PAN lo seguiremos emplazando al di\u00e1logo, ese di\u00e1logo que usted ha impedido cerr\u00e1ndonos las puertas de Palacio de Gobierno o ignorando nuestra solicitud expresa de audiencia por escrito. Tenemos claro que un gobierno que no escucha, est\u00e1 destinando a fracasar. Porque estamos convencidos que incluso desde las diferencias podemos construir, pero para ello se necesitadisposici\u00f3n que se traduzca envoluntady posteriormente en acciones\u201d.<\/p>\n<p>Po \u00faltimo dijo que en el PAN defender\u00e1n el sentir de los ciudadanos que esperan un gobierno que ponga al centro de cada decisi\u00f3n a la Persona y que Veracruz espera de la oposici\u00f3n una representaci\u00f3n firme que no guarde silencio frente a un gobierno que le sigue debiendo a miles de familias y que no entiende el valor de los contrapesos en una democracia.<\/p>\n","protected":false},"excerpt":{"rendered":"<p>El Grupo Legislativo del PAN se\u00f1al\u00f3 al gobierno de Cuitl\u00e1huac Garc\u00eda Jim\u00e9nez, por la inacci\u00f3n para hacer frente a los problemas de Veracruz, que tienen a la entidad entre los primeros lugares de inseguridad, desabasto de medicamentos, subejercicio del dinero p\u00fablico y opacidad. El coordinador de los diputados panistas, Omar Miranda, dijo que en este [&hellip;]<\/p>\n","protected":false},"author":2,"featured_media":0,"comment_status":"open","ping_status":"open","sticky":false,"template":"","format":"standard","meta":{"_jetpack_newsletter_access":"","_jetpack_dont_email_post_to_subs":false,"_jetpack_newsletter_tier_id":0,"_jetpack_memberships_contains_paywalled_content":false,"_jetpack_memberships_contains_paid_content":false,"footnotes":""},"categories":[73],"tags":[1563,2937,13413,15907,12807,90,177],"class_list":["post-51347","post","type-post","status-publish","format-standard","hentry","category-de-boleto","tag-cuitlahuac-garcia-jimenez","tag-dengue","tag-grupo-legislativo-del-pan","tag-ningun-chile-les-embona","tag-omar-miranda","tag-salud","tag-seguridad-publica"],"jetpack_featured_media_url":"","jetpack_sharing_enabled":true,"jetpack_shortlink":"https:\/\/wp.me\/p4Qcd3-dmb","_links":{"self":[{"href":"https:\/\/lospoliticosveracruz.com.mx\/index.php?rest_route=\/wp\/v2\/posts\/51347","targetHints":{"allow":["GET"]}}],"collection":[{"href":"https:\/\/lospoliticosveracruz.com.mx\/index.php?rest_route=\/wp\/v2\/posts"}],"about":[{"href":"https:\/\/lospoliticosveracruz.com.mx\/index.php?rest_route=\/wp\/v2\/types\/post"}],"author":[{"embeddable":true,"href":"https:\/\/lospoliticosveracruz.com.mx\/index.php?rest_route=\/wp\/v2\/users\/2"}],"replies":[{"embeddable":true,"href":"https:\/\/lospoliticosveracruz.com.mx\/index.php?rest_route=%2Fwp%2Fv2%2Fcomments&post=51347"}],"version-history":[{"count":1,"href":"https:\/\/lospoliticosveracruz.com.mx\/index.php?rest_route=\/wp\/v2\/posts\/51347\/revisions"}],"predecessor-version":[{"id":51349,"href":"https:\/\/lospoliticosveracruz.com.mx\/index.php?rest_route=\/wp\/v2\/posts\/51347\/revisions\/51349"}],"wp:attachment":[{"href":"https:\/\/lospoliticosveracruz.com.mx\/index.php?rest_route=%2Fwp%2Fv2%2Fmedia&parent=51347"}],"wp:term":[{"taxonomy":"category","embeddable":true,"href":"https:\/\/lospoliticosveracruz.com.mx\/index.php?rest_route=%2Fwp%2Fv2%2Fcategories&post=51347"},{"taxonomy":"post_tag","embeddable":true,"href":"https:\/\/lospoliticosveracruz.com.mx\/index.php?rest_route=%2Fwp%2Fv2%2Ftags&post=51347"}],"curies":[{"name":"wp","href":"https:\/\/api.w.org\/{rel}","templated":true}]}}