{"id":51516,"date":"2019-12-18T23:00:08","date_gmt":"2019-12-19T05:00:08","guid":{"rendered":"http:\/\/www.lospoliticosveracruz.com.mx\/?p=51516"},"modified":"2019-12-18T16:21:04","modified_gmt":"2019-12-18T22:21:04","slug":"cristina-y-kristel-correccion-y-violencia","status":"publish","type":"post","link":"https:\/\/lospoliticosveracruz.com.mx\/?p=51516","title":{"rendered":"Cristina y Kristel: Correcci\u00f3n y violencia"},"content":{"rendered":"<p><strong>Salvador Mu\u00f1oz<\/strong><\/p>\n<p><em>Los Pol\u00edticos<\/em><\/p>\n<p><span style=\"font-weight: 400;\">Cuando fum\u00e9 mi primer cigarro, creo que ten\u00eda como 8 a\u00f1os. Entre algunos primos y yo, sustrajimos un paquete de cajetillas de un mueble de la T\u00eda Queta. Cual chacuacos, fumamos cigarro tras cigarro hasta que lleg\u00f3 Pepe, un vecino, quien nos pidi\u00f3 un tabaco para acompa\u00f1arnos a fumar\u2026 no s\u00e9 qui\u00e9n fue, pero s\u00ed recuerdo la respuesta que se le dio: \u201cNo, est\u00e1s muy chico para fumar\u201d, lo que vali\u00f3 para que nos delatara\u2026 llegaron las madres, hermanas y t\u00edas de cada quien, y nos agarraron en flagrancia\u2026 \u00a1o m\u00e1s bien a madrazos! \u00a1volaron los rega\u00f1os y las nalgadas! algo habitual en nuestra infantil mente porque al final sab\u00edamos que nos hab\u00edamos \u201cportado mal\u201d y de cierto modo, entend\u00edamos que era merecido el castigo.<\/span><\/p>\n<p><span style=\"font-weight: 400;\">Muy diferente mi travesura a esa historia que ya alguna vez platiqu\u00e9 ac\u00e1, cuando me toc\u00f3 sacar a un ni\u00f1o \u201cabandonado\u201d en su casa, sucio, descuidado, y con claras huellas de golpes en su espalda, brazos y piernas hechas por un cable\u2026 cuando le pregunt\u00e9 al ni\u00f1o de aproximados cuatro a\u00f1os el porqu\u00e9 le pegaba su madre, \u00e9l respond\u00eda \u201cporque se hab\u00eda portado mal\u201d, aunque sab\u00edamos que detr\u00e1s de esas palabras, hab\u00eda una madre soltera, en un trabajo complicado, con una situaci\u00f3n complicada, y que posiblemente todo ello hiciera catarsis \u201ccorrigiendo\u201d a un peque\u00f1o con golpes extremadamente violentos estampados en cicatrices en varias partes de su cuerpo.<\/span><\/p>\n<p><span style=\"font-weight: 400;\">Cuento esto, porque la diputada Cristina Alarc\u00f3n present\u00f3 algunas ideas en aras de eliminar las \u201ccorrecciones disciplinarias violentas\u201d en ni\u00f1os y adolescentes, entendiendo esto como actitudes crueles y degradantes que causan al infante dolor, zozobra, denigraci\u00f3n o humillaci\u00f3n y que atenten contra su integridad.<\/span><\/p>\n<p><span style=\"font-weight: 400;\">En una parte de su discurso, dice: \u201cPuede causar mucho ruido la presente iniciativa, pues se puede pensar que estamos haciendo futuros ciudadanos irresponsables. La respuesta es que No, pues en los conceptos de Crianza Efectiva y, adem\u00e1s de que en los transitorios se indica a las autoridades estatales y municipales que contar\u00e1n con noventa d\u00edas a partir de la entrada en vigor del presente Decreto para desarrollar e implementar los programas y campa\u00f1as integrales\u201d&#8230; enfocadas, claro, a la familia\u2026<\/span><\/p>\n<p><span style=\"font-weight: 400;\">Si bien la intenci\u00f3n de la diputada es totalmente buena, como bien dice ella, genera ruido\u2026 porque muy independiente de la intencionalidad de las campa\u00f1as que pudiera haber en los gobiernos estatal y municipal, la prioridad debe ser detectar los casos de violencia infantil y atenderlos y entenderlos, porque para muchos padres y madres (principalmente ellas, sin intenci\u00f3n de satanizar, sino acercarnos a la realidad: la mayor parte de ellas, cr\u00eda, educa, mantiene), el \u201ccorregir\u201d a su hijo, insisto, est\u00e1 sujeto a una serie de factores a veces ajenos a una mala conducta del menor, alguna travesura o \u201cdesobediencia\u201d a sus adultos\u2026<\/span><\/p>\n<p><span style=\"font-weight: 400;\">Recuerdo dos casos, no tan recientes, pero de este siglo, donde una madre castigaba a su hijo sent\u00e1ndolo en un hormiguero\u2026 o el de la otra madre que para que no anduviera de la Ceca a la Meca su hijo, le quem\u00f3 los pies\u2026<\/span><\/p>\n<p><span style=\"font-weight: 400;\">No hace mucho, si no mal recuerdo, se modific\u00f3 la Ley, a iniciativa de la diputada Kristel Hern\u00e1ndez, para que los maestros que supieran que alguno de sus alumnos sufriera maltrato infantil, \u201chacerlo del conocimiento de la Procuradur\u00eda de Protecci\u00f3n de Ni\u00f1as, Ni\u00f1os y Adolescentes, de conformidad en el protocolo de actuaci\u00f3n de la Secretar\u00eda de Educaci\u00f3n\u201d. Del mismo modo, al notar la prolongada o reiterada ausencia de un estudiante, \u201cdeber\u00e1 notificarlo, con la finalidad de descartar o detectar posibles situaciones de maltrato infantil\u201d.<\/span><\/p>\n<p><span style=\"font-weight: 400;\">Si bien, las intenciones de ambas diputadas, Cristina y Kristel, son buenas, el asunto es saber qu\u00e9 tan efectiva es la Ley en su aplicaci\u00f3n, porque si no, entonces, seguiremos lamentando que nuestras Leyes sean Letra Muerta y en nuestros ni\u00f1os, la Letra, con sangre entra a la hora de la disciplina.\u00a0<\/span><\/p>\n<p>&nbsp;<\/p>\n<p><b>\u00a1Cu\u00e1l sorpresa, con Cuic!<\/b><\/p>\n<p><span style=\"font-weight: 400;\">No entiendo\u2026 \u00bfcu\u00e1l es la sorpresa de que Cuitl\u00e1huac Garc\u00eda Jim\u00e9nez sea nombrado Presidente de la Comisi\u00f3n de la Prevenci\u00f3n del Delito y Participaci\u00f3n Ciudadana del Consejo Nacional de Seguridad P\u00fablica?<\/span><\/p>\n<p><span style=\"font-weight: 400;\">\u00bfA qui\u00e9n creen que nombrar\u00edan para ser presidente de la Comisi\u00f3n de la Epidemia del Dengue en el pa\u00eds? \u00a1Claro que a Roberto Ramos Alor!<\/span><\/p>\n<p><span style=\"font-weight: 400;\">\u00bfO en la titularidad de la Comisi\u00f3n de las Botanas y los Chescos? \u00a1Exacto! A X\u00f3chitl Arbes\u00fa Lago junto con Zenyazen Escobar\u2026<\/span><\/p>\n<p><span style=\"font-weight: 400;\">Entonces, siendo nuestra entidad uno de los estados con primeros lugares en feminicidios, donde la carretera Puebla-Veracruz es la m\u00e1s peligrosa del pa\u00eds; donde es habitual que te quemen el negocio por el \u201ccobro de piso\u201d; donde se arrojan cuerpos de personas desmembradas en cualquier punto de nuestras calles\u2026 \u00bfen serio les sorprende el nombramiento de Cuitl\u00e1huac? \u00a1Vamos! Hay que darle el beneficio de la duda y confiar en que a un a\u00f1o de Gobierno, haya \u201cagarrado\u201d experiencia para sobrevivir en un estado violento\u2026 \u00a1Cu\u00e1l sorpresa!<\/span><\/p>\n<p>&nbsp;<\/p>\n<p><span style=\"font-weight: 400;\">smcainito@gmail.com<\/span><\/p>\n","protected":false},"excerpt":{"rendered":"<p>Salvador Mu\u00f1oz Los Pol\u00edticos Cuando fum\u00e9 mi primer cigarro, creo que ten\u00eda como 8 a\u00f1os. Entre algunos primos y yo, sustrajimos un paquete de cajetillas de un mueble de la T\u00eda Queta. Cual chacuacos, fumamos cigarro tras cigarro hasta que lleg\u00f3 Pepe, un vecino, quien nos pidi\u00f3 un tabaco para acompa\u00f1arnos a fumar\u2026 no s\u00e9 [&hellip;]<\/p>\n","protected":false},"author":2,"featured_media":51517,"comment_status":"open","ping_status":"open","sticky":false,"template":"","format":"standard","meta":{"_jetpack_newsletter_access":"","_jetpack_dont_email_post_to_subs":false,"_jetpack_newsletter_tier_id":0,"_jetpack_memberships_contains_paywalled_content":false,"_jetpack_memberships_contains_paid_content":false,"footnotes":""},"categories":[70],"tags":[15962,15963,15961,11711,15964,2646,1752],"class_list":["post-51516","post","type-post","status-publish","format-standard","has-post-thumbnail","hentry","category-de-opinion","tag-correcciones-disciplinarias-violentas","tag-crianza-efectiva","tag-cristina-alarcon","tag-ninos-y-adolescentes","tag-procuraduria-de-proteccion-de-ninas","tag-salvador-munoz","tag-secretaria-de-educacion"],"jetpack_featured_media_url":"https:\/\/lospoliticosveracruz.com.mx\/wp-content\/uploads\/2019\/12\/Cristina-y-Kristel.jpg","jetpack_sharing_enabled":true,"jetpack_shortlink":"https:\/\/wp.me\/p4Qcd3-doU","_links":{"self":[{"href":"https:\/\/lospoliticosveracruz.com.mx\/index.php?rest_route=\/wp\/v2\/posts\/51516","targetHints":{"allow":["GET"]}}],"collection":[{"href":"https:\/\/lospoliticosveracruz.com.mx\/index.php?rest_route=\/wp\/v2\/posts"}],"about":[{"href":"https:\/\/lospoliticosveracruz.com.mx\/index.php?rest_route=\/wp\/v2\/types\/post"}],"author":[{"embeddable":true,"href":"https:\/\/lospoliticosveracruz.com.mx\/index.php?rest_route=\/wp\/v2\/users\/2"}],"replies":[{"embeddable":true,"href":"https:\/\/lospoliticosveracruz.com.mx\/index.php?rest_route=%2Fwp%2Fv2%2Fcomments&post=51516"}],"version-history":[{"count":1,"href":"https:\/\/lospoliticosveracruz.com.mx\/index.php?rest_route=\/wp\/v2\/posts\/51516\/revisions"}],"predecessor-version":[{"id":51518,"href":"https:\/\/lospoliticosveracruz.com.mx\/index.php?rest_route=\/wp\/v2\/posts\/51516\/revisions\/51518"}],"wp:featuredmedia":[{"embeddable":true,"href":"https:\/\/lospoliticosveracruz.com.mx\/index.php?rest_route=\/wp\/v2\/media\/51517"}],"wp:attachment":[{"href":"https:\/\/lospoliticosveracruz.com.mx\/index.php?rest_route=%2Fwp%2Fv2%2Fmedia&parent=51516"}],"wp:term":[{"taxonomy":"category","embeddable":true,"href":"https:\/\/lospoliticosveracruz.com.mx\/index.php?rest_route=%2Fwp%2Fv2%2Fcategories&post=51516"},{"taxonomy":"post_tag","embeddable":true,"href":"https:\/\/lospoliticosveracruz.com.mx\/index.php?rest_route=%2Fwp%2Fv2%2Ftags&post=51516"}],"curies":[{"name":"wp","href":"https:\/\/api.w.org\/{rel}","templated":true}]}}