{"id":51537,"date":"2019-12-20T08:18:43","date_gmt":"2019-12-20T14:18:43","guid":{"rendered":"http:\/\/www.lospoliticosveracruz.com.mx\/?p=51537"},"modified":"2019-12-20T08:18:43","modified_gmt":"2019-12-20T14:18:43","slug":"presupuesto-2020","status":"publish","type":"post","link":"https:\/\/lospoliticosveracruz.com.mx\/?p=51537","title":{"rendered":"Presupuesto 2020"},"content":{"rendered":"<p><strong>Enrique Yasser Pompeyo<\/strong><\/p>\n<p><em>Mesa de Redacci\u00f3n<\/em><\/p>\n<p>Este viernes en el Congreso del Estado ser\u00e1 votado el Proyecto de Presupuesto 2020 de Veracruz y de acuerdo con datos preliminares se observan discrepancias.<\/p>\n<p>En un informe denominado &#8216;Proyecto de Presupuesto de Mentiras&#8217;, el presidente del CDE del PRI en la entidad, Marlon Ram\u00edrez Mar\u00edn indica que mientras se aumentan recursos en \u00e1reas que no parecieran relevantes, se disminuyen en seguridad, salud, educaci\u00f3n y \u00f3rganos aut\u00f3nomos como la UV y el OPLE en a\u00f1o electoral.<\/p>\n<p>Un rubro en el que desconcierta la disminuci\u00f3n de recursos es el de Servicios Personales, pues de 51,111.6 millones de pesos en 2019, bajar\u00edan a 49,187.2 millones de pesos en 2020,\u00a0 lo que se traducir\u00eda, plantea el priista, en despido de personal o reducci\u00f3n de salarios.<\/p>\n<p>Otro dato preocupante: el presupuesto para pago de pensiones se reducir\u00eda de 3,129.9 millones de pesos en 2019 a 2,812.1 millones de pesos.<\/p>\n<p>En inversi\u00f3n p\u00fablica habr\u00eda una disminuci\u00f3n de 142.7 millones de pesos, lo que se traduce en menos recursos para obra p\u00fablica.<\/p>\n<p>La deuda p\u00fablica aumentar\u00eda de 4,740.3 millones de pesos en 2019 a 7,638.3 millones de pesos en 2020, y se plantea una disminuci\u00f3n en el presupuesto para organismos aut\u00f3nomos de 12,736 millones de pesos en 2019 a 11,023 millones de pesos en para el 2020.<\/p>\n<p>Llama la atenci\u00f3n que para Comunicaci\u00f3n Social habr\u00eda un aumento de 31, 605.21 millones de pesos en 2019 a 282, 577.1 millones de pesos en 2020, es decir, hay un incremento de 251 millones de pesos que significa un 894.3 por ciento m\u00e1s.<\/p>\n<p>En Desarrollo Social, hay una disminuci\u00f3n de 432,952.8 millones de pesos de 2019 a 350,589.6 en 2020; sin embargo, Marlon Ram\u00edrez indica que resulta extra\u00f1o que a menor presupuesto haya un aumento de 469 plazas autorizadas en 2019 a 1445 plazas en 2020.<\/p>\n<p>Como se observa, se incrementar\u00eda la burocracia y se tendr\u00edan menos recursos para \u00e1reas prioritarias.<\/p>\n<p>Con ese proyecto de presupuesto se advierte el riesgo que implicar\u00e1 dejar de comprar medicamentos, hacer carreteras, hospitales, mejorar la seguridad, etc\u00e9tera.<\/p>\n<p>Pero tambi\u00e9n est\u00e1 latente el uso discrecional de recursos para programas sociales con fines electoreros.<\/p>\n<p>Ya se ver\u00e1 este viernes los posicionamientos de los diputados y el resultado final de los recursos a ejercer en 2020, previo a las elecciones de 2021.<\/p>\n<p>enriquepompeyo@hotmail.com<\/p>\n","protected":false},"excerpt":{"rendered":"<p>Enrique Yasser Pompeyo Mesa de Redacci\u00f3n Este viernes en el Congreso del Estado ser\u00e1 votado el Proyecto de Presupuesto 2020 de Veracruz y de acuerdo con datos preliminares se observan discrepancias. En un informe denominado &#8216;Proyecto de Presupuesto de Mentiras&#8217;, el presidente del CDE del PRI en la entidad, Marlon Ram\u00edrez Mar\u00edn indica que mientras [&hellip;]<\/p>\n","protected":false},"author":2,"featured_media":51538,"comment_status":"open","ping_status":"open","sticky":false,"template":"","format":"standard","meta":{"_jetpack_newsletter_access":"","_jetpack_dont_email_post_to_subs":false,"_jetpack_newsletter_tier_id":0,"_jetpack_memberships_contains_paywalled_content":false,"_jetpack_memberships_contains_paid_content":false,"footnotes":""},"categories":[70],"tags":[3914,933,331,1030,2908,3272,11155,15973,15974,90,360,172,195],"class_list":["post-51537","post","type-post","status-publish","format-standard","has-post-thumbnail","hentry","category-de-opinion","tag-cde-del-pri","tag-comunicacion-social","tag-congreso-del-estado","tag-educacion","tag-marlon-ramirez-marin","tag-ople","tag-organos-autonomos","tag-proyecto-de-presupuesto-2020","tag-proyecto-de-presupuesto-de-mentiras","tag-salud","tag-seguridad","tag-uv","tag-veracruz"],"jetpack_featured_media_url":"https:\/\/lospoliticosveracruz.com.mx\/wp-content\/uploads\/2019\/12\/Presupuesto-de-Mentiras.jpeg","jetpack_sharing_enabled":true,"jetpack_shortlink":"https:\/\/wp.me\/p4Qcd3-dpf","_links":{"self":[{"href":"https:\/\/lospoliticosveracruz.com.mx\/index.php?rest_route=\/wp\/v2\/posts\/51537","targetHints":{"allow":["GET"]}}],"collection":[{"href":"https:\/\/lospoliticosveracruz.com.mx\/index.php?rest_route=\/wp\/v2\/posts"}],"about":[{"href":"https:\/\/lospoliticosveracruz.com.mx\/index.php?rest_route=\/wp\/v2\/types\/post"}],"author":[{"embeddable":true,"href":"https:\/\/lospoliticosveracruz.com.mx\/index.php?rest_route=\/wp\/v2\/users\/2"}],"replies":[{"embeddable":true,"href":"https:\/\/lospoliticosveracruz.com.mx\/index.php?rest_route=%2Fwp%2Fv2%2Fcomments&post=51537"}],"version-history":[{"count":1,"href":"https:\/\/lospoliticosveracruz.com.mx\/index.php?rest_route=\/wp\/v2\/posts\/51537\/revisions"}],"predecessor-version":[{"id":51539,"href":"https:\/\/lospoliticosveracruz.com.mx\/index.php?rest_route=\/wp\/v2\/posts\/51537\/revisions\/51539"}],"wp:featuredmedia":[{"embeddable":true,"href":"https:\/\/lospoliticosveracruz.com.mx\/index.php?rest_route=\/wp\/v2\/media\/51538"}],"wp:attachment":[{"href":"https:\/\/lospoliticosveracruz.com.mx\/index.php?rest_route=%2Fwp%2Fv2%2Fmedia&parent=51537"}],"wp:term":[{"taxonomy":"category","embeddable":true,"href":"https:\/\/lospoliticosveracruz.com.mx\/index.php?rest_route=%2Fwp%2Fv2%2Fcategories&post=51537"},{"taxonomy":"post_tag","embeddable":true,"href":"https:\/\/lospoliticosveracruz.com.mx\/index.php?rest_route=%2Fwp%2Fv2%2Ftags&post=51537"}],"curies":[{"name":"wp","href":"https:\/\/api.w.org\/{rel}","templated":true}]}}